{"id":10281,"date":"2023-11-29T01:17:24","date_gmt":"2023-11-29T01:17:24","guid":{"rendered":"https:\/\/laverdadpublica.com\/?p=10281"},"modified":"2023-11-30T01:29:23","modified_gmt":"2023-11-30T01:29:23","slug":"observatorio-de-medios-digitales-dominicanos-realiza-con-exito-premio-nacional-de-periodismo-digital-2023-en-el-teatro-nacional","status":"publish","type":"post","link":"https:\/\/laverdadpublica.com\/index.php\/2023\/11\/29\/observatorio-de-medios-digitales-dominicanos-realiza-con-exito-premio-nacional-de-periodismo-digital-2023-en-el-teatro-nacional\/","title":{"rendered":"Observatorio de Medios Digitales Dominicanos realiza con \u00e9xito Premio Nacional de Periodismo Digital 2023 en el Teatro Nacional"},"content":{"rendered":"<p style=\"text-align: justify;\"><img decoding=\"async\" class=\"size-medium wp-image-10283 alignleft lazyload\" data-src=\"https:\/\/laverdadpublica.com\/wp-content\/uploads\/2023\/11\/WhatsApp-Image-2023-11-29-at-21.02.03-300x200.jpeg\" alt=\"\" width=\"300\" height=\"200\" data-srcset=\"https:\/\/laverdadpublica.com\/wp-content\/uploads\/2023\/11\/WhatsApp-Image-2023-11-29-at-21.02.03-300x200.jpeg 300w, https:\/\/laverdadpublica.com\/wp-content\/uploads\/2023\/11\/WhatsApp-Image-2023-11-29-at-21.02.03-1024x683.jpeg 1024w, https:\/\/laverdadpublica.com\/wp-content\/uploads\/2023\/11\/WhatsApp-Image-2023-11-29-at-21.02.03-768x512.jpeg 768w, https:\/\/laverdadpublica.com\/wp-content\/uploads\/2023\/11\/WhatsApp-Image-2023-11-29-at-21.02.03-1536x1024.jpeg 1536w, https:\/\/laverdadpublica.com\/wp-content\/uploads\/2023\/11\/WhatsApp-Image-2023-11-29-at-21.02.03-2048x1365.jpeg 2048w\" data-sizes=\"(max-width: 300px) 100vw, 300px\" src=\"data:image\/svg+xml;base64,PHN2ZyB3aWR0aD0iMSIgaGVpZ2h0PSIxIiB4bWxucz0iaHR0cDovL3d3dy53My5vcmcvMjAwMC9zdmciPjwvc3ZnPg==\" style=\"--smush-placeholder-width: 300px; --smush-placeholder-aspect-ratio: 300\/200;\" \/>El Observatorio de Medios Digitales Dominicanos realiz\u00f3 con \u00e9xito este martes la sexta entrega de la ceremonia del Premio Nacional de Periodismo Digital.<\/p>\n<p style=\"text-align: justify;\">El evento fue realizado en la sala A\u00edda Bonnelly del Teatro Nacional con la asistencia de cientos de comunicadores, periodistas y due\u00f1os de medios digitales de todo el pa\u00eds, quienes se dieron cita para enaltecer lo mejor del periodismo digital dominicano.<\/p>\n<p style=\"text-align: justify;\">Este a\u00f1o, adem\u00e1s de las 22 categor\u00edas comprendidas en la premiaci\u00f3n, fue entregado un reconocimiento especial a la periodista y empresaria Cosette Bonnelly, por sus aportes al periodismo digital. Mientras que el Gran Premio Nacional de Periodismo Digital, m\u00e1ximo galard\u00f3n de esta iniciativa, le fue otorgado al veterano periodista Jos\u00e9 Rafael Sosa, referente de periodismo \u00e9tico y responsable.<img decoding=\"async\" class=\"size-medium wp-image-10285 alignright lazyload\" data-src=\"https:\/\/laverdadpublica.com\/wp-content\/uploads\/2023\/11\/WhatsApp-Image-2023-11-29-at-21.02.02-300x200.jpeg\" alt=\"\" width=\"300\" height=\"200\" data-srcset=\"https:\/\/laverdadpublica.com\/wp-content\/uploads\/2023\/11\/WhatsApp-Image-2023-11-29-at-21.02.02-300x200.jpeg 300w, https:\/\/laverdadpublica.com\/wp-content\/uploads\/2023\/11\/WhatsApp-Image-2023-11-29-at-21.02.02-1024x683.jpeg 1024w, https:\/\/laverdadpublica.com\/wp-content\/uploads\/2023\/11\/WhatsApp-Image-2023-11-29-at-21.02.02-768x512.jpeg 768w, https:\/\/laverdadpublica.com\/wp-content\/uploads\/2023\/11\/WhatsApp-Image-2023-11-29-at-21.02.02-1536x1024.jpeg 1536w, https:\/\/laverdadpublica.com\/wp-content\/uploads\/2023\/11\/WhatsApp-Image-2023-11-29-at-21.02.02-2048x1365.jpeg 2048w\" data-sizes=\"(max-width: 300px) 100vw, 300px\" src=\"data:image\/svg+xml;base64,PHN2ZyB3aWR0aD0iMSIgaGVpZ2h0PSIxIiB4bWxucz0iaHR0cDovL3d3dy53My5vcmcvMjAwMC9zdmciPjwvc3ZnPg==\" style=\"--smush-placeholder-width: 300px; --smush-placeholder-aspect-ratio: 300\/200;\" \/><\/p>\n<p style=\"text-align: justify;\">Las estatuillas de esta entrega fueron confeccionadas por la prestigiosa empresa Grabo Estilo, con un moderno dise\u00f1o escogido por su propietaria do\u00f1a Sulin Lantigua.<\/p>\n<p style=\"text-align: justify;\">La realizaci\u00f3n de la premiaci\u00f3n fue posible gracias al respaldo del Banco Popular, el Consorcio Energ\u00e9tico Punta Cana-Macao, Aerom\u00e9xico, Aden <img decoding=\"async\" class=\"size-medium wp-image-10286 alignleft lazyload\" data-src=\"https:\/\/laverdadpublica.com\/wp-content\/uploads\/2023\/11\/WhatsApp-Image-2023-11-29-at-19.46.33-1-300x200.jpeg\" alt=\"\" width=\"300\" height=\"200\" data-srcset=\"https:\/\/laverdadpublica.com\/wp-content\/uploads\/2023\/11\/WhatsApp-Image-2023-11-29-at-19.46.33-1-300x200.jpeg 300w, https:\/\/laverdadpublica.com\/wp-content\/uploads\/2023\/11\/WhatsApp-Image-2023-11-29-at-19.46.33-1-1024x683.jpeg 1024w, https:\/\/laverdadpublica.com\/wp-content\/uploads\/2023\/11\/WhatsApp-Image-2023-11-29-at-19.46.33-1-768x512.jpeg 768w, https:\/\/laverdadpublica.com\/wp-content\/uploads\/2023\/11\/WhatsApp-Image-2023-11-29-at-19.46.33-1-1536x1024.jpeg 1536w, https:\/\/laverdadpublica.com\/wp-content\/uploads\/2023\/11\/WhatsApp-Image-2023-11-29-at-19.46.33-1-2048x1365.jpeg 2048w\" data-sizes=\"(max-width: 300px) 100vw, 300px\" src=\"data:image\/svg+xml;base64,PHN2ZyB3aWR0aD0iMSIgaGVpZ2h0PSIxIiB4bWxucz0iaHR0cDovL3d3dy53My5vcmcvMjAwMC9zdmciPjwvc3ZnPg==\" style=\"--smush-placeholder-width: 300px; --smush-placeholder-aspect-ratio: 300\/200;\" \/>Business School, el Instituto Dominicano de Arte y Dise\u00f1o (IDAD), Carrefour, Aerom\u00e9xico, la Direcci\u00f3n de Proyectos Especiales de la Presidencia , Yo Smart y la empresa Cristal Acevedo Consultora de Comunicaci\u00f3n.<\/p>\n<p style=\"text-align: justify;\">A continuaci\u00f3n la lista de ganadores del Premio Nacional de Periodismo Digital 2023.<\/p>\n<p style=\"text-align: justify;\">1. Periodista digital del a\u00f1o:<strong> Joel Sard\u00e1 de elnuevodiario.com.do<\/strong><\/p>\n<p style=\"text-align: justify;\">2. Mejor peri\u00f3dico nativo digital: <strong>robertocavada.com<\/strong><\/p>\n<p style=\"text-align: justify;\">3. Mejor reportaje en digital:<strong> \u201cArrecifes de coral: bosques marinos bajo amenaza\u201d, escrito por Massiel de Jes\u00fas Acosta de eldinero.com.do.<\/strong><\/p>\n<p style=\"text-align: justify;\">4. Mejor proyecto de innovaci\u00f3n en medios digitales:<strong>Editorial en voz del listindiario.com.do<\/strong><\/p>\n<p style=\"text-align: justify;\">5. Mejor programa de medios digitales: <strong>Con la<\/strong> <strong>Doctora Controversia de elnuevodiario.com.do<img decoding=\"async\" class=\"size-medium wp-image-10287 alignleft lazyload\" data-src=\"https:\/\/laverdadpublica.com\/wp-content\/uploads\/2023\/11\/WhatsApp-Image-2023-11-29-at-21.02.02-1-200x300.jpeg\" alt=\"\" width=\"200\" height=\"300\" data-srcset=\"https:\/\/laverdadpublica.com\/wp-content\/uploads\/2023\/11\/WhatsApp-Image-2023-11-29-at-21.02.02-1-200x300.jpeg 200w, https:\/\/laverdadpublica.com\/wp-content\/uploads\/2023\/11\/WhatsApp-Image-2023-11-29-at-21.02.02-1-683x1024.jpeg 683w, https:\/\/laverdadpublica.com\/wp-content\/uploads\/2023\/11\/WhatsApp-Image-2023-11-29-at-21.02.02-1-768x1152.jpeg 768w, https:\/\/laverdadpublica.com\/wp-content\/uploads\/2023\/11\/WhatsApp-Image-2023-11-29-at-21.02.02-1-1024x1536.jpeg 1024w, https:\/\/laverdadpublica.com\/wp-content\/uploads\/2023\/11\/WhatsApp-Image-2023-11-29-at-21.02.02-1-1365x2048.jpeg 1365w, https:\/\/laverdadpublica.com\/wp-content\/uploads\/2023\/11\/WhatsApp-Image-2023-11-29-at-21.02.02-1-scaled.jpeg 1707w\" data-sizes=\"(max-width: 200px) 100vw, 200px\" src=\"data:image\/svg+xml;base64,PHN2ZyB3aWR0aD0iMSIgaGVpZ2h0PSIxIiB4bWxucz0iaHR0cDovL3d3dy53My5vcmcvMjAwMC9zdmciPjwvc3ZnPg==\" style=\"--smush-placeholder-width: 200px; --smush-placeholder-aspect-ratio: 200\/300;\" \/><\/strong><\/p>\n<p style=\"text-align: justify;\">6. Mejor versi\u00f3n digital de un medio impreso: <strong>El nuevo diario<\/strong><\/p>\n<p style=\"text-align: justify;\">7. Mejor peri\u00f3dico digital de salud<strong>: diariodesalud.do<\/strong><\/p>\n<p style=\"text-align: justify;\">8. Mejor peri\u00f3dico digital de deportes:<strong> impactodeportivord.com<\/strong><\/p>\n<p style=\"text-align: justify;\">9. Mejor peri\u00f3dico digital de espect\u00e1culos: <strong>herrerafarandula.net<\/strong><\/p>\n<p style=\"text-align: justify;\">10. Mejor peri\u00f3dico digital de turismo<strong>: recorriendoconsalvador.com<\/strong><\/p>\n<p style=\"text-align: justify;\">11. Mejor peri\u00f3dico digital de sociales: <strong>revestida.com<\/strong><\/p>\n<p style=\"text-align: justify;\">12. Mejor peri\u00f3dico digital de econom\u00eda: <strong>eldinero.com.do<\/strong><\/p>\n<p style=\"text-align: justify;\">13. Mejor peri\u00f3dico digital del Sur: <strong>elfarodelsur.com<\/strong><\/p>\n<p style=\"text-align: justify;\">14. Mejor peri\u00f3dico digital del Cibao:<strong>caobadigital.com<\/strong><\/p>\n<p style=\"text-align: justify;\">15. Mejor peri\u00f3dico digital del Este:<strong>viphatomayor.com<\/strong><\/p>\n<p style=\"text-align: justify;\"><img decoding=\"async\" class=\"size-medium wp-image-10288 alignleft lazyload\" data-src=\"https:\/\/laverdadpublica.com\/wp-content\/uploads\/2023\/11\/WhatsApp-Image-2023-11-29-at-20.19.06-225x300.jpeg\" alt=\"\" width=\"225\" height=\"300\" data-srcset=\"https:\/\/laverdadpublica.com\/wp-content\/uploads\/2023\/11\/WhatsApp-Image-2023-11-29-at-20.19.06-225x300.jpeg 225w, https:\/\/laverdadpublica.com\/wp-content\/uploads\/2023\/11\/WhatsApp-Image-2023-11-29-at-20.19.06-768x1024.jpeg 768w, https:\/\/laverdadpublica.com\/wp-content\/uploads\/2023\/11\/WhatsApp-Image-2023-11-29-at-20.19.06-450x600.jpeg 450w, https:\/\/laverdadpublica.com\/wp-content\/uploads\/2023\/11\/WhatsApp-Image-2023-11-29-at-20.19.06.jpeg 960w\" data-sizes=\"(max-width: 225px) 100vw, 225px\" src=\"data:image\/svg+xml;base64,PHN2ZyB3aWR0aD0iMSIgaGVpZ2h0PSIxIiB4bWxucz0iaHR0cDovL3d3dy53My5vcmcvMjAwMC9zdmciPjwvc3ZnPg==\" style=\"--smush-placeholder-width: 225px; --smush-placeholder-aspect-ratio: 225\/300;\" \/>16. Mejor peri\u00f3dico digital de Santo Domingo Norte: <strong>periodicoelsol.com<\/strong><\/p>\n<p style=\"text-align: justify;\">17. Mejor peri\u00f3dico digital de Santo Domingo Oeste: <strong>portadaoeste.com<\/strong><\/p>\n<p style=\"text-align: justify;\">18. Mejor peri\u00f3dico digital de Santo Domingo Este: <strong>atento.com.do<\/strong><\/p>\n<p style=\"text-align: justify;\">19. Mejor periodista en redes sociales: <strong>Roberto Cavada<\/strong><\/p>\n<p style=\"text-align: justify;\">20. Mejor nuevo medio digital:<strong>gacetadenoticias.com.do<\/strong><\/p>\n<p style=\"text-align: justify;\">21. Mejor contenido difundido en digital:<strong>\u201cTe lo explico\u201d de la periodista Nairobi Viloria<\/strong><\/p>\n<p style=\"text-align: justify;\">22. Mejor dise\u00f1o Web de un medio digital:<strong>deultimominuto.net<\/strong><\/p>\n<p>&nbsp;<\/p>\n<p style=\"text-align: justify;\">Fuente: Dir. Comunicaciones Observatorio de Medios Digitales Dominicanos<\/p>\n","protected":false},"excerpt":{"rendered":"<p>El Observatorio de Medios Digitales Dominicanos realiz\u00f3 con \u00e9xito este martes la sexta entrega de<\/p>\n","protected":false},"author":4,"featured_media":0,"comment_status":"open","ping_status":"open","sticky":false,"template":"","format":"standard","meta":{"footnotes":""},"categories":[7],"tags":[],"class_list":["post-10281","post","type-post","status-publish","format-standard","hentry","category-nacionales"],"_links":{"self":[{"href":"https:\/\/laverdadpublica.com\/index.php\/wp-json\/wp\/v2\/posts\/10281","targetHints":{"allow":["GET"]}}],"collection":[{"href":"https:\/\/laverdadpublica.com\/index.php\/wp-json\/wp\/v2\/posts"}],"about":[{"href":"https:\/\/laverdadpublica.com\/index.php\/wp-json\/wp\/v2\/types\/post"}],"author":[{"embeddable":true,"href":"https:\/\/laverdadpublica.com\/index.php\/wp-json\/wp\/v2\/users\/4"}],"replies":[{"embeddable":true,"href":"https:\/\/laverdadpublica.com\/index.php\/wp-json\/wp\/v2\/comments?post=10281"}],"version-history":[{"count":3,"href":"https:\/\/laverdadpublica.com\/index.php\/wp-json\/wp\/v2\/posts\/10281\/revisions"}],"predecessor-version":[{"id":10289,"href":"https:\/\/laverdadpublica.com\/index.php\/wp-json\/wp\/v2\/posts\/10281\/revisions\/10289"}],"wp:attachment":[{"href":"https:\/\/laverdadpublica.com\/index.php\/wp-json\/wp\/v2\/media?parent=10281"}],"wp:term":[{"taxonomy":"category","embeddable":true,"href":"https:\/\/laverdadpublica.com\/index.php\/wp-json\/wp\/v2\/categories?post=10281"},{"taxonomy":"post_tag","embeddable":true,"href":"https:\/\/laverdadpublica.com\/index.php\/wp-json\/wp\/v2\/tags?post=10281"}],"curies":[{"name":"wp","href":"https:\/\/api.w.org\/{rel}","templated":true}]}}