{"id":11246,"date":"2023-12-31T15:25:38","date_gmt":"2023-12-31T15:25:38","guid":{"rendered":"https:\/\/laverdadpublica.com\/?p=11246"},"modified":"2024-01-02T15:28:51","modified_gmt":"2024-01-02T15:28:51","slug":"coe-reporta-59-accidentes-de-transito-y-7-personas-fallecidas-al-inicio-del-ano-nuevo","status":"publish","type":"post","link":"https:\/\/laverdadpublica.com\/index.php\/2023\/12\/31\/coe-reporta-59-accidentes-de-transito-y-7-personas-fallecidas-al-inicio-del-ano-nuevo\/","title":{"rendered":"COE reporta 59 accidentes de tr\u00e1nsito y 7 personas fallecidas al inicio del A\u00f1o Nuevo"},"content":{"rendered":"<header class=\"entry-header\"><\/header>\n<figure class=\"post-thumbnail\" style=\"text-align: justify;\"><img decoding=\"async\" class=\"post-thumbnail__img wp-post-image lazyload\" data-src=\"https:\/\/robertocavada.com\/wp-content\/uploads\/2024\/01\/WhatsApp-Image-2024-01-01-at-1.11.39-PM-770x540.jpeg\" alt=\"COE reporta 59 accidentes de tr\u00e1nsito y 7 personas fallecidas al inicio del A\u00f1o Nuevo\" width=\"770\" height=\"540\" src=\"data:image\/svg+xml;base64,PHN2ZyB3aWR0aD0iMSIgaGVpZ2h0PSIxIiB4bWxucz0iaHR0cDovL3d3dy53My5vcmcvMjAwMC9zdmciPjwvc3ZnPg==\" style=\"--smush-placeholder-width: 770px; --smush-placeholder-aspect-ratio: 770\/540;\" \/><\/figure>\n<div class=\"entry-content\">\n<div id=\"st-1\" class=\"sharethis-inline-share-buttons st-center st-lang-es st-has-labels st-inline-share-buttons st-animated\" style=\"text-align: justify;\">\n<div class=\"st-btn st-last st-remove-label\" data-network=\"whatsapp\">De acuerdo al bolet\u00edn n\u00famero 2 emitido por el Centro de Operaciones de Emergencias (COE) en el marco del <strong>Operativo de Navidad \u201cConciencia Por la Vida\u201d<\/strong>, el periodo comprendido desde las 6:00 am del pasado 31 de diciembre de 2023 hasta las 6:00 am del 1 de enero de 2024 registr\u00f3 un total de 59 accidentes de tr\u00e1nsito, con un saldo de siete (7) personas fallecidas.<\/div>\n<\/div>\n<div id=\"advads-d424e7aaaf8f2d76a6b90453e753f96f\" class=\"advads-d424e7aaaf8f2d76a6b90453e753f96f advads-content-first-paragraph\" style=\"text-align: justify;\">\n<div id=\"advads-2012388737\" class=\"advads-content-first-paragraph\">\n<div id=\"advads-1752531543\" data-advads-trackid=\"350252\" data-advads-trackbid=\"1\"><strong>De estos accidentes, 47 involucraron motocicletas, 5 veh\u00edculos livianos, 5 atropellamientos, 1 bicicleta y 1 veh\u00edculo pesado.<\/strong><\/div>\n<\/div>\n<\/div>\n<p style=\"text-align: justify;\">La incidencia de los fallecimientos se acent\u00faa con 2 de ellos ocurriendo dentro del dispositivo de seguridad vial y 5 fuera del mismo. Las motocicletas y los atropellamientos se posicionan como las principales causas de estas p\u00e9rdidas de vida.<\/p>\n<div id=\"advads-a893583194162540f8ecbebfa070b67d\" class=\"advads-a893583194162540f8ecbebfa070b67d advads-content-middle\" style=\"text-align: justify;\">\n<div id=\"advads-1740945790\" class=\"advads-content-middle\">\n<div id=\"advads-1210632272\" data-advads-trackid=\"356720\" data-advads-trackbid=\"1\"><strong>Adicionalmente, el informe destaca la atenci\u00f3n a 139 personas intoxicadas por alcohol, incluyendo 6 menores con edades comprendidas entre los 13 y 17 a\u00f1os. Asimismo, se han atendido 41 casos de intoxicaci\u00f3n alimentaria.<\/strong><\/div>\n<\/div>\n<\/div>\n<p style=\"text-align: justify;\">Las provincias m\u00e1s afectadas por estos sucesos son la provincia de Santo Domingo, Santiago, Distrito Nacional, San Crist\u00f3bal y Monse\u00f1or Nouel. Estos resultados resaltan la necesidad de reforzar las medidas de seguridad vial y concientizaci\u00f3n, as\u00ed como la importancia de la prevenci\u00f3n para evitar tragedias durante las festividades.<\/p>\n<p>Fuente: Prensa COE<\/p>\n<\/div>\n","protected":false},"excerpt":{"rendered":"<p>De acuerdo al bolet\u00edn n\u00famero 2 emitido por el Centro de Operaciones de Emergencias (COE)<\/p>\n","protected":false},"author":1,"featured_media":0,"comment_status":"open","ping_status":"open","sticky":false,"template":"","format":"standard","meta":{"footnotes":""},"categories":[7],"tags":[],"class_list":["post-11246","post","type-post","status-publish","format-standard","hentry","category-nacionales"],"_links":{"self":[{"href":"https:\/\/laverdadpublica.com\/index.php\/wp-json\/wp\/v2\/posts\/11246","targetHints":{"allow":["GET"]}}],"collection":[{"href":"https:\/\/laverdadpublica.com\/index.php\/wp-json\/wp\/v2\/posts"}],"about":[{"href":"https:\/\/laverdadpublica.com\/index.php\/wp-json\/wp\/v2\/types\/post"}],"author":[{"embeddable":true,"href":"https:\/\/laverdadpublica.com\/index.php\/wp-json\/wp\/v2\/users\/1"}],"replies":[{"embeddable":true,"href":"https:\/\/laverdadpublica.com\/index.php\/wp-json\/wp\/v2\/comments?post=11246"}],"version-history":[{"count":1,"href":"https:\/\/laverdadpublica.com\/index.php\/wp-json\/wp\/v2\/posts\/11246\/revisions"}],"predecessor-version":[{"id":11247,"href":"https:\/\/laverdadpublica.com\/index.php\/wp-json\/wp\/v2\/posts\/11246\/revisions\/11247"}],"wp:attachment":[{"href":"https:\/\/laverdadpublica.com\/index.php\/wp-json\/wp\/v2\/media?parent=11246"}],"wp:term":[{"taxonomy":"category","embeddable":true,"href":"https:\/\/laverdadpublica.com\/index.php\/wp-json\/wp\/v2\/categories?post=11246"},{"taxonomy":"post_tag","embeddable":true,"href":"https:\/\/laverdadpublica.com\/index.php\/wp-json\/wp\/v2\/tags?post=11246"}],"curies":[{"name":"wp","href":"https:\/\/api.w.org\/{rel}","templated":true}]}}