{"id":11608,"date":"2024-01-16T15:05:05","date_gmt":"2024-01-16T15:05:05","guid":{"rendered":"https:\/\/laverdadpublica.com\/?p=11608"},"modified":"2024-01-16T15:05:05","modified_gmt":"2024-01-16T15:05:05","slug":"digev-inicia-docencia-de-primer-periodo-academico-2024-con-mas-de-19-mil-nuevos-estudiantes-inscritos","status":"publish","type":"post","link":"https:\/\/laverdadpublica.com\/index.php\/2024\/01\/16\/digev-inicia-docencia-de-primer-periodo-academico-2024-con-mas-de-19-mil-nuevos-estudiantes-inscritos\/","title":{"rendered":"DIGEV inicia docencia de primer periodo acad\u00e9mico 2024 con m\u00e1s de 19 mil nuevos estudiantes inscritos"},"content":{"rendered":"<div class=\"separator\"><a href=\"https:\/\/blogger.googleusercontent.com\/img\/b\/R29vZ2xl\/AVvXsEiVCfxCqTQ6ujLj97Ap16_QcZj338364NuQVQy6aLyVSLxBKZNM-d4T9OGwxcG36-2bFy9Bc9VO_v0eTUiFwjyhsmxo3zJQLXFgeGkBuYuSP2tfGky4o1szMm04NFSNiOfRNDq1b0YSXZQssZ7YMhsFiTaljOMhKvudCETgjf3h_6BAy7l7oryaOIyqgV2B\/s1600\/IMG-20240115-WA0054.jpg\"><img decoding=\"async\" class=\"alignleft lazyload\" data-src=\"https:\/\/blogger.googleusercontent.com\/img\/b\/R29vZ2xl\/AVvXsEiVCfxCqTQ6ujLj97Ap16_QcZj338364NuQVQy6aLyVSLxBKZNM-d4T9OGwxcG36-2bFy9Bc9VO_v0eTUiFwjyhsmxo3zJQLXFgeGkBuYuSP2tfGky4o1szMm04NFSNiOfRNDq1b0YSXZQssZ7YMhsFiTaljOMhKvudCETgjf3h_6BAy7l7oryaOIyqgV2B\/s320\/IMG-20240115-WA0054.jpg\" width=\"320\" height=\"213\" border=\"0\" data-original-height=\"1066\" data-original-width=\"1600\" src=\"data:image\/svg+xml;base64,PHN2ZyB3aWR0aD0iMSIgaGVpZ2h0PSIxIiB4bWxucz0iaHR0cDovL3d3dy53My5vcmcvMjAwMC9zdmciPjwvc3ZnPg==\" style=\"--smush-placeholder-width: 320px; --smush-placeholder-aspect-ratio: 320\/213;\" \/><\/a><\/div>\n<p style=\"text-align: justify;\">Por Felix Rubio<\/p>\n<p style=\"text-align: justify;\">Santo Domingo.- La Direcci\u00f3n General de las Escuelas Vocacionales de las Fuerzas Armadas y de la Polic\u00eda Nacional (DIGEV) inform\u00f3 este lunes el inicio formal de las clases correspondientes al primer periodo acad\u00e9mico del a\u00f1o 2024 en los 31 recintos formativos diseminados a nivel nacional.<\/p>\n<p style=\"text-align: justify;\">El acto formal fue encabezado por el director general de la instituci\u00f3n acad\u00e9mica, General de Brigada del Ej\u00e9rcito Nacional (ERD), Jorge Luis Morel De Dios; quien inform\u00f3 que un total 19 mil 420 mil nuevos estudiantes estar\u00e1n form\u00e1ndose en alrededor de 104 acciones formativas diferentes durante el citado periodo.<\/p>\n<div class=\"separator\" style=\"text-align: justify;\"><a href=\"https:\/\/blogger.googleusercontent.com\/img\/b\/R29vZ2xl\/AVvXsEhUA5asHj0F4aLo2D-nOc97mDT58w13oS7RJ9SW5QoN4Lu3PP8w01T6_VpkioLFvJhlmkAHER1IbShgoRVprcQHbRFJWzcN-pAhTHWJJYBMjwF8w0HfgUZmOEDu9bQy_J1OFmfiRa82R1q0qQTJqrQ4E3-bU_NQA_KlyockrJ6rufUUZrtAyZBmdWWEJUTe\/s1600\/IMG-20240115-WA0053.jpg\"><img decoding=\"async\" class=\"alignright lazyload\" data-src=\"https:\/\/blogger.googleusercontent.com\/img\/b\/R29vZ2xl\/AVvXsEhUA5asHj0F4aLo2D-nOc97mDT58w13oS7RJ9SW5QoN4Lu3PP8w01T6_VpkioLFvJhlmkAHER1IbShgoRVprcQHbRFJWzcN-pAhTHWJJYBMjwF8w0HfgUZmOEDu9bQy_J1OFmfiRa82R1q0qQTJqrQ4E3-bU_NQA_KlyockrJ6rufUUZrtAyZBmdWWEJUTe\/s320\/IMG-20240115-WA0053.jpg\" width=\"320\" height=\"213\" border=\"0\" data-original-height=\"1066\" data-original-width=\"1600\" src=\"data:image\/svg+xml;base64,PHN2ZyB3aWR0aD0iMSIgaGVpZ2h0PSIxIiB4bWxucz0iaHR0cDovL3d3dy53My5vcmcvMjAwMC9zdmciPjwvc3ZnPg==\" style=\"--smush-placeholder-width: 320px; --smush-placeholder-aspect-ratio: 320\/213;\" \/><\/a>La apertura oficial se llev\u00f3 a cabo durante una ceremonia celebrada en la explanada frontal de la Sede Central de la Escuela Vocacional del municipio Santo Domingo Este, en presencia de decenas de estudiantes, profesoras y personal administrativo de la DIGEV.<\/div>\n<p style=\"text-align: justify;\">El titular de la instituci\u00f3n inform\u00f3, adem\u00e1s, que las inscripciones contin\u00faan abiertas hasta el 31 de enero 2024 en horario de 8:00 de la ma\u00f1ana a 5:00 de la tarde en todas las escuelas vocacionales del pa\u00eds, para que los interesados puedan aprovechar la oportunidad.<\/p>\n<p style=\"text-align: justify;\">Subray\u00f3 que la instituci\u00f3n acad\u00e9mica, desde su creaci\u00f3n mediante la Ley 205 del 10 de mayo del a\u00f1o 1966, ha graduado m\u00e1s de 400,000 estudiantes entre militares, polic\u00edas y personas de la clase civil en diferentes oficios t\u00e9cnicos a nivel nacional.<\/p>\n<p style=\"text-align: justify;\">De igual manera, manifest\u00f3 que los estudiantes inscritos estar\u00e1n cursando m\u00e1s de 100 acciones formativas disponibles, entre las que figuran Ebanister\u00eda, Desabolladura y Pintura de Veh\u00edculos, Mec\u00e1nica de Aguja, Pintura y Decoraci\u00f3n, Plomer\u00eda, Talla en Madera, Tapicer\u00eda y Torno en Madera.<\/p>\n<p style=\"text-align: justify;\">Asimismo, cursos de Corneta, Corte y Costura, Creole, Electricidad Automotriz, Electricista Instalador y Reparador de Plantas El\u00e9ctricas, Fabricaci\u00f3n de Inversores, Farmacia, Fontaner\u00eda, Herrer\u00eda, Hosteler\u00eda y Turismo, Horticultura, Inform\u00e1tica, Instalador y Reparador de L\u00edneas Telef\u00f3nicas, Masaje Corporal, Mec\u00e1nica de Aguja, Pintura y Decoraci\u00f3n.<\/p>\n<p style=\"text-align: justify;\">Igualmente, Panader\u00eda, Refrigeraci\u00f3n y Aire Acondicionado, Refrigeraci\u00f3n de Auto, Reparaci\u00f3n y Rebobinado de Motores El\u00e9ctricos y Transformadores, Reparador de Computadoras e Instalador de Redes, Reposter\u00eda, Sastrer\u00eda, Secretariado Ejecutivo, Tapicer\u00eda, Emprendurismo, Oratoria y Locuci\u00f3n, Productor en Invernaderos, entre otros.<\/p>\n<p style=\"text-align: justify;\">Tambi\u00e9n, cursos como Auxiliar de Contabilidad, Auxiliar en Ventas, Barber\u00eda, Corneta, Oratoria, Locuci\u00f3n, Conductor de Veh\u00edculos Livianos, Conductor de Veh\u00edculos Pesados, Emprendurismo, Electricista Instalador y Reparador de Plantas El\u00e9ctricas, Instalador de Paneles Solares, Instalador y Reparador de L\u00edneas Telef\u00f3nicas, Muebles de Mimbre y Rat\u00e1n, Orfebrer\u00eda y Productor en Invernaderos, entre otros.<\/p>\n<p style=\"text-align: justify;\">El General ERD, Morel De Dios, inform\u00f3 que los diferentes cursos son totalmente gratis y se realizar\u00e1n en las instalaciones de las diferentes Escuelas Vocacionales del pa\u00eds, ubicadas en San Isidro, San Pedro de Macor\u00eds, La Romana, Miches, Nagua, Bani, Pimentel, Moca, La Vega, Barahona y Las Matas de Farf\u00e1n, as\u00ed como tambi\u00e9n en las Aulas M\u00f3viles colocadas en Dajab\u00f3n, Pedernales, El Se\u00edbo, El\u00edas Pi\u00f1a, Jiman\u00ed, Paso Bajito, Jarabacoa; Las Galeras, Saman\u00e1; Ver\u00f3n, Punta Cana, entre otras.<\/p>\n<p style=\"text-align: justify;\">Fuente: Prensa DIGEV<\/p>\n","protected":false},"excerpt":{"rendered":"<p>Por Felix Rubio Santo Domingo.- La Direcci\u00f3n General de las Escuelas Vocacionales de las Fuerzas<\/p>\n","protected":false},"author":1,"featured_media":0,"comment_status":"open","ping_status":"open","sticky":false,"template":"","format":"standard","meta":{"footnotes":""},"categories":[7],"tags":[],"class_list":["post-11608","post","type-post","status-publish","format-standard","hentry","category-nacionales"],"_links":{"self":[{"href":"https:\/\/laverdadpublica.com\/index.php\/wp-json\/wp\/v2\/posts\/11608","targetHints":{"allow":["GET"]}}],"collection":[{"href":"https:\/\/laverdadpublica.com\/index.php\/wp-json\/wp\/v2\/posts"}],"about":[{"href":"https:\/\/laverdadpublica.com\/index.php\/wp-json\/wp\/v2\/types\/post"}],"author":[{"embeddable":true,"href":"https:\/\/laverdadpublica.com\/index.php\/wp-json\/wp\/v2\/users\/1"}],"replies":[{"embeddable":true,"href":"https:\/\/laverdadpublica.com\/index.php\/wp-json\/wp\/v2\/comments?post=11608"}],"version-history":[{"count":1,"href":"https:\/\/laverdadpublica.com\/index.php\/wp-json\/wp\/v2\/posts\/11608\/revisions"}],"predecessor-version":[{"id":11609,"href":"https:\/\/laverdadpublica.com\/index.php\/wp-json\/wp\/v2\/posts\/11608\/revisions\/11609"}],"wp:attachment":[{"href":"https:\/\/laverdadpublica.com\/index.php\/wp-json\/wp\/v2\/media?parent=11608"}],"wp:term":[{"taxonomy":"category","embeddable":true,"href":"https:\/\/laverdadpublica.com\/index.php\/wp-json\/wp\/v2\/categories?post=11608"},{"taxonomy":"post_tag","embeddable":true,"href":"https:\/\/laverdadpublica.com\/index.php\/wp-json\/wp\/v2\/tags?post=11608"}],"curies":[{"name":"wp","href":"https:\/\/api.w.org\/{rel}","templated":true}]}}