{"id":11640,"date":"2024-01-17T02:48:30","date_gmt":"2024-01-17T02:48:30","guid":{"rendered":"https:\/\/laverdadpublica.com\/?p=11640"},"modified":"2024-01-17T02:48:30","modified_gmt":"2024-01-17T02:48:30","slug":"iniciativa-social-la-fe-genera-sonrisas-lleva-alegria-a-ninos-vulnerables-de-la-victoria","status":"publish","type":"post","link":"https:\/\/laverdadpublica.com\/index.php\/2024\/01\/17\/iniciativa-social-la-fe-genera-sonrisas-lleva-alegria-a-ninos-vulnerables-de-la-victoria\/","title":{"rendered":"Iniciativa social \u00abLa Fe genera Sonrisas\u00bb lleva alegr\u00eda a ni\u00f1os vulnerables de La Victoria"},"content":{"rendered":"<header id=\"masthead\" class=\"site-header\">\n<div id=\"main-header\" class=\"main-header\">\n<div class=\"main-header-brand\">\n<div class=\"flash-news-holder\">\n<div class=\"wrap\">\n<div class=\"top-header\">\n<div class=\"top-header-inner\">\n<div class=\"flash-news\">\n<div class=\"flash-news-header\">\n<h4 class=\"flash-news-title\"><a title=\"Iniciativa social \u00abLa Fe genera Sonrisas\u00bb lleva alegr\u00eda a ni\u00f1os vulnerables de La Victoria\" href=\"https:\/\/alasunto.com\/iniciativa-social-la-fe-genera-sonrisas-lleva-alegria-a-ninos-vulnerables-de-la-victoria\/2565\/\"><img decoding=\"async\" class=\"attachment-post-thumbnail size-post-thumbnail wp-post-image lazyloaded\" src=\"https:\/\/alasunto.com\/wp-content\/uploads\/2024\/01\/588fa6a4-fb3c-4228-a365-f59a846fb99a.jpeg\" sizes=\"(max-width: 1280px) 100vw, 1280px\" srcset=\"https:\/\/alasunto.com\/wp-content\/uploads\/2024\/01\/588fa6a4-fb3c-4228-a365-f59a846fb99a.jpeg 1280w, https:\/\/alasunto.com\/wp-content\/uploads\/2024\/01\/588fa6a4-fb3c-4228-a365-f59a846fb99a-300x169.jpeg 300w, https:\/\/alasunto.com\/wp-content\/uploads\/2024\/01\/588fa6a4-fb3c-4228-a365-f59a846fb99a-1024x576.jpeg 1024w, https:\/\/alasunto.com\/wp-content\/uploads\/2024\/01\/588fa6a4-fb3c-4228-a365-f59a846fb99a-768x432.jpeg 768w\" alt=\"\" width=\"1280\" height=\"720\" data-src=\"https:\/\/alasunto.com\/wp-content\/uploads\/2024\/01\/588fa6a4-fb3c-4228-a365-f59a846fb99a.jpeg\" data-srcset=\"https:\/\/alasunto.com\/wp-content\/uploads\/2024\/01\/588fa6a4-fb3c-4228-a365-f59a846fb99a.jpeg 1280w, https:\/\/alasunto.com\/wp-content\/uploads\/2024\/01\/588fa6a4-fb3c-4228-a365-f59a846fb99a-300x169.jpeg 300w, https:\/\/alasunto.com\/wp-content\/uploads\/2024\/01\/588fa6a4-fb3c-4228-a365-f59a846fb99a-1024x576.jpeg 1024w, https:\/\/alasunto.com\/wp-content\/uploads\/2024\/01\/588fa6a4-fb3c-4228-a365-f59a846fb99a-768x432.jpeg 768w\" \/><\/a><\/h4>\n<\/div>\n<div class=\"marquee\">\n<div class=\"js-marquee-wrapper\">\n<div class=\"js-marquee\"><\/div>\n<\/div>\n<\/div>\n<\/div>\n<\/div>\n<\/div>\n<\/div>\n<\/div>\n<\/div>\n<\/div>\n<\/header>\n<div id=\"content\" class=\"site-content\">\n<div class=\"site-content-cell\">\n<div class=\"wrap\">\n<div id=\"primary\" class=\"content-area\"><main id=\"main\" class=\"site-main\"><\/p>\n<article id=\"post-2565\" class=\"post-2565 post type-post status-publish format-standard has-post-thumbnail hentry category-espectaculos category-nacionales entry\">\n<div class=\"entry-content-holder\">\n<header class=\"entry-header\">\n<p class=\"entry-title\"><span style=\"font-size: 16px;\">Con motivo de las festividades pasadas, un grupo de amigos, colegas y compa\u00f1eros de trabajo, tomaron la iniciativa de compartir sus recursos e incentivar a sus familias, amigos y allegados para el pasado 6 de enero llevar alegria a los ni\u00f1os vulnerables en el sector de La Victoria en Santo Domingo Norte.<\/span><\/p>\n<\/header>\n<div class=\"entry-content\">\n<blockquote><p><em>\u00abCon un esfuerzo desde el coraz\u00f3n y la pasi\u00f3n, se logr\u00f3 llevar alegr\u00eda a cientos de ni\u00f1os de una forma extraordinaria y la satisfacci\u00f3n es indescriptible\u00bb<\/em>\u00a0\u2013 afirm\u00f3, el equipo promotor de la iniciativa.\u00a0<em>\u00abCon poquito, logramos much\u00edsimo\u00bb<\/em><\/p><\/blockquote>\n<p>Asimismo el equipo estuvo de acuerdo en como la cooperaci\u00f3n y la colaboraci\u00f3n fue esencial para los resultados obtenidos en favor de los ni\u00f1os y ni\u00f1as impactados.<\/p>\n<blockquote><p><em>\u00abEl trabajo en equipo, con Dios como centro, supera grandes barreras\u00bb<\/em>\u00a0\u2013 comentaron los coordinadores y voluntarios.<\/p><\/blockquote>\n<p>Entre los voluntarios destacados se mencionaron los nombres de Alexandra Estrella, Cristina Ynoa, Ana Travieso, Mar\u00eda De La Cruz, entre otros. Cada uno aport\u00f3 sus recursos, dones y tiempo para llevar alegr\u00eda a la comunidad de La Victoria y las familias quienes se sintieron agradecidos de la labor.<\/p>\n<p>De su lado, los coordinadores mencionaron que esperan seguir llevando este tipo de iniciativas durante el 2024 a otras comunidades vulnerables de nuestro pa\u00eds.<\/p>\n<figure class=\"wp-block-image size-large\"><img decoding=\"async\" class=\"wp-image-2567 lazyloaded\" src=\"https:\/\/alasunto.com\/wp-content\/uploads\/2024\/01\/8c2158af-9d95-4c41-91a5-c63c9ed97ba8-1024x771.jpeg\" alt=\"\" data-src=\"https:\/\/alasunto.com\/wp-content\/uploads\/2024\/01\/8c2158af-9d95-4c41-91a5-c63c9ed97ba8-1024x771.jpeg\" \/><\/figure>\n<p>Fuente: Equipo Coordinador Iniciativa<\/p>\n<\/div>\n<\/div>\n<\/article>\n<p><\/main><\/div>\n<\/div>\n<\/div>\n<\/div>\n","protected":false},"excerpt":{"rendered":"<p>Con motivo de las festividades pasadas, un grupo de amigos, colegas y compa\u00f1eros de trabajo,<\/p>\n","protected":false},"author":4,"featured_media":0,"comment_status":"open","ping_status":"open","sticky":false,"template":"","format":"standard","meta":{"footnotes":""},"categories":[7],"tags":[],"class_list":["post-11640","post","type-post","status-publish","format-standard","hentry","category-nacionales"],"_links":{"self":[{"href":"https:\/\/laverdadpublica.com\/index.php\/wp-json\/wp\/v2\/posts\/11640","targetHints":{"allow":["GET"]}}],"collection":[{"href":"https:\/\/laverdadpublica.com\/index.php\/wp-json\/wp\/v2\/posts"}],"about":[{"href":"https:\/\/laverdadpublica.com\/index.php\/wp-json\/wp\/v2\/types\/post"}],"author":[{"embeddable":true,"href":"https:\/\/laverdadpublica.com\/index.php\/wp-json\/wp\/v2\/users\/4"}],"replies":[{"embeddable":true,"href":"https:\/\/laverdadpublica.com\/index.php\/wp-json\/wp\/v2\/comments?post=11640"}],"version-history":[{"count":1,"href":"https:\/\/laverdadpublica.com\/index.php\/wp-json\/wp\/v2\/posts\/11640\/revisions"}],"predecessor-version":[{"id":11641,"href":"https:\/\/laverdadpublica.com\/index.php\/wp-json\/wp\/v2\/posts\/11640\/revisions\/11641"}],"wp:attachment":[{"href":"https:\/\/laverdadpublica.com\/index.php\/wp-json\/wp\/v2\/media?parent=11640"}],"wp:term":[{"taxonomy":"category","embeddable":true,"href":"https:\/\/laverdadpublica.com\/index.php\/wp-json\/wp\/v2\/categories?post=11640"},{"taxonomy":"post_tag","embeddable":true,"href":"https:\/\/laverdadpublica.com\/index.php\/wp-json\/wp\/v2\/tags?post=11640"}],"curies":[{"name":"wp","href":"https:\/\/api.w.org\/{rel}","templated":true}]}}