{"id":12826,"date":"2024-02-22T16:50:30","date_gmt":"2024-02-22T16:50:30","guid":{"rendered":"https:\/\/laverdadpublica.com\/?p=12826"},"modified":"2024-02-22T16:50:30","modified_gmt":"2024-02-22T16:50:30","slug":"nelly-swing-finaliza-de-manera-amigable-con-casa-disquera","status":"publish","type":"post","link":"https:\/\/laverdadpublica.com\/index.php\/2024\/02\/22\/nelly-swing-finaliza-de-manera-amigable-con-casa-disquera\/","title":{"rendered":"Nelly Swing finaliza de manera amigable con casa disquera"},"content":{"rendered":"<p style=\"text-align: justify;\"><img decoding=\"async\" class=\"size-medium wp-image-12827 lazyload\" data-src=\"https:\/\/laverdadpublica.com\/wp-content\/uploads\/2024\/02\/IMG-20240221-WA0195-300x209.jpg\" alt=\"\" width=\"300\" height=\"209\" data-srcset=\"https:\/\/laverdadpublica.com\/wp-content\/uploads\/2024\/02\/IMG-20240221-WA0195-300x209.jpg 300w, https:\/\/laverdadpublica.com\/wp-content\/uploads\/2024\/02\/IMG-20240221-WA0195-1024x715.jpg 1024w, https:\/\/laverdadpublica.com\/wp-content\/uploads\/2024\/02\/IMG-20240221-WA0195-768x536.jpg 768w, https:\/\/laverdadpublica.com\/wp-content\/uploads\/2024\/02\/IMG-20240221-WA0195-1536x1072.jpg 1536w, https:\/\/laverdadpublica.com\/wp-content\/uploads\/2024\/02\/IMG-20240221-WA0195.jpg 1600w\" data-sizes=\"(max-width: 300px) 100vw, 300px\" src=\"data:image\/svg+xml;base64,PHN2ZyB3aWR0aD0iMSIgaGVpZ2h0PSIxIiB4bWxucz0iaHR0cDovL3d3dy53My5vcmcvMjAwMC9zdmciPjwvc3ZnPg==\" style=\"--smush-placeholder-width: 300px; --smush-placeholder-aspect-ratio: 300\/209;\" \/><\/p>\n<p style=\"text-align: justify;\">Santo Domingo. La popular int\u00e9rprete y acordeonista de m\u00fasica t\u00edpica Nelly Swing acaba de culminar de la mejor manera su relaci\u00f3n contractual con la empresa management artist agrement, \u00e1rea 809 group inc. representada por Pascual Caba, tras lograr un acuerdo amigable entre ambas partes.<\/p>\n<p style=\"text-align: justify;\">Nelly Francisca Torres Torres conocido art\u00edsticamente como Nelly Swing a trav\u00e9s de su representante legal ha llegado a un acuerdo en donde han convenido y pactado un compromiso de pago a t\u00edtulo transaccional y las partes, desisten y renuncian de manera rec\u00edproca de toda y cada una de las acciones y procesos iniciados, concluidos o abiertos, de cualquier naturaleza, espec\u00edficamente de las relacionada a la representaci\u00f3n de la art\u00edstica.<\/p>\n<p style=\"text-align: justify;\">Nelly Swing, representada por su abogado, Wagner Rodr\u00edguez y la empresa Management Artist Agrement, \u00e1rea 809 group inc. representada por el se\u00f1or Pascual CavAxcba quien tiene como abogados a Moise Saltos y Mayobanex Pe\u00f1a, han decidido poner fin al contrato de representaci\u00f3n art\u00edstica en Estados Unidos y Rep\u00fablica Dominicana de fecha 10 de enero del 2020 suscrito entre las partes.<\/p>\n<blockquote><p>\u00abManifestamos la satisfacci\u00f3n de este acuerdo amigable, agradeciendo el apoyo en los inicios de la carrera art\u00edstica de la artista Nelly Swing\u00bb, comentaron sus manejadores.<\/p><\/blockquote>\n<p style=\"text-align: justify;\">Esta noticia llega en un gran momento para NELLY SWING, quien alcanz\u00f3 popularidad por la famosa canci\u00f3n \u00abEl perro bebe agua\u00bb cuyo tema se volvi\u00f3 viral el a\u00f1o 2023 autor\u00eda del artista \u201cAndy Pe\u00f1a\u201d, La Acordeonista \u201cNelly\u201d se embarca para su primera gira por los Estados Unidos de la mano de U Productions, Corp. Considerado el \u201cRey del booking\u201d \u00abUlloa Productions\u201d.<\/p>\n","protected":false},"excerpt":{"rendered":"<p>Santo Domingo. La popular int\u00e9rprete y acordeonista de m\u00fasica t\u00edpica Nelly Swing acaba de culminar<\/p>\n","protected":false},"author":1,"featured_media":0,"comment_status":"open","ping_status":"open","sticky":false,"template":"","format":"standard","meta":{"footnotes":""},"categories":[6],"tags":[],"class_list":["post-12826","post","type-post","status-publish","format-standard","hentry","category-espectaculos"],"_links":{"self":[{"href":"https:\/\/laverdadpublica.com\/index.php\/wp-json\/wp\/v2\/posts\/12826","targetHints":{"allow":["GET"]}}],"collection":[{"href":"https:\/\/laverdadpublica.com\/index.php\/wp-json\/wp\/v2\/posts"}],"about":[{"href":"https:\/\/laverdadpublica.com\/index.php\/wp-json\/wp\/v2\/types\/post"}],"author":[{"embeddable":true,"href":"https:\/\/laverdadpublica.com\/index.php\/wp-json\/wp\/v2\/users\/1"}],"replies":[{"embeddable":true,"href":"https:\/\/laverdadpublica.com\/index.php\/wp-json\/wp\/v2\/comments?post=12826"}],"version-history":[{"count":1,"href":"https:\/\/laverdadpublica.com\/index.php\/wp-json\/wp\/v2\/posts\/12826\/revisions"}],"predecessor-version":[{"id":12828,"href":"https:\/\/laverdadpublica.com\/index.php\/wp-json\/wp\/v2\/posts\/12826\/revisions\/12828"}],"wp:attachment":[{"href":"https:\/\/laverdadpublica.com\/index.php\/wp-json\/wp\/v2\/media?parent=12826"}],"wp:term":[{"taxonomy":"category","embeddable":true,"href":"https:\/\/laverdadpublica.com\/index.php\/wp-json\/wp\/v2\/categories?post=12826"},{"taxonomy":"post_tag","embeddable":true,"href":"https:\/\/laverdadpublica.com\/index.php\/wp-json\/wp\/v2\/tags?post=12826"}],"curies":[{"name":"wp","href":"https:\/\/api.w.org\/{rel}","templated":true}]}}