{"id":13318,"date":"2024-03-05T12:33:48","date_gmt":"2024-03-05T12:33:48","guid":{"rendered":"https:\/\/laverdadpublica.com\/?p=13318"},"modified":"2024-03-05T12:33:48","modified_gmt":"2024-03-05T12:33:48","slug":"concluye-con-rotundo-exito-expo-turismo-y-atracciones-2024-en-barahona-tres-embajadores-se-dieron-cita","status":"publish","type":"post","link":"https:\/\/laverdadpublica.com\/index.php\/2024\/03\/05\/concluye-con-rotundo-exito-expo-turismo-y-atracciones-2024-en-barahona-tres-embajadores-se-dieron-cita\/","title":{"rendered":"Concluye con rotundo \u00e9xito Expo Turismo y Atracciones 2024 en Barahona; tres embajadores se dieron cita\u00a0"},"content":{"rendered":"<p><img decoding=\"async\" class=\"size-medium wp-image-13319 alignleft lazyload\" data-src=\"https:\/\/laverdadpublica.com\/wp-content\/uploads\/2024\/03\/IMG-20240304-WA0082-300x200.jpg\" alt=\"\" width=\"300\" height=\"200\" data-srcset=\"https:\/\/laverdadpublica.com\/wp-content\/uploads\/2024\/03\/IMG-20240304-WA0082-300x200.jpg 300w, https:\/\/laverdadpublica.com\/wp-content\/uploads\/2024\/03\/IMG-20240304-WA0082-1024x682.jpg 1024w, https:\/\/laverdadpublica.com\/wp-content\/uploads\/2024\/03\/IMG-20240304-WA0082-768x512.jpg 768w, https:\/\/laverdadpublica.com\/wp-content\/uploads\/2024\/03\/IMG-20240304-WA0082-1536x1023.jpg 1536w, https:\/\/laverdadpublica.com\/wp-content\/uploads\/2024\/03\/IMG-20240304-WA0082.jpg 1600w\" data-sizes=\"(max-width: 300px) 100vw, 300px\" src=\"data:image\/svg+xml;base64,PHN2ZyB3aWR0aD0iMSIgaGVpZ2h0PSIxIiB4bWxucz0iaHR0cDovL3d3dy53My5vcmcvMjAwMC9zdmciPjwvc3ZnPg==\" style=\"--smush-placeholder-width: 300px; --smush-placeholder-aspect-ratio: 300\/200;\" \/><\/p>\n<p>Barahona.- Con rotundo \u00e9xito, la primera edici\u00f3n de Expo Turismo y Atracciones 2024, concluy\u00f3 su primera edici\u00f3n en la provincia de Barahona, evento que apuesta ha consolidarse como un referente de feria tur\u00edstica en Rep\u00fablica Dominicana y en la regi\u00f3n del Caribe.<\/p>\n<p>A esta importante feria tur\u00edstica, asistieron los embajadores de Marruecos, India y El Salvador. As\u00ed como tambi\u00e9n, empresarios nacionales, locales e internacionales. Adem\u00e1s, presencia de funcionarios, pol\u00edticos, acad\u00e9micos, estudiantes, medios de comunicaci\u00f3n y emprendedores.<\/p>\n<p>Los diplom\u00e1ticos presentes en Expo TyA, fueron; Hichame Dahane, del Reino de Marruecos, Ramu Abbagani, de la India y Dania Elena Tolentino Membre\u00f1o, de El Salvador.<\/p>\n<p>A la primera edici\u00f3n de Expo TyA, participaron miles de personas, la cual fue coordinada por Kelvin Fa\u00f1a y que cont\u00f3 con la transmisi\u00f3n especial de VTV canal 32 y m\u00e1s de 100 medios digitales. Tambi\u00e9n, la asistencia de m\u00e1s de 100 tour operadores.<\/p>\n<p><img decoding=\"async\" class=\"size-medium wp-image-13320 alignright lazyload\" data-src=\"https:\/\/laverdadpublica.com\/wp-content\/uploads\/2024\/03\/IMG-20240304-WA0081-300x200.jpg\" alt=\"\" width=\"300\" height=\"200\" data-srcset=\"https:\/\/laverdadpublica.com\/wp-content\/uploads\/2024\/03\/IMG-20240304-WA0081-300x200.jpg 300w, https:\/\/laverdadpublica.com\/wp-content\/uploads\/2024\/03\/IMG-20240304-WA0081-1024x682.jpg 1024w, https:\/\/laverdadpublica.com\/wp-content\/uploads\/2024\/03\/IMG-20240304-WA0081-768x512.jpg 768w, https:\/\/laverdadpublica.com\/wp-content\/uploads\/2024\/03\/IMG-20240304-WA0081-1536x1023.jpg 1536w, https:\/\/laverdadpublica.com\/wp-content\/uploads\/2024\/03\/IMG-20240304-WA0081.jpg 1600w\" data-sizes=\"(max-width: 300px) 100vw, 300px\" src=\"data:image\/svg+xml;base64,PHN2ZyB3aWR0aD0iMSIgaGVpZ2h0PSIxIiB4bWxucz0iaHR0cDovL3d3dy53My5vcmcvMjAwMC9zdmciPjwvc3ZnPg==\" style=\"--smush-placeholder-width: 300px; --smush-placeholder-aspect-ratio: 300\/200;\" \/><\/p>\n<p>Durante el desarrollo de la feria, personalidades de todo el pa\u00eds, se dieron cita en el Hotel Costa Larimar para participar en m\u00e1s de 12 conferencias, m\u00e1s de ocho degustaciones y para adquirir artesan\u00edas de larimar.<\/p>\n<p>Tambi\u00e9n, visitantes aprovecharon la ocasi\u00f3n para recorrer varios destinos de atracciones de Barahona en diversos tours que ofrecieron las empresas participantes.<\/p>\n<p><strong>Embajadores<\/strong><\/p>\n<p>Expo TyA cont\u00f3 con los embajadores del Reino de Marruecos, India y El Salvador, quienes agotaron una intensa agenda y que visitaron por primera vez a la regi\u00f3n Sur del pa\u00eds.<\/p>\n<p>El jueves, Hichame Dahane del Reino de Marruecos, fue recibido junto a Kelvin Fa\u00f1a y parte de los organizadores de Expo TyA por la C\u00e1mara de Comercio de Barahona, donde intercambiaron ideas de negocios.<\/p>\n<p>El viernes, adem\u00e1s del embajador del Reino de Marruecos, se integr\u00f3 su excelencia de la India, Ramu Abbagani y Dania Elena Tolentino Membre\u00f1o por El Salvador. Los diplom\u00e1ticos se reunieron en la tarde del viernes con el rector de UCATEBA, reverendo padre Marco Antonio P\u00e9rez, donde conversaron sobre cooperaci\u00f3n educativa. Tambi\u00e9n, con el director general del Recinto de la UASD-Barahona, Manuel de la Cruz Fern\u00e1ndez, quienes aprovecharon y le dieron un tour en la respectiva Alta Casa de Estudios.<\/p>\n<p>Luego, los diplom\u00e1ticos fueron declarados como Hu\u00e9sped Distinguidos por la Alcald\u00eda del Ayuntamiento de Barahona. Tambi\u00e9n, los embajadores dieron un tours por varios lugares de atracciones con la empresa Sliana.<\/p>\n<p><strong>VTV Canal 32<\/strong><\/p>\n<p>El medio de comunicaci\u00f3n de Medios Panorama, que dirige el empresario Miguel Medina, inici\u00f3 su hist\u00f3rica transmisi\u00f3n desde el viernes 1 hasta la inauguraci\u00f3n de la Expo TyA a las 7:00 de la noche, donde entrevistaron importantes personalidades del medio empresarial, acad\u00e9micos, pol\u00edticos y empresas participantes. Entre ellos, el senador Jos\u00e9 del Castillo, el rector de UCATEBA, reverendo padre Marco Antonio P\u00e9rez, el presidente de la C\u00e1mara de Comercio, Ram\u00f3n Tavarez, el empresario Natanael Guti\u00e9rrez, entre otros.<\/p>\n<p>Los integrantes de VTV canal 32 fue encabezado por Luis Acosta, quienes junto a Domingo Bautista, Obniel Ram\u00edrez, Alfredo de la Cruz, Miguel Tavarez, Roberto Monclu y otros importantes comunicadores, mantuvieron informando sobre el desarrollo de la feria tur\u00edstica.<\/p>\n<p><strong>Inauguraci\u00f3n<\/strong><\/p>\n<p>Expo TyA se inaugur\u00f3 a las 7:00 de la noche con la presencia de las autoridades locales, embajadores, funcionarios y empresa participantes.<\/p>\n<p>El acto protocolar fue bendecido por el sacerdote Marco Antonio P\u00e9rez. Tambi\u00e9n habl\u00f3 a nombre de los embajadores, su excelencia Hichame Dahane del Reino de Marruecos, Kelvin Fa\u00f1a, concluy\u00f3 la inauguraci\u00f3n con un discurso sobre la importancia de esta primera edici\u00f3n de Expo TyA, donde invit\u00f3 a los presentes invertir y trabajar unidos por el desarrollo de Barahona.<\/p>\n<p><strong>Conferencias<\/strong><\/p>\n<p>Las conferencias en Expo TyA fue iniciada por el chef internacional, Mart\u00edn Omar, donde abarc\u00f3 importantes puntos sobre la forma del manejo en el servicios gastron\u00f3micos de los hoteles.<\/p>\n<p>Tambi\u00e9n, el director ejecutivo de la Autoridad Portuaria Dominicana (APORDOM), Jean Luis Rodr\u00edguez, disert\u00f3 sobre el turismo de crucero. Adem\u00e1s, acad\u00e9micos, empresarios y diplom\u00e1ticos tuvieron importantes conferencias sobre turismo para atraer visitantes e inversionistas para Barahona.<\/p>\n<p>El domingo, el embajador y acad\u00e9mico Luis Gonz\u00e1lez, finaliz\u00f3 las tandas de conferencias, hablando sobre el turismo sostenible.<\/p>\n<p><strong>Degustaciones<\/strong><\/p>\n<p>Las degustaciones en Expo TyA, estuvo a cargo del chef profesionales que invit\u00f3, el Fondo Especial para el Desarrollo Agropecuario (FEDA) que dirige Hecmilio Galv\u00e1n.<\/p>\n<p>Tambi\u00e9n, \u00c1ngel Novas present\u00f3 durante el evento tragos locales para el disfrute de los presentes. Otra degustaci\u00f3n esperada, fue el puros y vinos para los presentes.<\/p>\n<p><strong>Empresas participantes\u00a0<\/strong><\/p>\n<p>Expo TyA cont\u00f3 con 40 stands de empresas locales, gubernamentales e iniciativas de emprendedores. Tambi\u00e9n, con el apoyo de unas 15 marcas nacional e internacional.<\/p>\n<p>Tambi\u00e9n, Expo TyA cont\u00f3 con participaciones art\u00edsticas los d\u00edas viernes y s\u00e1bado.<\/p>\n<p><strong>Expo TyA<\/strong><\/p>\n<p>Expo TyA se llev\u00f3 a cabo durante tres d\u00edas, viernes 1, s\u00e1bado 2 y domingo 3 de marzo en el hotel Costa Larimar. El productor de evento recay\u00f3 sobre Jeandi Bello y todo un equipo de profesionales.<\/p>\n<p>&nbsp;<\/p>\n<p>Fuente: Expo Turismo y Atracciones 2024<\/p>\n","protected":false},"excerpt":{"rendered":"<p>Barahona.- Con rotundo \u00e9xito, la primera edici\u00f3n de Expo Turismo y Atracciones 2024, concluy\u00f3 su<\/p>\n","protected":false},"author":4,"featured_media":0,"comment_status":"open","ping_status":"open","sticky":false,"template":"","format":"standard","meta":{"footnotes":""},"categories":[11],"tags":[],"class_list":["post-13318","post","type-post","status-publish","format-standard","hentry","category-turismo"],"_links":{"self":[{"href":"https:\/\/laverdadpublica.com\/index.php\/wp-json\/wp\/v2\/posts\/13318","targetHints":{"allow":["GET"]}}],"collection":[{"href":"https:\/\/laverdadpublica.com\/index.php\/wp-json\/wp\/v2\/posts"}],"about":[{"href":"https:\/\/laverdadpublica.com\/index.php\/wp-json\/wp\/v2\/types\/post"}],"author":[{"embeddable":true,"href":"https:\/\/laverdadpublica.com\/index.php\/wp-json\/wp\/v2\/users\/4"}],"replies":[{"embeddable":true,"href":"https:\/\/laverdadpublica.com\/index.php\/wp-json\/wp\/v2\/comments?post=13318"}],"version-history":[{"count":1,"href":"https:\/\/laverdadpublica.com\/index.php\/wp-json\/wp\/v2\/posts\/13318\/revisions"}],"predecessor-version":[{"id":13321,"href":"https:\/\/laverdadpublica.com\/index.php\/wp-json\/wp\/v2\/posts\/13318\/revisions\/13321"}],"wp:attachment":[{"href":"https:\/\/laverdadpublica.com\/index.php\/wp-json\/wp\/v2\/media?parent=13318"}],"wp:term":[{"taxonomy":"category","embeddable":true,"href":"https:\/\/laverdadpublica.com\/index.php\/wp-json\/wp\/v2\/categories?post=13318"},{"taxonomy":"post_tag","embeddable":true,"href":"https:\/\/laverdadpublica.com\/index.php\/wp-json\/wp\/v2\/tags?post=13318"}],"curies":[{"name":"wp","href":"https:\/\/api.w.org\/{rel}","templated":true}]}}