{"id":13883,"date":"2024-03-16T03:33:12","date_gmt":"2024-03-16T03:33:12","guid":{"rendered":"https:\/\/laverdadpublica.com\/?p=13883"},"modified":"2024-03-17T03:34:49","modified_gmt":"2024-03-17T03:34:49","slug":"lsunami-electoral-juramenta-equipos-en-el-municipio-de-sabana-yegua","status":"publish","type":"post","link":"https:\/\/laverdadpublica.com\/index.php\/2024\/03\/16\/lsunami-electoral-juramenta-equipos-en-el-municipio-de-sabana-yegua\/","title":{"rendered":"L&#8217;Sunami Electoral juramenta equipos en el municipio de Sabana Yegua\u00a0"},"content":{"rendered":"<p style=\"text-align: justify;\"><img decoding=\"async\" class=\"size-medium wp-image-13884 alignleft lazyload\" data-src=\"https:\/\/laverdadpublica.com\/wp-content\/uploads\/2024\/03\/IMG-20240316-WA0130-300x225.jpg\" alt=\"\" width=\"300\" height=\"225\" data-srcset=\"https:\/\/laverdadpublica.com\/wp-content\/uploads\/2024\/03\/IMG-20240316-WA0130-300x225.jpg 300w, https:\/\/laverdadpublica.com\/wp-content\/uploads\/2024\/03\/IMG-20240316-WA0130-1024x768.jpg 1024w, https:\/\/laverdadpublica.com\/wp-content\/uploads\/2024\/03\/IMG-20240316-WA0130-768x576.jpg 768w, https:\/\/laverdadpublica.com\/wp-content\/uploads\/2024\/03\/IMG-20240316-WA0130-720x540.jpg 720w, https:\/\/laverdadpublica.com\/wp-content\/uploads\/2024\/03\/IMG-20240316-WA0130.jpg 1280w\" data-sizes=\"(max-width: 300px) 100vw, 300px\" src=\"data:image\/svg+xml;base64,PHN2ZyB3aWR0aD0iMSIgaGVpZ2h0PSIxIiB4bWxucz0iaHR0cDovL3d3dy53My5vcmcvMjAwMC9zdmciPjwvc3ZnPg==\" style=\"--smush-placeholder-width: 300px; --smush-placeholder-aspect-ratio: 300\/225;\" \/><\/p>\n<p style=\"text-align: justify;\">Sabana Yegua, Rep\u00fablica Dominicana.- El coordinador general del movimiento L&#8217;Sunami Electoral, Carlos George, encabez\u00f3 la ceremonia de juramentaci\u00f3n de los equipos de L&#8217;Sunami Electoral en este municipio.<\/p>\n<p style=\"text-align: justify;\">George dijo que este evento marc\u00f3 un paso significativo en el respaldo al presidente y su plataforma pol\u00edtica.<\/p>\n<p style=\"text-align: justify;\">La ceremonia cont\u00f3 con la presencia destacada de la Regidora del Partido de la Liberaci\u00f3n Dominicana (PLD), Mercedes Ram\u00edrez, quien expres\u00f3 su respaldo al movimiento L&#8217;Sunami Electoral y su compromiso con el desarrollo y progreso del pa\u00eds bajo el liderazgo del presidente.<\/p>\n<p><img decoding=\"async\" class=\"size-medium wp-image-13885 alignright lazyload\" data-src=\"https:\/\/laverdadpublica.com\/wp-content\/uploads\/2024\/03\/IMG-20240316-WA0131-225x300.jpg\" alt=\"\" width=\"225\" height=\"300\" data-srcset=\"https:\/\/laverdadpublica.com\/wp-content\/uploads\/2024\/03\/IMG-20240316-WA0131-225x300.jpg 225w, https:\/\/laverdadpublica.com\/wp-content\/uploads\/2024\/03\/IMG-20240316-WA0131-768x1024.jpg 768w, https:\/\/laverdadpublica.com\/wp-content\/uploads\/2024\/03\/IMG-20240316-WA0131-450x600.jpg 450w, https:\/\/laverdadpublica.com\/wp-content\/uploads\/2024\/03\/IMG-20240316-WA0131.jpg 960w\" data-sizes=\"(max-width: 225px) 100vw, 225px\" src=\"data:image\/svg+xml;base64,PHN2ZyB3aWR0aD0iMSIgaGVpZ2h0PSIxIiB4bWxucz0iaHR0cDovL3d3dy53My5vcmcvMjAwMC9zdmciPjwvc3ZnPg==\" style=\"--smush-placeholder-width: 225px; --smush-placeholder-aspect-ratio: 225\/300;\" \/><\/p>\n<p style=\"text-align: justify;\">Asimismo, el presidente y coordinador de campa\u00f1a de Fuerza del Pueblo, Mart\u00edn Duran Cuevas, conocido como el \u00abRubio de Oro\u00bb, se sum\u00f3 al evento, destacando la importancia de la uni\u00f3n y la colaboraci\u00f3n para alcanzar los objetivos comunes.<\/p>\n<p style=\"text-align: justify;\">Carlos George, en su discurso de juramentaci\u00f3n, enfatiz\u00f3 la importancia de la participaci\u00f3n activa de la ciudadan\u00eda en el proceso democr\u00e1tico y la necesidad de trabajar juntos para impulsar el cambio positivo en la naci\u00f3n. Adem\u00e1s, reafirm\u00f3 el compromiso del movimiento L&#8217;Sunami Electoral de apoyar al presidente y trabajar incansablemente para promover sus iniciativas y programas en beneficio del pueblo dominicano.<\/p>\n<p style=\"text-align: justify;\">El acto concluy\u00f3 con muestras de entusiasmo y compromiso por parte de los presentes, quienes se comprometieron a trabajar arduamente para fortalecer el respaldo al presidente y contribuir al \u00e9xito de su gesti\u00f3n.<\/p>\n<p>&nbsp;<\/p>\n<p>Fuente: Externa<\/p>\n","protected":false},"excerpt":{"rendered":"<p>Sabana Yegua, Rep\u00fablica Dominicana.- El coordinador general del movimiento L&#8217;Sunami Electoral, Carlos George, encabez\u00f3 la<\/p>\n","protected":false},"author":1,"featured_media":0,"comment_status":"open","ping_status":"open","sticky":false,"template":"","format":"standard","meta":{"footnotes":""},"categories":[12],"tags":[],"class_list":["post-13883","post","type-post","status-publish","format-standard","hentry","category-politicas"],"_links":{"self":[{"href":"https:\/\/laverdadpublica.com\/index.php\/wp-json\/wp\/v2\/posts\/13883","targetHints":{"allow":["GET"]}}],"collection":[{"href":"https:\/\/laverdadpublica.com\/index.php\/wp-json\/wp\/v2\/posts"}],"about":[{"href":"https:\/\/laverdadpublica.com\/index.php\/wp-json\/wp\/v2\/types\/post"}],"author":[{"embeddable":true,"href":"https:\/\/laverdadpublica.com\/index.php\/wp-json\/wp\/v2\/users\/1"}],"replies":[{"embeddable":true,"href":"https:\/\/laverdadpublica.com\/index.php\/wp-json\/wp\/v2\/comments?post=13883"}],"version-history":[{"count":1,"href":"https:\/\/laverdadpublica.com\/index.php\/wp-json\/wp\/v2\/posts\/13883\/revisions"}],"predecessor-version":[{"id":13886,"href":"https:\/\/laverdadpublica.com\/index.php\/wp-json\/wp\/v2\/posts\/13883\/revisions\/13886"}],"wp:attachment":[{"href":"https:\/\/laverdadpublica.com\/index.php\/wp-json\/wp\/v2\/media?parent=13883"}],"wp:term":[{"taxonomy":"category","embeddable":true,"href":"https:\/\/laverdadpublica.com\/index.php\/wp-json\/wp\/v2\/categories?post=13883"},{"taxonomy":"post_tag","embeddable":true,"href":"https:\/\/laverdadpublica.com\/index.php\/wp-json\/wp\/v2\/tags?post=13883"}],"curies":[{"name":"wp","href":"https:\/\/api.w.org\/{rel}","templated":true}]}}