{"id":14029,"date":"2024-03-19T00:02:16","date_gmt":"2024-03-19T00:02:16","guid":{"rendered":"https:\/\/laverdadpublica.com\/?p=14029"},"modified":"2024-03-21T00:05:01","modified_gmt":"2024-03-21T00:05:01","slug":"mujeres-empoderadas-que-empoderan-destaca-a-la-mujer-dominicana-en-madrid","status":"publish","type":"post","link":"https:\/\/laverdadpublica.com\/index.php\/2024\/03\/19\/mujeres-empoderadas-que-empoderan-destaca-a-la-mujer-dominicana-en-madrid\/","title":{"rendered":"\u00abMujeres Empoderadas que Empoderan\u00bb destaca a la mujer dominicana en Madrid"},"content":{"rendered":"<p>&nbsp;<\/p>\n<article id=\"post-1611689\" class=\"post-1611689 post type-post status-publish format-standard has-post-thumbnail hentry category-gente\">\n<div class=\"post-thumbnail w-100 m-0\" style=\"text-align: justify;\" data-fancybox=\"\" data-src=\"https:\/\/idmphsmkuxkn.compat.objectstorage.us-ashburn-1.oraclecloud.com\/elcaribe-bucket\/uploads\/2024\/03\/65f9928530ce8_whatsapp-image-2024-03-19-at-91119-am.jpeg.webp\" data-caption=\"\"><img decoding=\"async\" class=\"attachment-large  wp-post-image lazyloaded alignleft\" data-src=\"https:\/\/idmphsmkuxkn.compat.objectstorage.us-ashburn-1.oraclecloud.com\/elcaribe-bucket\/uploads\/2024\/03\/65f9928530ce8_whatsapp-image-2024-03-19-at-91119-am-1024x709.jpeg.webp\" data-sizes=\"(max-width: 1024px) 100vw, 1024px\" data-srcset=\"https:\/\/idmphsmkuxkn.compat.objectstorage.us-ashburn-1.oraclecloud.com\/elcaribe-bucket\/uploads\/2024\/03\/65f9928530ce8_whatsapp-image-2024-03-19-at-91119-am-300x208.jpeg.webp 300w, https:\/\/idmphsmkuxkn.compat.objectstorage.us-ashburn-1.oraclecloud.com\/elcaribe-bucket\/uploads\/2024\/03\/65f9928530ce8_whatsapp-image-2024-03-19-at-91119-am-1024x709.jpeg.webp 1024w, https:\/\/idmphsmkuxkn.compat.objectstorage.us-ashburn-1.oraclecloud.com\/elcaribe-bucket\/uploads\/2024\/03\/65f9928530ce8_whatsapp-image-2024-03-19-at-91119-am-768x532.jpeg.webp 768w, https:\/\/idmphsmkuxkn.compat.objectstorage.us-ashburn-1.oraclecloud.com\/elcaribe-bucket\/uploads\/2024\/03\/65f9928530ce8_whatsapp-image-2024-03-19-at-91119-am-1536x1064.jpeg.webp 1536w, https:\/\/idmphsmkuxkn.compat.objectstorage.us-ashburn-1.oraclecloud.com\/elcaribe-bucket\/uploads\/2024\/03\/65f9928530ce8_whatsapp-image-2024-03-19-at-91119-am-150x104.jpeg.webp 150w, https:\/\/idmphsmkuxkn.compat.objectstorage.us-ashburn-1.oraclecloud.com\/elcaribe-bucket\/uploads\/2024\/03\/65f9928530ce8_whatsapp-image-2024-03-19-at-91119-am.jpeg.webp 1600w\" alt=\"\" width=\"460\" height=\"318\" data-ll-status=\"loaded\" src=\"data:image\/svg+xml;base64,PHN2ZyB3aWR0aD0iMSIgaGVpZ2h0PSIxIiB4bWxucz0iaHR0cDovL3d3dy53My5vcmcvMjAwMC9zdmciPjwvc3ZnPg==\" style=\"--smush-placeholder-width: 460px; --smush-placeholder-aspect-ratio: 460\/318;\" \/><\/div>\n<div class=\"entry-content\" style=\"text-align: justify;\">\n<div class=\"content\">\n<p style=\"text-align: justify;\"><strong>Madrid, Espa\u00f1a \u2013\u00a0<\/strong>En el marco del Mes de la Mujer, el evento \u00abMujeres Empoderadas que Empoderan\u00bb celebr\u00f3 su tercer aniversario con un extraordinario \u00e9xito en Madrid.<\/p>\n<p style=\"text-align: justify;\">Esta iniciativa, organizada por el Instituto de Dominicanos y Dominicanas en el Exterior (INDEX), de la mano de Lilian N\u00fa\u00f1ez y todo el equipo ha dejado una marca indeleble en la comunidad emigrante dominicana residente en Espa\u00f1a.<\/p>\n<div id=\"standard_9\" class=\"st-placement standard_9 inArticle\" style=\"text-align: justify;\">\n<div class=\"st-adunit-inarticle st-inarticle-slot\">\n<div class=\"st-adunit st-adunit-tagged st-reset st-show\">\n<div class=\"st-adunit-ad st-reset\">\n<div class=\"st-display-render st-reset open 728x90\">\n<div class=\"st-canvas st-reset horizontal-static\">El evento, que tuvo lugar el pasado 9 de marzo, cont\u00f3 con la participaci\u00f3n de destacadas personalidades, entre ellas el Viceministro y Director del INDEX, Carlos de la Mota, y el Embajador Juan Bol\u00edvar D\u00edaz.<\/div>\n<div><\/div>\n<div class=\"st-canvas st-reset horizontal-static\">Las comunicadoras Idelsa N\u00fa\u00f1ez y Lissette Selman condujeron la velada. Un total de 18 panelistas compartieron sus historias m\u00e1s conmovedoras como emigrantes en Espa\u00f1a, cargadas de valent\u00eda y determinaci\u00f3n.<\/div>\n<\/div>\n<div><\/div>\n<div class=\"st-display-render st-reset open 728x90\">\n<div><img decoding=\"async\" class=\"alignright lazyload\" data-src=\"https:\/\/idmphsmkuxkn.compat.objectstorage.us-ashburn-1.oraclecloud.com\/elcaribe-bucket\/uploads\/2024\/03\/65f992a5e4835_whatsapp-image-2024-03-19-at-91118-am-1024x709.jpeg\" width=\"390\" height=\"270\" src=\"data:image\/svg+xml;base64,PHN2ZyB3aWR0aD0iMSIgaGVpZ2h0PSIxIiB4bWxucz0iaHR0cDovL3d3dy53My5vcmcvMjAwMC9zdmciPjwvc3ZnPg==\" style=\"--smush-placeholder-width: 390px; --smush-placeholder-aspect-ratio: 390\/270;\" \/><\/div>\n<div class=\"st-canvas st-reset horizontal-static\">Entre las panelistas se destacaron figuras como Haidy Cruz, Rayvelis Roa, cuyas experiencias sirvieron de inspiraci\u00f3n para los presentes. Este evento se ha convertido en un punto de referencia anual para la comunidad dominicana en Espa\u00f1a, brindando un espacio para el empoderamiento y el intercambio de experiencias.<\/div>\n<div><\/div>\n<\/div>\n<\/div>\n<\/div>\n<\/div>\n<\/div>\n<div id=\"\" class=\"mmc_ads \" style=\"text-align: justify;\">\n<div id=\"div-gpt-ad-elCaribe_300x250_inread\" class=\"\" data-google-query-id=\"CKWThN2GhIUDFZvPKAUd5dgB8A\">\n<div id=\"google_ads_iframe_\/22084339\/elCaribe_300x250_inread_0__container__\">Este evento cont\u00f3 con\u00a0 la colaboraci\u00f3n de la\u00a0Embajada Dominicana\u00a0en Espa\u00f1a. Asimismo, Lilian N\u00fa\u00f1ez, autora intelectual y\u00a0 organizadora del evento, reconoce la invaluable contribuci\u00f3n de Dania Morillo, compa\u00f1era tambi\u00e9n e integrante del INDEX.<\/div>\n<\/div>\n<\/div>\n<\/div>\n<\/div>\n<\/article>\n<p>&nbsp;<\/p>\n<div style=\"text-align: justify;\"><\/div>\n<div style=\"text-align: justify;\"><\/div>\n<div style=\"text-align: justify;\">Fuente: El Caribe<\/div>\n","protected":false},"excerpt":{"rendered":"<p>&nbsp; Madrid, Espa\u00f1a \u2013\u00a0En el marco del Mes de la Mujer, el evento \u00abMujeres Empoderadas<\/p>\n","protected":false},"author":4,"featured_media":0,"comment_status":"open","ping_status":"open","sticky":false,"template":"","format":"standard","meta":{"footnotes":""},"categories":[16],"tags":[],"class_list":["post-14029","post","type-post","status-publish","format-standard","hentry","category-internacionales"],"_links":{"self":[{"href":"https:\/\/laverdadpublica.com\/index.php\/wp-json\/wp\/v2\/posts\/14029","targetHints":{"allow":["GET"]}}],"collection":[{"href":"https:\/\/laverdadpublica.com\/index.php\/wp-json\/wp\/v2\/posts"}],"about":[{"href":"https:\/\/laverdadpublica.com\/index.php\/wp-json\/wp\/v2\/types\/post"}],"author":[{"embeddable":true,"href":"https:\/\/laverdadpublica.com\/index.php\/wp-json\/wp\/v2\/users\/4"}],"replies":[{"embeddable":true,"href":"https:\/\/laverdadpublica.com\/index.php\/wp-json\/wp\/v2\/comments?post=14029"}],"version-history":[{"count":2,"href":"https:\/\/laverdadpublica.com\/index.php\/wp-json\/wp\/v2\/posts\/14029\/revisions"}],"predecessor-version":[{"id":14031,"href":"https:\/\/laverdadpublica.com\/index.php\/wp-json\/wp\/v2\/posts\/14029\/revisions\/14031"}],"wp:attachment":[{"href":"https:\/\/laverdadpublica.com\/index.php\/wp-json\/wp\/v2\/media?parent=14029"}],"wp:term":[{"taxonomy":"category","embeddable":true,"href":"https:\/\/laverdadpublica.com\/index.php\/wp-json\/wp\/v2\/categories?post=14029"},{"taxonomy":"post_tag","embeddable":true,"href":"https:\/\/laverdadpublica.com\/index.php\/wp-json\/wp\/v2\/tags?post=14029"}],"curies":[{"name":"wp","href":"https:\/\/api.w.org\/{rel}","templated":true}]}}