{"id":14101,"date":"2024-03-21T18:38:26","date_gmt":"2024-03-21T18:38:26","guid":{"rendered":"https:\/\/laverdadpublica.com\/?p=14101"},"modified":"2024-03-21T18:38:26","modified_gmt":"2024-03-21T18:38:26","slug":"maribel-nunez-y-maria-carla-picon-presentan-libro-el-docente-novel-en-educacion-superior","status":"publish","type":"post","link":"https:\/\/laverdadpublica.com\/index.php\/2024\/03\/21\/maribel-nunez-y-maria-carla-picon-presentan-libro-el-docente-novel-en-educacion-superior\/","title":{"rendered":"Maribel Nu\u00f1ez y Mar\u00eda Carla Picon presentan libro \u201cEl Docente Novel en Educaci\u00f3n Superior\u201d"},"content":{"rendered":"<p style=\"text-align: justify;\"><span style=\"font-weight: 400;\"><img decoding=\"async\" class=\"size-medium wp-image-14102 alignleft lazyload\" data-src=\"https:\/\/laverdadpublica.com\/wp-content\/uploads\/2024\/03\/3-EL-DOCENTE-NOVEL-EN-EDUCACION-SUPERIOR-PORTADA-200x300.jpg\" alt=\"\" width=\"200\" height=\"300\" data-srcset=\"https:\/\/laverdadpublica.com\/wp-content\/uploads\/2024\/03\/3-EL-DOCENTE-NOVEL-EN-EDUCACION-SUPERIOR-PORTADA-200x300.jpg 200w, https:\/\/laverdadpublica.com\/wp-content\/uploads\/2024\/03\/3-EL-DOCENTE-NOVEL-EN-EDUCACION-SUPERIOR-PORTADA-683x1024.jpg 683w, https:\/\/laverdadpublica.com\/wp-content\/uploads\/2024\/03\/3-EL-DOCENTE-NOVEL-EN-EDUCACION-SUPERIOR-PORTADA-768x1151.jpg 768w, https:\/\/laverdadpublica.com\/wp-content\/uploads\/2024\/03\/3-EL-DOCENTE-NOVEL-EN-EDUCACION-SUPERIOR-PORTADA.jpg 1000w\" data-sizes=\"(max-width: 200px) 100vw, 200px\" src=\"data:image\/svg+xml;base64,PHN2ZyB3aWR0aD0iMSIgaGVpZ2h0PSIxIiB4bWxucz0iaHR0cDovL3d3dy53My5vcmcvMjAwMC9zdmciPjwvc3ZnPg==\" style=\"--smush-placeholder-width: 200px; --smush-placeholder-aspect-ratio: 200\/300;\" \/>Con la finalidad de presentar una perspectiva de la realidad que viven los docentes en el proceso de inserci\u00f3n del docente novel del nivel universitario ser\u00e1 puesto en circulaci\u00f3n el libro <\/span><b>\u201cEl Docente Novel en Educaci\u00f3n Superior\u201d <\/b><span style=\"font-weight: 400;\">de la autor\u00eda de las destacadas <\/span><b>maestras Maribel N\u00fa\u00f1ez M\u00e9ndez y Mar\u00eda C. Pic\u00f3n.<\/b><\/p>\n<p style=\"text-align: justify;\"><span style=\"font-weight: 400;\">El evento de lanzamiento de esta majestuosa obra pretende reunir a personal docente de diferentes academias universitarias del pa\u00eds, de la mano de la<\/span><b> casa editora\u00a0 DiEditores<\/b><span style=\"font-weight: 400;\"> y contar\u00e1 con la participaci\u00f3n de diferentes personalidades.<\/span><\/p>\n<p style=\"text-align: justify;\"><span style=\"font-weight: 400;\">Nu\u00f1ez y Pic\u00f3n, dos maestras de larga data, <\/span><b>estudian, desde el punto de vista del docente universitario, cuales son los recursos formativos que necesita el profesor novel para cumplir con los requerimientos y exigencias de la educaci\u00f3n superior de hoy d\u00eda.<\/b><\/p>\n<p style=\"text-align: justify;\"><span style=\"font-weight: 400;\">Las escritoras cuentan con suficiente conocimiento de causa sobre algunos aspectos importantes dado que <\/span><b>existen diversos factores que pueden ser inherentes o influir en las metodolog\u00edas did\u00e1cticas implementadas por el profesorado<\/b><span style=\"font-weight: 400;\">.<img decoding=\"async\" class=\"size-medium wp-image-14103 alignright lazyload\" data-src=\"https:\/\/laverdadpublica.com\/wp-content\/uploads\/2024\/03\/1-MARIBEL-NUNEZ-225x300.jpg\" alt=\"\" width=\"225\" height=\"300\" data-srcset=\"https:\/\/laverdadpublica.com\/wp-content\/uploads\/2024\/03\/1-MARIBEL-NUNEZ-225x300.jpg 225w, https:\/\/laverdadpublica.com\/wp-content\/uploads\/2024\/03\/1-MARIBEL-NUNEZ-768x1024.jpg 768w, https:\/\/laverdadpublica.com\/wp-content\/uploads\/2024\/03\/1-MARIBEL-NUNEZ-450x600.jpg 450w, https:\/\/laverdadpublica.com\/wp-content\/uploads\/2024\/03\/1-MARIBEL-NUNEZ.jpg 1104w\" data-sizes=\"(max-width: 225px) 100vw, 225px\" src=\"data:image\/svg+xml;base64,PHN2ZyB3aWR0aD0iMSIgaGVpZ2h0PSIxIiB4bWxucz0iaHR0cDovL3d3dy53My5vcmcvMjAwMC9zdmciPjwvc3ZnPg==\" style=\"--smush-placeholder-width: 225px; --smush-placeholder-aspect-ratio: 225\/300;\" \/><\/span><\/p>\n<p style=\"text-align: justify;\"><span style=\"font-weight: 400;\">Este libro parte de una necesidad com\u00fan en el \u00e1mbito universitario y <\/span><b>\u201csurge como respuesta a ella y con la firme intenci\u00f3n de transformar el proceso de inserci\u00f3n y desarrollo del docente novel<\/b><span style=\"font-weight: 400;\">\u201d, indica Mar\u00eda Pic\u00f3n.<\/span><\/p>\n<p style=\"text-align: justify;\"><span style=\"font-weight: 400;\">La obra denominada <\/span><b>\u201cprograma de formaci\u00f3n para el profesor universitario\u201d <\/b><span style=\"font-weight: 400;\">ver\u00e1 la luz en un encuentro que contar\u00e1 con la presencia de maestros, estudiantes y profesionales de diferentes \u00e1reas vinculadas a la docencia universitaria en nuestro pa\u00eds.<\/span><\/p>\n<p style=\"text-align: justify;\"><span style=\"font-weight: 400;\"><img decoding=\"async\" class=\"size-medium wp-image-14104 alignleft lazyload\" data-src=\"https:\/\/laverdadpublica.com\/wp-content\/uploads\/2024\/03\/2-MARIA-CARLA-PICON-300x300.jpg\" alt=\"\" width=\"300\" height=\"300\" data-srcset=\"https:\/\/laverdadpublica.com\/wp-content\/uploads\/2024\/03\/2-MARIA-CARLA-PICON-300x300.jpg 300w, https:\/\/laverdadpublica.com\/wp-content\/uploads\/2024\/03\/2-MARIA-CARLA-PICON-150x150.jpg 150w, https:\/\/laverdadpublica.com\/wp-content\/uploads\/2024\/03\/2-MARIA-CARLA-PICON.jpg 560w\" data-sizes=\"(max-width: 300px) 100vw, 300px\" src=\"data:image\/svg+xml;base64,PHN2ZyB3aWR0aD0iMSIgaGVpZ2h0PSIxIiB4bWxucz0iaHR0cDovL3d3dy53My5vcmcvMjAwMC9zdmciPjwvc3ZnPg==\" style=\"--smush-placeholder-width: 300px; --smush-placeholder-aspect-ratio: 300\/300;\" \/>El encuentro ser\u00e1 llevado a cabo en la Universidad Pedro Henr\u00edquez Ure\u00f1a (UNPHU) este jueves 21 de marzo a las 5:00 horas de la tarde.<\/span><\/p>\n<p style=\"text-align: justify;\"><b>Sobre las autoras:<\/b><\/p>\n<p style=\"text-align: justify;\"><b>Pic\u00f3n <\/b><span style=\"font-weight: 400;\">es profesora de la Pontificia Universidad Cat\u00f3lica Madre y Maestra (PUCMM), igualmente labora para el Instituto Tecnol\u00f3gico de Santo Domingo (INTEC) en su rol de correctora de estilo, y es Directora Editoral en DiEditores desde hace casi 3 a\u00f1os.<\/span><\/p>\n<p style=\"text-align: justify;\"><b>N\u00fa\u00f1ez M\u00e9ndez <\/b><span style=\"font-weight: 400;\">es Doctora en Educaci\u00f3n, cuenta con varias maestr\u00edas, ha realizado publicaciones en revistas de investigaci\u00f3n tanto en el pa\u00eds como en el extranjero. Actualmente coordina la Direcci\u00f3n de Postgrado del ISFODOSU, y es maestra en INTEC. Cuenta con m\u00e1s de 20 a\u00f1os de experiencia vinculadas a la docencia en diferentes escuelas de grado y postgrado en universidades dominicanas y en el extarnjero.<\/span><\/p>\n<p style=\"text-align: justify;\"><span style=\"font-weight: 400;\">Ver obra en <\/span><a href=\"https:\/\/www.amazon.com\/dp\/9945941089\"><span style=\"font-weight: 400;\">Amazon<\/span><\/a><span style=\"font-weight: 400;\">: <\/span><a href=\"https:\/\/www.amazon.com\/dp\/9945941089\"><span style=\"font-weight: 400;\">https:\/\/www.amazon.com\/dp\/9945941089<\/span><\/a><span style=\"font-weight: 400;\">\u00a0<\/span><\/p>\n<p>&nbsp;<\/p>\n<p>Fuente: FuentesPrecisas<\/p>\n","protected":false},"excerpt":{"rendered":"<p>Con la finalidad de presentar una perspectiva de la realidad que viven los docentes en<\/p>\n","protected":false},"author":2,"featured_media":0,"comment_status":"open","ping_status":"open","sticky":false,"template":"","format":"standard","meta":{"footnotes":""},"categories":[7],"tags":[],"class_list":["post-14101","post","type-post","status-publish","format-standard","hentry","category-nacionales"],"_links":{"self":[{"href":"https:\/\/laverdadpublica.com\/index.php\/wp-json\/wp\/v2\/posts\/14101","targetHints":{"allow":["GET"]}}],"collection":[{"href":"https:\/\/laverdadpublica.com\/index.php\/wp-json\/wp\/v2\/posts"}],"about":[{"href":"https:\/\/laverdadpublica.com\/index.php\/wp-json\/wp\/v2\/types\/post"}],"author":[{"embeddable":true,"href":"https:\/\/laverdadpublica.com\/index.php\/wp-json\/wp\/v2\/users\/2"}],"replies":[{"embeddable":true,"href":"https:\/\/laverdadpublica.com\/index.php\/wp-json\/wp\/v2\/comments?post=14101"}],"version-history":[{"count":1,"href":"https:\/\/laverdadpublica.com\/index.php\/wp-json\/wp\/v2\/posts\/14101\/revisions"}],"predecessor-version":[{"id":14105,"href":"https:\/\/laverdadpublica.com\/index.php\/wp-json\/wp\/v2\/posts\/14101\/revisions\/14105"}],"wp:attachment":[{"href":"https:\/\/laverdadpublica.com\/index.php\/wp-json\/wp\/v2\/media?parent=14101"}],"wp:term":[{"taxonomy":"category","embeddable":true,"href":"https:\/\/laverdadpublica.com\/index.php\/wp-json\/wp\/v2\/categories?post=14101"},{"taxonomy":"post_tag","embeddable":true,"href":"https:\/\/laverdadpublica.com\/index.php\/wp-json\/wp\/v2\/tags?post=14101"}],"curies":[{"name":"wp","href":"https:\/\/api.w.org\/{rel}","templated":true}]}}