{"id":14390,"date":"2024-03-26T02:21:55","date_gmt":"2024-03-26T02:21:55","guid":{"rendered":"https:\/\/laverdadpublica.com\/?p=14390"},"modified":"2024-03-27T02:23:16","modified_gmt":"2024-03-27T02:23:16","slug":"proyecto-de-modificacion-ley-organica-de-educacion-es-garantista-de-derechos","status":"publish","type":"post","link":"https:\/\/laverdadpublica.com\/index.php\/2024\/03\/26\/proyecto-de-modificacion-ley-organica-de-educacion-es-garantista-de-derechos\/","title":{"rendered":"Proyecto de modificaci\u00f3n Ley org\u00e1nica de educaci\u00f3n es garantista de derechos"},"content":{"rendered":"<p style=\"text-align: justify;\"><img decoding=\"async\" class=\"size-medium wp-image-14391 alignleft lazyload\" data-src=\"https:\/\/laverdadpublica.com\/wp-content\/uploads\/2024\/03\/IMG-20240326-WA0238-282x300.jpg\" alt=\"\" width=\"282\" height=\"300\" data-srcset=\"https:\/\/laverdadpublica.com\/wp-content\/uploads\/2024\/03\/IMG-20240326-WA0238-282x300.jpg 282w, https:\/\/laverdadpublica.com\/wp-content\/uploads\/2024\/03\/IMG-20240326-WA0238-961x1024.jpg 961w, https:\/\/laverdadpublica.com\/wp-content\/uploads\/2024\/03\/IMG-20240326-WA0238-768x818.jpg 768w, https:\/\/laverdadpublica.com\/wp-content\/uploads\/2024\/03\/IMG-20240326-WA0238.jpg 1326w\" data-sizes=\"(max-width: 282px) 100vw, 282px\" src=\"data:image\/svg+xml;base64,PHN2ZyB3aWR0aD0iMSIgaGVpZ2h0PSIxIiB4bWxucz0iaHR0cDovL3d3dy53My5vcmcvMjAwMC9zdmciPjwvc3ZnPg==\" style=\"--smush-placeholder-width: 282px; --smush-placeholder-aspect-ratio: 282\/300;\" \/><\/p>\n<p style=\"text-align: justify;\">Menegildo De la Rosa secretario General de la corriente Magisterial Juan Pablo Duarte considera que el proyecto de ley que modifica la ley org\u00e1nica de educaci\u00f3n 66-97 es garantista de los derecho del magisterio y de una educaci\u00f3n de calidad.<\/p>\n<p style=\"text-align: justify;\">Menegildo De la Rosa expres\u00f3 qu\u00e9 hay algunos aspectos que deben ser mejorados entre ellos la evaluacion del desempe\u00f1o para directores y docentes que no debe tener car\u00e1cter pugnitivo, a los profesores y directores que queden mejorables debe elaborarse un plan de mejora para que cualifique su pr\u00e1ctica.<\/p>\n<p style=\"text-align: justify;\">De igual manera seg\u00fan manifiesta la Ley debe contener la escala de incentivos seg\u00fan la calificaci\u00f3n que debe obedecer al criterio usado en las dos ultimas evaluaciones del desempe\u00f1o que va desde un 5 % para los mejorables y hasta un 32% para los que califiquen como excelente, \u00abdemando la inclusi\u00f3n dentro de los satisfactores laborales la implementaci\u00f3n del a\u00f1o sab\u00e1tico cada 5 a\u00f1os de trabajo ininterrumpido del maestro un a\u00f1o sin docencia y con disfrute de sueldos para que actualice sus conocimientos pedag\u00f3gicos y documente su experiencia como docente\u00bb.<\/p>\n<p style=\"text-align: justify;\"><img decoding=\"async\" class=\"size-medium wp-image-14392 alignright lazyload\" data-src=\"https:\/\/laverdadpublica.com\/wp-content\/uploads\/2024\/03\/IMG-20240326-WA0238-1-282x300.jpg\" alt=\"\" width=\"282\" height=\"300\" data-srcset=\"https:\/\/laverdadpublica.com\/wp-content\/uploads\/2024\/03\/IMG-20240326-WA0238-1-282x300.jpg 282w, https:\/\/laverdadpublica.com\/wp-content\/uploads\/2024\/03\/IMG-20240326-WA0238-1-961x1024.jpg 961w, https:\/\/laverdadpublica.com\/wp-content\/uploads\/2024\/03\/IMG-20240326-WA0238-1-768x818.jpg 768w, https:\/\/laverdadpublica.com\/wp-content\/uploads\/2024\/03\/IMG-20240326-WA0238-1.jpg 1326w\" data-sizes=\"(max-width: 282px) 100vw, 282px\" src=\"data:image\/svg+xml;base64,PHN2ZyB3aWR0aD0iMSIgaGVpZ2h0PSIxIiB4bWxucz0iaHR0cDovL3d3dy53My5vcmcvMjAwMC9zdmciPjwvc3ZnPg==\" style=\"--smush-placeholder-width: 282px; --smush-placeholder-aspect-ratio: 282\/300;\" \/><\/p>\n<p style=\"text-align: justify;\">Menegildo De la Rosa entiende que el proyecto contiene la mayor\u00eda de las reivindicaciones del magisterio que fueron trabajadas por una comisi\u00f3n de alto nivel de la ADP en los a\u00f1os 2018 a la fecha y que est\u00e1n incorporados en el nuevo proyecto de modificaci\u00f3n de la Ley org\u00e1nica de Educaci\u00f3n 66-97, \u00abesperamos que sea consensuada entre los sectores interesados, ir a vista p\u00fablica tan pronto como sea sometida al congreso y votada a unanimidad ya que los nuevos tiempos demandan de un proyecto contextualizado al momento que vivimos, manifest\u00f3 Menegildo De La Rosa.<\/p>\n<p style=\"text-align: justify;\">Asimismo dijo \u00abla nueva Ley establece criterios claros tanto para el desarrollo del pa\u00eds como para la mejora de las condiciones de vida y de trabajo de los maestros y en ara la educaci\u00f3n que el pa\u00eds necesita.<\/p>\n<p style=\"text-align: justify;\">Fuente: Externa<\/p>\n","protected":false},"excerpt":{"rendered":"<p>Menegildo De la Rosa secretario General de la corriente Magisterial Juan Pablo Duarte considera que<\/p>\n","protected":false},"author":1,"featured_media":0,"comment_status":"open","ping_status":"open","sticky":false,"template":"","format":"standard","meta":{"footnotes":""},"categories":[7],"tags":[],"class_list":["post-14390","post","type-post","status-publish","format-standard","hentry","category-nacionales"],"_links":{"self":[{"href":"https:\/\/laverdadpublica.com\/index.php\/wp-json\/wp\/v2\/posts\/14390","targetHints":{"allow":["GET"]}}],"collection":[{"href":"https:\/\/laverdadpublica.com\/index.php\/wp-json\/wp\/v2\/posts"}],"about":[{"href":"https:\/\/laverdadpublica.com\/index.php\/wp-json\/wp\/v2\/types\/post"}],"author":[{"embeddable":true,"href":"https:\/\/laverdadpublica.com\/index.php\/wp-json\/wp\/v2\/users\/1"}],"replies":[{"embeddable":true,"href":"https:\/\/laverdadpublica.com\/index.php\/wp-json\/wp\/v2\/comments?post=14390"}],"version-history":[{"count":1,"href":"https:\/\/laverdadpublica.com\/index.php\/wp-json\/wp\/v2\/posts\/14390\/revisions"}],"predecessor-version":[{"id":14393,"href":"https:\/\/laverdadpublica.com\/index.php\/wp-json\/wp\/v2\/posts\/14390\/revisions\/14393"}],"wp:attachment":[{"href":"https:\/\/laverdadpublica.com\/index.php\/wp-json\/wp\/v2\/media?parent=14390"}],"wp:term":[{"taxonomy":"category","embeddable":true,"href":"https:\/\/laverdadpublica.com\/index.php\/wp-json\/wp\/v2\/categories?post=14390"},{"taxonomy":"post_tag","embeddable":true,"href":"https:\/\/laverdadpublica.com\/index.php\/wp-json\/wp\/v2\/tags?post=14390"}],"curies":[{"name":"wp","href":"https:\/\/api.w.org\/{rel}","templated":true}]}}