{"id":14629,"date":"2024-04-03T14:37:33","date_gmt":"2024-04-03T14:37:33","guid":{"rendered":"https:\/\/laverdadpublica.com\/?p=14629"},"modified":"2024-04-03T14:37:33","modified_gmt":"2024-04-03T14:37:33","slug":"grupo-de-medios-el-democrata-transmitira-debates-organizados-por-codessd","status":"publish","type":"post","link":"https:\/\/laverdadpublica.com\/index.php\/2024\/04\/03\/grupo-de-medios-el-democrata-transmitira-debates-organizados-por-codessd\/","title":{"rendered":"Grupo de Medios El Dem\u00f3crata transmitir\u00e1 debates organizados por CODESSD"},"content":{"rendered":"<p style=\"text-align: justify;\"><img decoding=\"async\" class=\"size-medium wp-image-14630 alignright lazyload\" data-src=\"https:\/\/laverdadpublica.com\/wp-content\/uploads\/2024\/04\/IMG-20240402-WA0034-300x169.jpg\" alt=\"\" width=\"300\" height=\"169\" data-srcset=\"https:\/\/laverdadpublica.com\/wp-content\/uploads\/2024\/04\/IMG-20240402-WA0034-300x169.jpg 300w, https:\/\/laverdadpublica.com\/wp-content\/uploads\/2024\/04\/IMG-20240402-WA0034-1024x576.jpg 1024w, https:\/\/laverdadpublica.com\/wp-content\/uploads\/2024\/04\/IMG-20240402-WA0034-768x432.jpg 768w, https:\/\/laverdadpublica.com\/wp-content\/uploads\/2024\/04\/IMG-20240402-WA0034-1536x864.jpg 1536w, https:\/\/laverdadpublica.com\/wp-content\/uploads\/2024\/04\/IMG-20240402-WA0034-800x450.jpg 800w, https:\/\/laverdadpublica.com\/wp-content\/uploads\/2024\/04\/IMG-20240402-WA0034.jpg 1600w\" data-sizes=\"(max-width: 300px) 100vw, 300px\" src=\"data:image\/svg+xml;base64,PHN2ZyB3aWR0aD0iMSIgaGVpZ2h0PSIxIiB4bWxucz0iaHR0cDovL3d3dy53My5vcmcvMjAwMC9zdmciPjwvc3ZnPg==\" style=\"--smush-placeholder-width: 300px; --smush-placeholder-aspect-ratio: 300\/169;\" \/><\/p>\n<p style=\"text-align: justify;\">SANTO DOMINGO.-El Grupo de Medios El Dem\u00f3crata inform\u00f3 que se suma a la transmisi\u00f3n de los debates organizados por el Consejo de Desarrollo Econ\u00f3mico y Social de Santo Domingo (CODESSD), para conocer las propuestas de los distintos candidatos presidenciales y congresuales de cara a las elecciones de mayo 2024.<\/p>\n<p style=\"text-align: justify;\">El Grupo de Medios El Dem\u00f3crata estar\u00e1 d\u00e1ndole cobertura a trav\u00e9s de su distintas plataformas digitales, transmitiendo cada uno de los encuentros en cada una de nuestras poderosas plataformas y redes sociales; Twitter Live, Facebook Live, Instagram Live, y Tiktok Live las cuales cuentan con miles de seguidores.<\/p>\n<p style=\"text-align: justify;\">Con la realizaci\u00f3n de estos debates se busca que los candidatos a diferentes puestos tengan un escenario donde exponen sus propuestas al electorado, lo que tambi\u00e9n servir\u00e1 para que el votante tenga una idea m\u00e1s acabada acerca de sus aspirantes.<\/p>\n<p>Fuente: Grupo de Medios El Dem\u00f3crata<\/p>\n","protected":false},"excerpt":{"rendered":"<p>SANTO DOMINGO.-El Grupo de Medios El Dem\u00f3crata inform\u00f3 que se suma a la transmisi\u00f3n de<\/p>\n","protected":false},"author":2,"featured_media":0,"comment_status":"open","ping_status":"open","sticky":false,"template":"","format":"standard","meta":{"footnotes":""},"categories":[7],"tags":[],"class_list":["post-14629","post","type-post","status-publish","format-standard","hentry","category-nacionales"],"_links":{"self":[{"href":"https:\/\/laverdadpublica.com\/index.php\/wp-json\/wp\/v2\/posts\/14629","targetHints":{"allow":["GET"]}}],"collection":[{"href":"https:\/\/laverdadpublica.com\/index.php\/wp-json\/wp\/v2\/posts"}],"about":[{"href":"https:\/\/laverdadpublica.com\/index.php\/wp-json\/wp\/v2\/types\/post"}],"author":[{"embeddable":true,"href":"https:\/\/laverdadpublica.com\/index.php\/wp-json\/wp\/v2\/users\/2"}],"replies":[{"embeddable":true,"href":"https:\/\/laverdadpublica.com\/index.php\/wp-json\/wp\/v2\/comments?post=14629"}],"version-history":[{"count":1,"href":"https:\/\/laverdadpublica.com\/index.php\/wp-json\/wp\/v2\/posts\/14629\/revisions"}],"predecessor-version":[{"id":14631,"href":"https:\/\/laverdadpublica.com\/index.php\/wp-json\/wp\/v2\/posts\/14629\/revisions\/14631"}],"wp:attachment":[{"href":"https:\/\/laverdadpublica.com\/index.php\/wp-json\/wp\/v2\/media?parent=14629"}],"wp:term":[{"taxonomy":"category","embeddable":true,"href":"https:\/\/laverdadpublica.com\/index.php\/wp-json\/wp\/v2\/categories?post=14629"},{"taxonomy":"post_tag","embeddable":true,"href":"https:\/\/laverdadpublica.com\/index.php\/wp-json\/wp\/v2\/tags?post=14629"}],"curies":[{"name":"wp","href":"https:\/\/api.w.org\/{rel}","templated":true}]}}