{"id":14790,"date":"2024-04-05T22:55:02","date_gmt":"2024-04-05T22:55:02","guid":{"rendered":"https:\/\/laverdadpublica.com\/?p=14790"},"modified":"2024-04-06T22:57:25","modified_gmt":"2024-04-06T22:57:25","slug":"chispa-kreativa-event-celebrando-la-innovacion-y-el-emprendimiento-creativo-en-santo-domingo","status":"publish","type":"post","link":"https:\/\/laverdadpublica.com\/index.php\/2024\/04\/05\/chispa-kreativa-event-celebrando-la-innovacion-y-el-emprendimiento-creativo-en-santo-domingo\/","title":{"rendered":"Chispa Kreativa Event: Celebrando la Innovaci\u00f3n y el Emprendimiento Creativo en Santo Domingo"},"content":{"rendered":"<p style=\"text-align: justify;\"><img decoding=\"async\" class=\"size-medium wp-image-14791 lazyload\" data-src=\"https:\/\/laverdadpublica.com\/wp-content\/uploads\/2024\/04\/Screenshot_2024-04-06_191817-300x296.png\" alt=\"\" width=\"300\" height=\"296\" data-srcset=\"https:\/\/laverdadpublica.com\/wp-content\/uploads\/2024\/04\/Screenshot_2024-04-06_191817-300x296.png 300w, https:\/\/laverdadpublica.com\/wp-content\/uploads\/2024\/04\/Screenshot_2024-04-06_191817-768x757.png 768w, https:\/\/laverdadpublica.com\/wp-content\/uploads\/2024\/04\/Screenshot_2024-04-06_191817.png 1004w\" data-sizes=\"(max-width: 300px) 100vw, 300px\" src=\"data:image\/svg+xml;base64,PHN2ZyB3aWR0aD0iMSIgaGVpZ2h0PSIxIiB4bWxucz0iaHR0cDovL3d3dy53My5vcmcvMjAwMC9zdmciPjwvc3ZnPg==\" style=\"--smush-placeholder-width: 300px; --smush-placeholder-aspect-ratio: 300\/296;\" \/><\/p>\n<p style=\"text-align: justify;\">Santo Domingo &#8211; El pr\u00f3ximo s\u00e1bado 13 de abril de 2024, Santo Domingo se convertir\u00e1 en el epicentro de la creatividad y la innovaci\u00f3n con la llegada de Chispa Kreativa Event. Este espacio coordinado por la agencia de marketing y dise\u00f1o de eventos experienciales Creative PCC Group se llevar\u00e1 a cabo en el atrio central de la prestigiosa plaza Acr\u00f3polis Business Mall y promete ser una experiencia \u00fanica para todos los amantes de la multimedia, la fotograf\u00eda, la creatividad, la ilustraci\u00f3n, el cine, la animaci\u00f3n y la creaci\u00f3n de contenido digital, entre otras ramas art\u00edsticas y profesionales.<\/p>\n<p style=\"text-align: justify;\">Chispa Kreativa Event tiene como objetivo principal inspirar y potenciar el crecimiento personal y profesional de j\u00f3venes y adultos especializados en diversas \u00e1reas creativas. A trav\u00e9s de Masterclasses, Workshops creativos, Exposiciones art\u00edsticas y Actividades de networking, el evento busca fomentar el talento emergente en la industria y crear oportunidades de aprendizaje y colaboraci\u00f3n.<\/p>\n<blockquote><p>\u00abEstamos emocionados de presentar Chispa Kreativa Event, un espacio donde la creatividad y la innovaci\u00f3n se unen para inspirar y transformar vidas\u00bb, expres\u00f3 Bianna Pe\u00f1a Rubio, productora general de Chispa Kreativa Event. \u00abNuestro objetivo es crear un ambiente donde los asistentes puedan aprender, compartir ideas y conectar con otros apasionados por el mundo creativo\u00bb.<\/p><\/blockquote>\n<p style=\"text-align: justify;\">En esta primera edici\u00f3n, los speakers invitados son:<\/p>\n<ul style=\"text-align: justify;\">\n<li><strong>Angie Silva<\/strong>, reconocida fot\u00f3grafa de marcas personales, con el Workshop \u00abCapturando tu Esencia\u00bb<\/li>\n<\/ul>\n<p style=\"text-align: justify;\">\n<ul style=\"text-align: justify;\">\n<li><strong>Brayan Acosta,<\/strong> experto en animaci\u00f3n, con el Taller de Motion Graphics: \u201cContando Historias con Movimiento\u201d<\/li>\n<\/ul>\n<p style=\"text-align: justify;\">\n<ul style=\"text-align: justify;\">\n<li><strong>Megan Ovalles<\/strong>, mercad\u00f3loga y empresaria creativa, con la conferencia \u00abDe la Idea a la Realidad\u00bb<\/li>\n<\/ul>\n<p style=\"text-align: justify;\">Adem\u00e1s, este evento contar\u00e1 con la presencia magistral de Angelique Robert, reconocida creadora de cont.enido e influencer, como #MadrinaChispeante.<\/p>\n<p style=\"text-align: justify;\">Las empresas interesadas en formar parte de este evento como patrocinadores tendr\u00e1n la oportunidad de visibilizar sus productos y servicios ante una audiencia cautiva y receptiva, adem\u00e1s de respaldar el talento emergente en el campo de la multimedia y la creatividad.<\/p>\n<p style=\"text-align: justify;\">Chispa Kreativa Event se llevar\u00e1 a cabo el s\u00e1bado 13 de abril de 2024, a partir de las 3 de la tarde en el atrio central de Acr\u00f3polis Business Mall en Santo Domingo, Rep\u00fablica Dominicana.<\/p>\n<p style=\"text-align: justify;\">Para m\u00e1s informaci\u00f3n sobre c\u00f3mo participar como patrocinador o asistente, visite https:\/\/lu.ma\/ChispaKreativaEvent o comun\u00edquese con al email chispakreativa@gmail.com.<\/p>\n<p style=\"text-align: justify;\">\n<p style=\"text-align: justify;\">Fuente: Instagram @chispakreativa<\/p>\n<p style=\"text-align: justify;\">\n<p style=\"text-align: justify;\">\n","protected":false},"excerpt":{"rendered":"<p>Santo Domingo &#8211; El pr\u00f3ximo s\u00e1bado 13 de abril de 2024, Santo Domingo se convertir\u00e1<\/p>\n","protected":false},"author":4,"featured_media":0,"comment_status":"open","ping_status":"open","sticky":false,"template":"","format":"standard","meta":{"footnotes":""},"categories":[6],"tags":[],"class_list":["post-14790","post","type-post","status-publish","format-standard","hentry","category-espectaculos"],"_links":{"self":[{"href":"https:\/\/laverdadpublica.com\/index.php\/wp-json\/wp\/v2\/posts\/14790","targetHints":{"allow":["GET"]}}],"collection":[{"href":"https:\/\/laverdadpublica.com\/index.php\/wp-json\/wp\/v2\/posts"}],"about":[{"href":"https:\/\/laverdadpublica.com\/index.php\/wp-json\/wp\/v2\/types\/post"}],"author":[{"embeddable":true,"href":"https:\/\/laverdadpublica.com\/index.php\/wp-json\/wp\/v2\/users\/4"}],"replies":[{"embeddable":true,"href":"https:\/\/laverdadpublica.com\/index.php\/wp-json\/wp\/v2\/comments?post=14790"}],"version-history":[{"count":1,"href":"https:\/\/laverdadpublica.com\/index.php\/wp-json\/wp\/v2\/posts\/14790\/revisions"}],"predecessor-version":[{"id":14792,"href":"https:\/\/laverdadpublica.com\/index.php\/wp-json\/wp\/v2\/posts\/14790\/revisions\/14792"}],"wp:attachment":[{"href":"https:\/\/laverdadpublica.com\/index.php\/wp-json\/wp\/v2\/media?parent=14790"}],"wp:term":[{"taxonomy":"category","embeddable":true,"href":"https:\/\/laverdadpublica.com\/index.php\/wp-json\/wp\/v2\/categories?post=14790"},{"taxonomy":"post_tag","embeddable":true,"href":"https:\/\/laverdadpublica.com\/index.php\/wp-json\/wp\/v2\/tags?post=14790"}],"curies":[{"name":"wp","href":"https:\/\/api.w.org\/{rel}","templated":true}]}}