{"id":15879,"date":"2024-05-05T16:14:58","date_gmt":"2024-05-05T16:14:58","guid":{"rendered":"https:\/\/laverdadpublica.com\/?p=15879"},"modified":"2024-05-05T16:15:10","modified_gmt":"2024-05-05T16:15:10","slug":"movimiento-reformista-fuerza-colora-respaldara-candidatura-de-omar-fernandez","status":"publish","type":"post","link":"https:\/\/laverdadpublica.com\/index.php\/2024\/05\/05\/movimiento-reformista-fuerza-colora-respaldara-candidatura-de-omar-fernandez\/","title":{"rendered":"Movimiento Reformista \u00abFuerza Color\u00e1\u00bb respaldar\u00e1 candidatura de Omar Fern\u00e1ndez"},"content":{"rendered":"<p style=\"text-align: justify;\"><img decoding=\"async\" class=\"size-medium wp-image-15880 alignright lazyload\" data-src=\"https:\/\/laverdadpublica.com\/wp-content\/uploads\/2024\/05\/IMG-20240505-WA0019-300x200.jpg\" alt=\"\" width=\"300\" height=\"200\" data-srcset=\"https:\/\/laverdadpublica.com\/wp-content\/uploads\/2024\/05\/IMG-20240505-WA0019-300x200.jpg 300w, https:\/\/laverdadpublica.com\/wp-content\/uploads\/2024\/05\/IMG-20240505-WA0019-1024x682.jpg 1024w, https:\/\/laverdadpublica.com\/wp-content\/uploads\/2024\/05\/IMG-20240505-WA0019-768x512.jpg 768w, https:\/\/laverdadpublica.com\/wp-content\/uploads\/2024\/05\/IMG-20240505-WA0019.jpg 1280w\" data-sizes=\"(max-width: 300px) 100vw, 300px\" src=\"data:image\/svg+xml;base64,PHN2ZyB3aWR0aD0iMSIgaGVpZ2h0PSIxIiB4bWxucz0iaHR0cDovL3d3dy53My5vcmcvMjAwMC9zdmciPjwvc3ZnPg==\" style=\"--smush-placeholder-width: 300px; --smush-placeholder-aspect-ratio: 300\/200;\" \/><\/p>\n<p style=\"text-align: justify;\">Santo Domingo.- El presidente del movimiento Fuerza Color\u00e1, y miembro del Partido Reformista Social Cristiano (PRSC), Manuel Asilna de Castro, anunci\u00f3 su respaldo a Omar Fern\u00e1ndez como senador del Distrito Nacional.<\/p>\n<blockquote><p>\u201cHoy anunciamos nuestro apoyo a la candidatura de Omar Fern\u00e1ndez, porque ning\u00fan Reformista debe estar de acuerdo que Guillermo Moreno sea senador. Guillermo Moreno fue la \u00fanica persona que ofendi\u00f3 a Balaguer queri\u00e9ndolo meter preso a un se\u00f1or de avanzada edad sin pruebas en mano\u201d, expres\u00f3 durante una actividad este s\u00e1bado, Manuel Alsina.<\/p><\/blockquote>\n<p style=\"text-align: justify;\">En ese mismo sentido dijo, que votar por Guillermo Moreno es un voto negativo para Joaqu\u00edn Balaguer.<\/p>\n<p style=\"text-align: justify;\">Alsina afirm\u00f3, que Guillermo Moreno se hizo enemigo de Leonel Fern\u00e1ndez porque lo destituy\u00f3 como Procurador General de la Rep\u00fablica cuando intent\u00f3 apresar a Joaqu\u00edn Balaguer.<\/p>\n<p style=\"text-align: justify;\">Durante un acto de apoyo a Omar Fern\u00e1ndez, el pol\u00edtico explic\u00f3 que es necesario abrir puertas a la juventud dominicana que est\u00e1 preparada y en condiciones de asumir la direcci\u00f3n del Estado.<\/p>\n<p style=\"text-align: justify;\">Fuente: Prensa FP<\/p>\n","protected":false},"excerpt":{"rendered":"<p>Santo Domingo.- El presidente del movimiento Fuerza Color\u00e1, y miembro del Partido Reformista Social Cristiano<\/p>\n","protected":false},"author":1,"featured_media":0,"comment_status":"open","ping_status":"open","sticky":false,"template":"","format":"standard","meta":{"footnotes":""},"categories":[12],"tags":[],"class_list":["post-15879","post","type-post","status-publish","format-standard","hentry","category-politicas"],"_links":{"self":[{"href":"https:\/\/laverdadpublica.com\/index.php\/wp-json\/wp\/v2\/posts\/15879","targetHints":{"allow":["GET"]}}],"collection":[{"href":"https:\/\/laverdadpublica.com\/index.php\/wp-json\/wp\/v2\/posts"}],"about":[{"href":"https:\/\/laverdadpublica.com\/index.php\/wp-json\/wp\/v2\/types\/post"}],"author":[{"embeddable":true,"href":"https:\/\/laverdadpublica.com\/index.php\/wp-json\/wp\/v2\/users\/1"}],"replies":[{"embeddable":true,"href":"https:\/\/laverdadpublica.com\/index.php\/wp-json\/wp\/v2\/comments?post=15879"}],"version-history":[{"count":2,"href":"https:\/\/laverdadpublica.com\/index.php\/wp-json\/wp\/v2\/posts\/15879\/revisions"}],"predecessor-version":[{"id":15882,"href":"https:\/\/laverdadpublica.com\/index.php\/wp-json\/wp\/v2\/posts\/15879\/revisions\/15882"}],"wp:attachment":[{"href":"https:\/\/laverdadpublica.com\/index.php\/wp-json\/wp\/v2\/media?parent=15879"}],"wp:term":[{"taxonomy":"category","embeddable":true,"href":"https:\/\/laverdadpublica.com\/index.php\/wp-json\/wp\/v2\/categories?post=15879"},{"taxonomy":"post_tag","embeddable":true,"href":"https:\/\/laverdadpublica.com\/index.php\/wp-json\/wp\/v2\/tags?post=15879"}],"curies":[{"name":"wp","href":"https:\/\/api.w.org\/{rel}","templated":true}]}}