{"id":16684,"date":"2024-05-19T17:30:59","date_gmt":"2024-05-19T17:30:59","guid":{"rendered":"https:\/\/laverdadpublica.com\/?p=16684"},"modified":"2024-05-19T17:30:59","modified_gmt":"2024-05-19T17:30:59","slug":"ruben-maldonado-asegura-han-aparecido-boletas-premarcadas-a-favor-del-prm-en-distintas-localidades","status":"publish","type":"post","link":"https:\/\/laverdadpublica.com\/index.php\/2024\/05\/19\/ruben-maldonado-asegura-han-aparecido-boletas-premarcadas-a-favor-del-prm-en-distintas-localidades\/","title":{"rendered":"Rub\u00e9n Maldonado asegura han aparecido boletas premarcadas a favor del PRM en distintas localidades"},"content":{"rendered":"<p style=\"text-align: justify;\"><img decoding=\"async\" class=\"size-medium wp-image-16685 lazyload\" data-src=\"https:\/\/laverdadpublica.com\/wp-content\/uploads\/2024\/05\/IMG-20240519-WA0050-300x225.jpg\" alt=\"\" width=\"300\" height=\"225\" data-srcset=\"https:\/\/laverdadpublica.com\/wp-content\/uploads\/2024\/05\/IMG-20240519-WA0050-300x225.jpg 300w, https:\/\/laverdadpublica.com\/wp-content\/uploads\/2024\/05\/IMG-20240519-WA0050-1024x768.jpg 1024w, https:\/\/laverdadpublica.com\/wp-content\/uploads\/2024\/05\/IMG-20240519-WA0050-768x576.jpg 768w, https:\/\/laverdadpublica.com\/wp-content\/uploads\/2024\/05\/IMG-20240519-WA0050-1536x1152.jpg 1536w, https:\/\/laverdadpublica.com\/wp-content\/uploads\/2024\/05\/IMG-20240519-WA0050-720x540.jpg 720w, https:\/\/laverdadpublica.com\/wp-content\/uploads\/2024\/05\/IMG-20240519-WA0050.jpg 1600w\" data-sizes=\"(max-width: 300px) 100vw, 300px\" src=\"data:image\/svg+xml;base64,PHN2ZyB3aWR0aD0iMSIgaGVpZ2h0PSIxIiB4bWxucz0iaHR0cDovL3d3dy53My5vcmcvMjAwMC9zdmciPjwvc3ZnPg==\" style=\"--smush-placeholder-width: 300px; --smush-placeholder-aspect-ratio: 300\/225;\" \/>\u00a0El jefe Nacional de Campa\u00f1a del partido Fuerza del Pueblo<img decoding=\"async\" class=\"size-medium wp-image-16687 lazyload\" data-src=\"https:\/\/laverdadpublica.com\/wp-content\/uploads\/2024\/05\/IMG-20240519-WA0052-300x169.jpg\" alt=\"\" width=\"300\" height=\"169\" data-srcset=\"https:\/\/laverdadpublica.com\/wp-content\/uploads\/2024\/05\/IMG-20240519-WA0052-300x169.jpg 300w, https:\/\/laverdadpublica.com\/wp-content\/uploads\/2024\/05\/IMG-20240519-WA0052-1024x576.jpg 1024w, https:\/\/laverdadpublica.com\/wp-content\/uploads\/2024\/05\/IMG-20240519-WA0052-768x432.jpg 768w, https:\/\/laverdadpublica.com\/wp-content\/uploads\/2024\/05\/IMG-20240519-WA0052-1536x864.jpg 1536w, https:\/\/laverdadpublica.com\/wp-content\/uploads\/2024\/05\/IMG-20240519-WA0052-800x450.jpg 800w, https:\/\/laverdadpublica.com\/wp-content\/uploads\/2024\/05\/IMG-20240519-WA0052.jpg 1600w\" data-sizes=\"(max-width: 300px) 100vw, 300px\" src=\"data:image\/svg+xml;base64,PHN2ZyB3aWR0aD0iMSIgaGVpZ2h0PSIxIiB4bWxucz0iaHR0cDovL3d3dy53My5vcmcvMjAwMC9zdmciPjwvc3ZnPg==\" style=\"--smush-placeholder-width: 300px; --smush-placeholder-aspect-ratio: 300\/169;\" \/>, Rub\u00e9n Maldonado, ejerci\u00f3 su derecho al voto en la escuela Enma Balaguer, ubicado en Lote y Servicio, S\u00e1bana Perdida del municipio Santo Domingo<\/p>\n<p style=\"text-align: justify;\"><img decoding=\"async\" class=\"size-medium wp-image-16686 alignleft lazyload\" data-src=\"https:\/\/laverdadpublica.com\/wp-content\/uploads\/2024\/05\/IMG-20240519-WA0051-300x169.jpg\" alt=\"\" width=\"300\" height=\"169\" data-srcset=\"https:\/\/laverdadpublica.com\/wp-content\/uploads\/2024\/05\/IMG-20240519-WA0051-300x169.jpg 300w, https:\/\/laverdadpublica.com\/wp-content\/uploads\/2024\/05\/IMG-20240519-WA0051-1024x576.jpg 1024w, https:\/\/laverdadpublica.com\/wp-content\/uploads\/2024\/05\/IMG-20240519-WA0051-768x432.jpg 768w, https:\/\/laverdadpublica.com\/wp-content\/uploads\/2024\/05\/IMG-20240519-WA0051-1536x864.jpg 1536w, https:\/\/laverdadpublica.com\/wp-content\/uploads\/2024\/05\/IMG-20240519-WA0051-800x450.jpg 800w, https:\/\/laverdadpublica.com\/wp-content\/uploads\/2024\/05\/IMG-20240519-WA0051.jpg 1600w\" data-sizes=\"(max-width: 300px) 100vw, 300px\" src=\"data:image\/svg+xml;base64,PHN2ZyB3aWR0aD0iMSIgaGVpZ2h0PSIxIiB4bWxucz0iaHR0cDovL3d3dy53My5vcmcvMjAwMC9zdmciPjwvc3ZnPg==\" style=\"--smush-placeholder-width: 300px; --smush-placeholder-aspect-ratio: 300\/169;\" \/>El excandidato a la senaduria por la provincia Santo Domingo, denunci\u00f3 que han aparecido boletas premarcadas a favor del PRM en distintas localidades.<\/p>\n<p style=\"text-align: justify;\">Fuente: Prensa FP<\/p>\n","protected":false},"excerpt":{"rendered":"<p>\u00a0El jefe Nacional de Campa\u00f1a del partido Fuerza del Pueblo, Rub\u00e9n Maldonado, ejerci\u00f3 su derecho<\/p>\n","protected":false},"author":1,"featured_media":0,"comment_status":"open","ping_status":"open","sticky":false,"template":"","format":"standard","meta":{"footnotes":""},"categories":[12],"tags":[],"class_list":["post-16684","post","type-post","status-publish","format-standard","hentry","category-politicas"],"_links":{"self":[{"href":"https:\/\/laverdadpublica.com\/index.php\/wp-json\/wp\/v2\/posts\/16684","targetHints":{"allow":["GET"]}}],"collection":[{"href":"https:\/\/laverdadpublica.com\/index.php\/wp-json\/wp\/v2\/posts"}],"about":[{"href":"https:\/\/laverdadpublica.com\/index.php\/wp-json\/wp\/v2\/types\/post"}],"author":[{"embeddable":true,"href":"https:\/\/laverdadpublica.com\/index.php\/wp-json\/wp\/v2\/users\/1"}],"replies":[{"embeddable":true,"href":"https:\/\/laverdadpublica.com\/index.php\/wp-json\/wp\/v2\/comments?post=16684"}],"version-history":[{"count":1,"href":"https:\/\/laverdadpublica.com\/index.php\/wp-json\/wp\/v2\/posts\/16684\/revisions"}],"predecessor-version":[{"id":16688,"href":"https:\/\/laverdadpublica.com\/index.php\/wp-json\/wp\/v2\/posts\/16684\/revisions\/16688"}],"wp:attachment":[{"href":"https:\/\/laverdadpublica.com\/index.php\/wp-json\/wp\/v2\/media?parent=16684"}],"wp:term":[{"taxonomy":"category","embeddable":true,"href":"https:\/\/laverdadpublica.com\/index.php\/wp-json\/wp\/v2\/categories?post=16684"},{"taxonomy":"post_tag","embeddable":true,"href":"https:\/\/laverdadpublica.com\/index.php\/wp-json\/wp\/v2\/tags?post=16684"}],"curies":[{"name":"wp","href":"https:\/\/api.w.org\/{rel}","templated":true}]}}