{"id":17694,"date":"2024-06-04T02:40:20","date_gmt":"2024-06-04T02:40:20","guid":{"rendered":"https:\/\/laverdadpublica.com\/?p=17694"},"modified":"2024-06-05T02:40:37","modified_gmt":"2024-06-05T02:40:37","slug":"efemerides-patrias-y-fundacion-hermanos-de-la-maza-honran-a-heroes-antitrujillistas-antonio-de-la-maza-y-juan-tomas-diaz","status":"publish","type":"post","link":"https:\/\/laverdadpublica.com\/index.php\/2024\/06\/04\/efemerides-patrias-y-fundacion-hermanos-de-la-maza-honran-a-heroes-antitrujillistas-antonio-de-la-maza-y-juan-tomas-diaz\/","title":{"rendered":"Efem\u00e9rides Patrias y Fundaci\u00f3n Hermanos de la Maza honran a h\u00e9roes antitrujillistas Antonio de la Maza y Juan Tom\u00e1s D\u00edaz"},"content":{"rendered":"<p style=\"text-align: justify;\"><img decoding=\"async\" class=\"size-medium wp-image-17695 alignleft lazyload\" data-src=\"https:\/\/laverdadpublica.com\/wp-content\/uploads\/2024\/06\/IMG-20240604-WA0209-300x200.jpg\" alt=\"\" width=\"300\" height=\"200\" data-srcset=\"https:\/\/laverdadpublica.com\/wp-content\/uploads\/2024\/06\/IMG-20240604-WA0209-300x200.jpg 300w, https:\/\/laverdadpublica.com\/wp-content\/uploads\/2024\/06\/IMG-20240604-WA0209-1024x683.jpg 1024w, https:\/\/laverdadpublica.com\/wp-content\/uploads\/2024\/06\/IMG-20240604-WA0209-768x512.jpg 768w, https:\/\/laverdadpublica.com\/wp-content\/uploads\/2024\/06\/IMG-20240604-WA0209-1536x1024.jpg 1536w, https:\/\/laverdadpublica.com\/wp-content\/uploads\/2024\/06\/IMG-20240604-WA0209-2048x1366.jpg 2048w\" data-sizes=\"(max-width: 300px) 100vw, 300px\" src=\"data:image\/svg+xml;base64,PHN2ZyB3aWR0aD0iMSIgaGVpZ2h0PSIxIiB4bWxucz0iaHR0cDovL3d3dy53My5vcmcvMjAwMC9zdmciPjwvc3ZnPg==\" style=\"--smush-placeholder-width: 300px; --smush-placeholder-aspect-ratio: 300\/200;\" \/> \u00a0Santo Domingo.- La Comisi\u00f3n Permanente de Efem\u00e9rides Patrias (CPEP), la Fundaci\u00f3n Hermanos de la Maza y la Fundaci\u00f3n H\u00e9roes del 30 de Mayo, organizaron un evento patrio en honor a los h\u00e9roes Antonio de la Maza y Juan Tom\u00e1s D\u00edaz, al conmemorarse el 63 aniversario de su muerte, en la Plaza Patri\u00f3tica ubicada en el lugar de los sangrientos acontecimientos, avenida Bol\u00edvar, esquina Julio Verne, donde cayeron en un enfrentamiento desigual con las fuerzas del trujillismo.<\/p>\n<p style=\"text-align: justify;\"><img decoding=\"async\" class=\"size-medium wp-image-17696 alignright lazyload\" data-src=\"https:\/\/laverdadpublica.com\/wp-content\/uploads\/2024\/06\/IMG-20240604-WA0210-300x200.jpg\" alt=\"\" width=\"300\" height=\"200\" data-srcset=\"https:\/\/laverdadpublica.com\/wp-content\/uploads\/2024\/06\/IMG-20240604-WA0210-300x200.jpg 300w, https:\/\/laverdadpublica.com\/wp-content\/uploads\/2024\/06\/IMG-20240604-WA0210-1024x683.jpg 1024w, https:\/\/laverdadpublica.com\/wp-content\/uploads\/2024\/06\/IMG-20240604-WA0210-768x512.jpg 768w, https:\/\/laverdadpublica.com\/wp-content\/uploads\/2024\/06\/IMG-20240604-WA0210-1536x1024.jpg 1536w, https:\/\/laverdadpublica.com\/wp-content\/uploads\/2024\/06\/IMG-20240604-WA0210-2048x1366.jpg 2048w\" data-sizes=\"(max-width: 300px) 100vw, 300px\" src=\"data:image\/svg+xml;base64,PHN2ZyB3aWR0aD0iMSIgaGVpZ2h0PSIxIiB4bWxucz0iaHR0cDovL3d3dy53My5vcmcvMjAwMC9zdmciPjwvc3ZnPg==\" style=\"--smush-placeholder-width: 300px; --smush-placeholder-aspect-ratio: 300\/200;\" \/><\/p>\n<p style=\"text-align: justify;\">El acto inici\u00f3 a las 10:00 de la ma\u00f1ana, con la entonaci\u00f3n del Himno Nacional, seguido del dep\u00f3sito de ofrendas florales. Esta conmemoraci\u00f3n cont\u00f3 con la presencia de decenas de familiares de los h\u00e9roes del 30 de mayo, miembros de las fundaciones patri\u00f3ticas y personalidades de la vida nacional.<\/p>\n<p style=\"text-align: justify;\">Juan Pablo Uribe, presidente de Efem\u00e9rides Patrias, al dirigirse a los presentes explic\u00f3:<\/p>\n<blockquote><p>\u00a0\u201ccon este acto del 63 aniversario del asesinato de los h\u00e9roes de la gesta libertaria del 30 de mayo de 1961, Juan Tom\u00e1s D\u00edaz y Antonio de la Maza, continuamos asumiendo desde la Comisi\u00f3n Permanente de Efem\u00e9rides Patrias, en representaci\u00f3n de la Presidencia de la Rep\u00fablica, el compromiso pol\u00edtico, ideol\u00f3gico y \u00e9tico por un mejor pa\u00eds en t\u00e9rminos institucionales, c\u00edvicos y de justicia social, de tal forma que le demos contenido en el tiempo de la dominicanidad al valor espartano de estos hombres que se ungieron de patriotismo en la determinaci\u00f3n de acabar con la sangrienta dictadura de Trujillo\u201d.<\/p><\/blockquote>\n<p style=\"text-align: justify;\">Uribe fue categ\u00f3rico al decir <strong><em>\u201crecordemos siempre a Juan Tom\u00e1s D\u00edaz y Antonio de la Maza como sin\u00f3nimos de coraje y valent\u00eda que encararon el terror bestial del dictador y no dieron marcha atr\u00e1s, traspasados por el fulgor de Dios, Patria y Libertad\u201d.<\/em><\/strong><\/p>\n<p style=\"text-align: justify;\">Tambi\u00e9n hizo uso de la palabra Giselle Caputo de la Maza, sobrina nieta de Antonio de la Maza, quien valor\u00f3 la determinaci\u00f3n de los h\u00e9roes antitrujillistas, quienes murieron defendiendo la libertad, democracia y soberan\u00eda de un pueblo que vivi\u00f3 un gobierno dictatorial sumido en el dolor, torturas y abusos de poder.<\/p>\n<p style=\"text-align: justify;\"><img decoding=\"async\" class=\"size-medium wp-image-17697 alignright lazyload\" data-src=\"https:\/\/laverdadpublica.com\/wp-content\/uploads\/2024\/06\/IMG-20240604-WA0211-300x200.jpg\" alt=\"\" width=\"300\" height=\"200\" data-srcset=\"https:\/\/laverdadpublica.com\/wp-content\/uploads\/2024\/06\/IMG-20240604-WA0211-300x200.jpg 300w, https:\/\/laverdadpublica.com\/wp-content\/uploads\/2024\/06\/IMG-20240604-WA0211-1024x683.jpg 1024w, https:\/\/laverdadpublica.com\/wp-content\/uploads\/2024\/06\/IMG-20240604-WA0211-768x512.jpg 768w, https:\/\/laverdadpublica.com\/wp-content\/uploads\/2024\/06\/IMG-20240604-WA0211-1536x1024.jpg 1536w, https:\/\/laverdadpublica.com\/wp-content\/uploads\/2024\/06\/IMG-20240604-WA0211-2048x1366.jpg 2048w\" data-sizes=\"(max-width: 300px) 100vw, 300px\" src=\"data:image\/svg+xml;base64,PHN2ZyB3aWR0aD0iMSIgaGVpZ2h0PSIxIiB4bWxucz0iaHR0cDovL3d3dy53My5vcmcvMjAwMC9zdmciPjwvc3ZnPg==\" style=\"--smush-placeholder-width: 300px; --smush-placeholder-aspect-ratio: 300\/200;\" \/><\/p>\n<p style=\"text-align: justify;\">\u00a0Gabriel D\u00edaz Ibarra, nieto del h\u00e9roe Juan Tom\u00e1s D\u00edaz, habl\u00f3 en nombre de las nuevas generaciones, descendientes de los m\u00e1rtires antitrujillistas, haci\u00e9ndoles un llamado especial a los j\u00f3venes para que defiendan su pa\u00eds.<\/p>\n<p style=\"text-align: justify;\">En tanto, Jaime Alberto Garc\u00eda D\u00edaz, hijo del h\u00e9roe Juan Tom\u00e1s D\u00edaz, dijo que la p\u00e9rdida de sus vidas, es un ejemplo de amor a la patria, un legado que debe ser recordado por todas las generaciones de ciudadanos, pues tener la responsabilidad de ajusticiar al tirano, hoy, m\u00e1s que nunca es un homenaje a la resistencia nacional.<\/p>\n<p style=\"text-align: justify;\">Fuente: RD Firma Autorizada<\/p>\n","protected":false},"excerpt":{"rendered":"<p>\u00a0Santo Domingo.- La Comisi\u00f3n Permanente de Efem\u00e9rides Patrias (CPEP), la Fundaci\u00f3n Hermanos de la Maza<\/p>\n","protected":false},"author":1,"featured_media":0,"comment_status":"open","ping_status":"open","sticky":false,"template":"","format":"standard","meta":{"footnotes":""},"categories":[7],"tags":[],"class_list":["post-17694","post","type-post","status-publish","format-standard","hentry","category-nacionales"],"_links":{"self":[{"href":"https:\/\/laverdadpublica.com\/index.php\/wp-json\/wp\/v2\/posts\/17694","targetHints":{"allow":["GET"]}}],"collection":[{"href":"https:\/\/laverdadpublica.com\/index.php\/wp-json\/wp\/v2\/posts"}],"about":[{"href":"https:\/\/laverdadpublica.com\/index.php\/wp-json\/wp\/v2\/types\/post"}],"author":[{"embeddable":true,"href":"https:\/\/laverdadpublica.com\/index.php\/wp-json\/wp\/v2\/users\/1"}],"replies":[{"embeddable":true,"href":"https:\/\/laverdadpublica.com\/index.php\/wp-json\/wp\/v2\/comments?post=17694"}],"version-history":[{"count":2,"href":"https:\/\/laverdadpublica.com\/index.php\/wp-json\/wp\/v2\/posts\/17694\/revisions"}],"predecessor-version":[{"id":17699,"href":"https:\/\/laverdadpublica.com\/index.php\/wp-json\/wp\/v2\/posts\/17694\/revisions\/17699"}],"wp:attachment":[{"href":"https:\/\/laverdadpublica.com\/index.php\/wp-json\/wp\/v2\/media?parent=17694"}],"wp:term":[{"taxonomy":"category","embeddable":true,"href":"https:\/\/laverdadpublica.com\/index.php\/wp-json\/wp\/v2\/categories?post=17694"},{"taxonomy":"post_tag","embeddable":true,"href":"https:\/\/laverdadpublica.com\/index.php\/wp-json\/wp\/v2\/tags?post=17694"}],"curies":[{"name":"wp","href":"https:\/\/api.w.org\/{rel}","templated":true}]}}