{"id":17726,"date":"2024-06-05T18:19:54","date_gmt":"2024-06-05T18:19:54","guid":{"rendered":"https:\/\/laverdadpublica.com\/?p=17726"},"modified":"2024-06-05T18:20:33","modified_gmt":"2024-06-05T18:20:33","slug":"17726","status":"publish","type":"post","link":"https:\/\/laverdadpublica.com\/index.php\/2024\/06\/05\/17726\/","title":{"rendered":"Aljadaqui y sus Panas 2: Fiesta Musical en Hard Rock Caf\u00e9 Blue Mall"},"content":{"rendered":"<p style=\"text-align: justify;\"><img decoding=\"async\" class=\"size-medium wp-image-17727 aligncenter lazyload\" data-src=\"https:\/\/laverdadpublica.com\/wp-content\/uploads\/2024\/06\/IMG-20240605-WA0029-300x300.jpg\" alt=\"\" width=\"300\" height=\"300\" data-srcset=\"https:\/\/laverdadpublica.com\/wp-content\/uploads\/2024\/06\/IMG-20240605-WA0029-300x300.jpg 300w, https:\/\/laverdadpublica.com\/wp-content\/uploads\/2024\/06\/IMG-20240605-WA0029-1024x1024.jpg 1024w, https:\/\/laverdadpublica.com\/wp-content\/uploads\/2024\/06\/IMG-20240605-WA0029-150x150.jpg 150w, https:\/\/laverdadpublica.com\/wp-content\/uploads\/2024\/06\/IMG-20240605-WA0029-768x768.jpg 768w, https:\/\/laverdadpublica.com\/wp-content\/uploads\/2024\/06\/IMG-20240605-WA0029-1536x1536.jpg 1536w, https:\/\/laverdadpublica.com\/wp-content\/uploads\/2024\/06\/IMG-20240605-WA0029.jpg 1600w\" data-sizes=\"(max-width: 300px) 100vw, 300px\" src=\"data:image\/svg+xml;base64,PHN2ZyB3aWR0aD0iMSIgaGVpZ2h0PSIxIiB4bWxucz0iaHR0cDovL3d3dy53My5vcmcvMjAwMC9zdmciPjwvc3ZnPg==\" style=\"--smush-placeholder-width: 300px; --smush-placeholder-aspect-ratio: 300\/300;\" \/><\/p>\n<p style=\"text-align: justify;\">Santo Domingo &#8211; \u00a1No te pierdas una noche \u00e9pica de m\u00fasica y espect\u00e1culo! Este viernes 7 de junio a las 8:00 pm, Hard Rock Caf\u00e9 Blue Mall presenta \u00abAljadaqui y sus Panas 2\u00bb.<\/p>\n<p style=\"text-align: justify;\">\u00danete a la emblem\u00e1tica agrupaci\u00f3n Aljadaqui junto a Pochy Familia, Nico, Laura Rivera, Pablo Cavallo, Urbanda, Gnomico, Luisanna Grull\u00f3n, Cruzmonty, Fidias Bello, Rafely y Chiquito Team Band. La noche incluir\u00e1 shows especiales de acorde\u00f3n, timbales, bater\u00eda y congas. La apertura estar\u00e1 a cargo de los humoristas \u00abNovel Poppys\u00bb.<\/p>\n<p style=\"text-align: justify;\">Aljadaqui presentar\u00e1 su \u00e9xitos y canciones m\u00e1s recientes en un evento que re\u00fane a grandes de la m\u00fasica en un mismo escenario. \u00abAljadaqui y sus Panas 2\u00bb no s\u00f3lo es un concierto, es una experiencia que promete quedar grabada en la memoria de todos los asistentes. La qu\u00edmica sobre el escenario, la energ\u00eda del p\u00fablico y la calidad musical har\u00e1n de esta noche un momento m\u00e1gico e irrepetible.<\/p>\n<blockquote><p>Entradas a la venta en Uepa Tickets, CCN, Nacional y Jumbo!<\/p><\/blockquote>\n<p style=\"text-align: justify;\">Para m\u00e1s informaci\u00f3n y compra de boletos, visita [Uepa Tickets](https:\/\/uepatickets.com\/tickets\/es\/comprarEvento?idEvento=163) o sigue nuestras redes sociales.<\/p>\n<p style=\"text-align: justify;\">Fuente: Zurdo Group<\/p>\n<p style=\"text-align: justify;\">\n","protected":false},"excerpt":{"rendered":"<p>Santo Domingo &#8211; \u00a1No te pierdas una noche \u00e9pica de m\u00fasica y espect\u00e1culo! Este viernes<\/p>\n","protected":false},"author":4,"featured_media":0,"comment_status":"open","ping_status":"open","sticky":false,"template":"","format":"standard","meta":{"footnotes":""},"categories":[6],"tags":[],"class_list":["post-17726","post","type-post","status-publish","format-standard","hentry","category-espectaculos"],"_links":{"self":[{"href":"https:\/\/laverdadpublica.com\/index.php\/wp-json\/wp\/v2\/posts\/17726","targetHints":{"allow":["GET"]}}],"collection":[{"href":"https:\/\/laverdadpublica.com\/index.php\/wp-json\/wp\/v2\/posts"}],"about":[{"href":"https:\/\/laverdadpublica.com\/index.php\/wp-json\/wp\/v2\/types\/post"}],"author":[{"embeddable":true,"href":"https:\/\/laverdadpublica.com\/index.php\/wp-json\/wp\/v2\/users\/4"}],"replies":[{"embeddable":true,"href":"https:\/\/laverdadpublica.com\/index.php\/wp-json\/wp\/v2\/comments?post=17726"}],"version-history":[{"count":2,"href":"https:\/\/laverdadpublica.com\/index.php\/wp-json\/wp\/v2\/posts\/17726\/revisions"}],"predecessor-version":[{"id":17729,"href":"https:\/\/laverdadpublica.com\/index.php\/wp-json\/wp\/v2\/posts\/17726\/revisions\/17729"}],"wp:attachment":[{"href":"https:\/\/laverdadpublica.com\/index.php\/wp-json\/wp\/v2\/media?parent=17726"}],"wp:term":[{"taxonomy":"category","embeddable":true,"href":"https:\/\/laverdadpublica.com\/index.php\/wp-json\/wp\/v2\/categories?post=17726"},{"taxonomy":"post_tag","embeddable":true,"href":"https:\/\/laverdadpublica.com\/index.php\/wp-json\/wp\/v2\/tags?post=17726"}],"curies":[{"name":"wp","href":"https:\/\/api.w.org\/{rel}","templated":true}]}}