{"id":17826,"date":"2024-06-06T23:05:51","date_gmt":"2024-06-06T23:05:51","guid":{"rendered":"https:\/\/laverdadpublica.com\/?p=17826"},"modified":"2024-06-06T23:05:51","modified_gmt":"2024-06-06T23:05:51","slug":"dio-astacio-anuncia-eliminacion-vertedero-improvisado-100-mas-de-30-mil-toneladas-de-basura-recogida-en-solo-un-mes","status":"publish","type":"post","link":"https:\/\/laverdadpublica.com\/index.php\/2024\/06\/06\/dio-astacio-anuncia-eliminacion-vertedero-improvisado-100-mas-de-30-mil-toneladas-de-basura-recogida-en-solo-un-mes\/","title":{"rendered":"D\u00edo Astacio anuncia eliminaci\u00f3n vertedero improvisado #100; m\u00e1s de 30 mil toneladas de basura recogida en solo un mes"},"content":{"rendered":"<p style=\"text-align: justify;\"><img decoding=\"async\" class=\"size-medium wp-image-17827 alignleft lazyload\" data-src=\"https:\/\/laverdadpublica.com\/wp-content\/uploads\/2024\/06\/IMG-20240606-WA00411-300x167.jpg\" alt=\"\" width=\"300\" height=\"167\" data-srcset=\"https:\/\/laverdadpublica.com\/wp-content\/uploads\/2024\/06\/IMG-20240606-WA00411-300x167.jpg 300w, https:\/\/laverdadpublica.com\/wp-content\/uploads\/2024\/06\/IMG-20240606-WA00411-1024x569.jpg 1024w, https:\/\/laverdadpublica.com\/wp-content\/uploads\/2024\/06\/IMG-20240606-WA00411-768x427.jpg 768w, https:\/\/laverdadpublica.com\/wp-content\/uploads\/2024\/06\/IMG-20240606-WA00411.jpg 1242w\" data-sizes=\"(max-width: 300px) 100vw, 300px\" src=\"data:image\/svg+xml;base64,PHN2ZyB3aWR0aD0iMSIgaGVpZ2h0PSIxIiB4bWxucz0iaHR0cDovL3d3dy53My5vcmcvMjAwMC9zdmciPjwvc3ZnPg==\" style=\"--smush-placeholder-width: 300px; --smush-placeholder-aspect-ratio: 300\/167;\" \/><\/p>\n<p style=\"text-align: justify;\">El alcalde de Santo Domingo Este, D\u00edo Astacio, anunci\u00f3 que gracias al esfuerzo y trabajo en conjunto con el equipo de aseo y otros departamentos de la alcald\u00eda fue eliminado el vertedero improvisado #100 en esta demarcaci\u00f3n, esto como parte de las intensas jornadas de limpieza y operativos realizados en horas nocturnas dentro del plan de los primeros 100 d\u00edas de gesti\u00f3n que tiene como fin devolver el esplendor en el municipio m\u00e1s grande del pa\u00eds.<\/p>\n<blockquote>\n<p style=\"text-align: justify;\">\u00abFinalmente hemos llegado al cien, m\u00e1s de 30 mil toneladas de basura en solo un mes. Al menos el 30 por ciento de toda esa basura ir\u00eda a las calles sino hubiese encontrado un contenedor\u00bb, expres\u00f3 Astacio tras la eliminacion del vertedero improvisado en el sector Las Enfermeras, correspondiente a Los Mina Sur.<\/p>\n<\/blockquote>\n<p style=\"text-align: justify;\">En ese sentido, destac\u00f3 que tras los operativos para eliminar verdeteros improvisados, la ciudad empieza a verse limpia gracias al esfuerzo de la actual gesti\u00f3n. \u00abLa basura no toca el piso, la basura tiene d\u00edas, la basura se paga\u00bb, record\u00f3 el edil.<\/p>\n<p style=\"text-align: justify;\"><img decoding=\"async\" class=\"size-medium wp-image-17823 alignright lazyload\" data-src=\"https:\/\/laverdadpublica.com\/wp-content\/uploads\/2024\/06\/IMG-20240606-WA0040-300x165.jpg\" alt=\"\" width=\"300\" height=\"165\" data-srcset=\"https:\/\/laverdadpublica.com\/wp-content\/uploads\/2024\/06\/IMG-20240606-WA0040-300x165.jpg 300w, https:\/\/laverdadpublica.com\/wp-content\/uploads\/2024\/06\/IMG-20240606-WA0040-1024x562.jpg 1024w, https:\/\/laverdadpublica.com\/wp-content\/uploads\/2024\/06\/IMG-20240606-WA0040-768x422.jpg 768w, https:\/\/laverdadpublica.com\/wp-content\/uploads\/2024\/06\/IMG-20240606-WA0040.jpg 1242w\" data-sizes=\"(max-width: 300px) 100vw, 300px\" src=\"data:image\/svg+xml;base64,PHN2ZyB3aWR0aD0iMSIgaGVpZ2h0PSIxIiB4bWxucz0iaHR0cDovL3d3dy53My5vcmcvMjAwMC9zdmciPjwvc3ZnPg==\" style=\"--smush-placeholder-width: 300px; --smush-placeholder-aspect-ratio: 300\/165;\" \/><\/p>\n<p style=\"text-align: justify;\">La Alcald\u00eda de Santo Domingo Este lleva a cabo una intensa labor para abordar la proliferaci\u00f3n de vertederos clandestinos en puntos cr\u00edticos del municipio, as\u00ed como la implementaci\u00f3n de medidas preventivas a largo plazo.<\/p>\n<p style=\"text-align: justify;\">Entre los sectores donde se han eliminado vertederos improvisados est\u00e1n: Alma Rosa 1ra, Almadela, Marginal Sur Las Americas, Autopista San Isidro, Labrador, Avenida San Vicente, Avenida Charles de Gaulle, Avenida la pista con cruz de Mendoza, avenida la pista entrada de la Toronja.<\/p>\n<p style=\"text-align: justify;\">La avenida Venezuela, Punto Los Sanjuanerso, Bomba ESSO, C\/ 19 esq. Cruz de Mendoza, Calle 19, proximo a la C\/ Costa Rica, Calle 4ta, frente a Metereologia, Los Mameyes, Calle Bonaire esq. Juan Luis Duquela, Calle Costa Rica, Calle No. 3 con Estados Unidos, proximo a la entrada de los farallones, Calle Puerto Rico esq. #23, Callejon Frente al Parque del este, Carretera Mella, al lado del Integral y El Almirante.<\/p>\n<p style=\"text-align: justify;\">Adem\u00e1s, El Brisal, El Gallo que pica, Farolito pr\u00f3ximo al Banreservas, El Pensador, Iberoamericana, El punto Agustin, Iberoamericana, El Solar, Av. Iberoamericana, El swing Calle Bello Campo, El Tanque, Av. Del Faro esq. Iberoamericana, El Trebol, Avenida Espa\u00f1a con 25 de Febrero, El trini, Av. Del faro debajo del puente de la 25, Entrada del Brisal, La Isleta, Escuela Belice, Av. Charles de Gaulle, Funeraria Municipal, Av. Iberoamericana, Granja Mora C\/13 esq. Cruz de Mendoza, Hotel Acuario y el Ensanche Isabelita.<\/p>\n<p style=\"text-align: justify;\">Invivienda, La Rotonda de la 26 de Enero con Iberoamericana, Marginal Norte salida del tuner reparto Los Tres Ojos, Marginal Proximo a la Patria Mella, Mercado del Almirante, Pilar Constazo, C\/4ta, Prado Oriental III, Prado Oriental, Aut. San Isidro, Prolongacion Venezuela, Punto de los chicharrones, Charles con Mendoza, Residencial Don Paco II, San Isidro, Res. Filadelfia, Aut. San Isidro y Villa Faro, entre otros puntos del municipio.<\/p>\n<p style=\"text-align: justify;\">Desde el periodo 25 de abril hasta la fecha, la entidad municipal que dirige el alcalde D\u00edo Astacio ha establecido acciones para eliminar los vertederos improvisados.<\/p>\n<p style=\"text-align: justify;\">Esta estrategia no solo busca resolver el problema de la basura en el corto plazo, sino tambi\u00e9n prevenir la acumulaci\u00f3n en niveles cr\u00edticos como en el pasado, garantizando as\u00ed un entorno m\u00e1s limpio y saludable para los residentes.<\/p>\n<p style=\"text-align: justify;\">Fuente: Equipo D\u00edo Astacio<\/p>\n","protected":false},"excerpt":{"rendered":"<p>El alcalde de Santo Domingo Este, D\u00edo Astacio, anunci\u00f3 que gracias al esfuerzo y trabajo<\/p>\n","protected":false},"author":1,"featured_media":0,"comment_status":"open","ping_status":"open","sticky":false,"template":"","format":"standard","meta":{"footnotes":""},"categories":[7],"tags":[],"class_list":["post-17826","post","type-post","status-publish","format-standard","hentry","category-nacionales"],"_links":{"self":[{"href":"https:\/\/laverdadpublica.com\/index.php\/wp-json\/wp\/v2\/posts\/17826","targetHints":{"allow":["GET"]}}],"collection":[{"href":"https:\/\/laverdadpublica.com\/index.php\/wp-json\/wp\/v2\/posts"}],"about":[{"href":"https:\/\/laverdadpublica.com\/index.php\/wp-json\/wp\/v2\/types\/post"}],"author":[{"embeddable":true,"href":"https:\/\/laverdadpublica.com\/index.php\/wp-json\/wp\/v2\/users\/1"}],"replies":[{"embeddable":true,"href":"https:\/\/laverdadpublica.com\/index.php\/wp-json\/wp\/v2\/comments?post=17826"}],"version-history":[{"count":1,"href":"https:\/\/laverdadpublica.com\/index.php\/wp-json\/wp\/v2\/posts\/17826\/revisions"}],"predecessor-version":[{"id":17828,"href":"https:\/\/laverdadpublica.com\/index.php\/wp-json\/wp\/v2\/posts\/17826\/revisions\/17828"}],"wp:attachment":[{"href":"https:\/\/laverdadpublica.com\/index.php\/wp-json\/wp\/v2\/media?parent=17826"}],"wp:term":[{"taxonomy":"category","embeddable":true,"href":"https:\/\/laverdadpublica.com\/index.php\/wp-json\/wp\/v2\/categories?post=17826"},{"taxonomy":"post_tag","embeddable":true,"href":"https:\/\/laverdadpublica.com\/index.php\/wp-json\/wp\/v2\/tags?post=17826"}],"curies":[{"name":"wp","href":"https:\/\/api.w.org\/{rel}","templated":true}]}}