{"id":18584,"date":"2024-06-18T22:54:56","date_gmt":"2024-06-18T22:54:56","guid":{"rendered":"https:\/\/laverdadpublica.com\/?p=18584"},"modified":"2024-06-18T23:17:41","modified_gmt":"2024-06-18T23:17:41","slug":"elsa-baez-anuncia-inicio-de-su-carrera-como-asesora-inmobiliaria","status":"publish","type":"post","link":"https:\/\/laverdadpublica.com\/index.php\/2024\/06\/18\/elsa-baez-anuncia-inicio-de-su-carrera-como-asesora-inmobiliaria\/","title":{"rendered":"Elsa B\u00e1ez anuncia inicio de su carrera como asesora inmobiliaria  \u00a0"},"content":{"rendered":"<p style=\"text-align: justify;\"><img decoding=\"async\" class=\"size-medium wp-image-18590 alignleft lazyload\" data-src=\"https:\/\/laverdadpublica.com\/wp-content\/uploads\/2024\/06\/IMG-20240618-WA0186-179x300.jpg\" alt=\"\" width=\"179\" height=\"300\" data-srcset=\"https:\/\/laverdadpublica.com\/wp-content\/uploads\/2024\/06\/IMG-20240618-WA0186-179x300.jpg 179w, https:\/\/laverdadpublica.com\/wp-content\/uploads\/2024\/06\/IMG-20240618-WA0186-609x1024.jpg 609w, https:\/\/laverdadpublica.com\/wp-content\/uploads\/2024\/06\/IMG-20240618-WA0186-768x1291.jpg 768w, https:\/\/laverdadpublica.com\/wp-content\/uploads\/2024\/06\/IMG-20240618-WA0186-914x1536.jpg 914w, https:\/\/laverdadpublica.com\/wp-content\/uploads\/2024\/06\/IMG-20240618-WA0186.jpg 952w\" data-sizes=\"(max-width: 179px) 100vw, 179px\" src=\"data:image\/svg+xml;base64,PHN2ZyB3aWR0aD0iMSIgaGVpZ2h0PSIxIiB4bWxucz0iaHR0cDovL3d3dy53My5vcmcvMjAwMC9zdmciPjwvc3ZnPg==\" style=\"--smush-placeholder-width: 179px; --smush-placeholder-aspect-ratio: 179\/300;\" \/>Mediante anuncio colgado en Redes Sociales, la destacada comunicadora Elsa B\u00e1ez anunci\u00f3 el inicio de su carrera como asesora inmobiliaria de la mano de Dominican Properties (@dominicanpropertiesrd), reconocida empresa de bienes ra\u00edces que opera en Rep\u00fablica Dominicana. Dijo sentirse emocionada e invit\u00f3 a sus seguidores a ser parte de este nuevo proyecto:<\/p>\n<blockquote>\n<p style=\"text-align: justify;\">\u00abSi est\u00e1s pensando en comprar, vender o invertir en bienes ra\u00edces, no dudes en contactarme. Estoy aqu\u00ed para que el proceso sea sencillo y exitoso. Contactame al 849-490-3937 o al 849-220-3937\u00bb<\/p>\n<\/blockquote>\n<p style=\"text-align: justify;\">El equipo de \u00abDe Frente a la Verdad\u00bb, le augura todo el \u00e9xito del mundo en esta nueva esfera profesional.<\/p>\n<p style=\"text-align: justify;\"><strong><img decoding=\"async\" class=\"size-medium wp-image-18585 alignright lazyload\" data-src=\"https:\/\/laverdadpublica.com\/wp-content\/uploads\/2024\/06\/IMG-20240618-WA0161-209x300.jpg\" alt=\"\" width=\"209\" height=\"300\" data-srcset=\"https:\/\/laverdadpublica.com\/wp-content\/uploads\/2024\/06\/IMG-20240618-WA0161-209x300.jpg 209w, https:\/\/laverdadpublica.com\/wp-content\/uploads\/2024\/06\/IMG-20240618-WA0161-712x1024.jpg 712w, https:\/\/laverdadpublica.com\/wp-content\/uploads\/2024\/06\/IMG-20240618-WA0161-768x1104.jpg 768w, https:\/\/laverdadpublica.com\/wp-content\/uploads\/2024\/06\/IMG-20240618-WA0161-1068x1536.jpg 1068w, https:\/\/laverdadpublica.com\/wp-content\/uploads\/2024\/06\/IMG-20240618-WA0161.jpg 1113w\" data-sizes=\"(max-width: 209px) 100vw, 209px\" src=\"data:image\/svg+xml;base64,PHN2ZyB3aWR0aD0iMSIgaGVpZ2h0PSIxIiB4bWxucz0iaHR0cDovL3d3dy53My5vcmcvMjAwMC9zdmciPjwvc3ZnPg==\" style=\"--smush-placeholder-width: 209px; --smush-placeholder-aspect-ratio: 209\/300;\" \/>Acerca de Elsa B\u00e1ez<\/strong><\/p>\n<p style=\"text-align: justify;\">Periodista y gestora cultural, form\u00f3 el movimiento Poetas de la Era. Columnista en\u00a0 peri\u00f3dicos: Enlace digital, El Caribe, El Af\u00e1n Diario y Perspectiva Ciudadana. Adem\u00e1s, co-conductora del programa \u00abLa pe\u00f1a y trova con Claudio Coh\u00e9ri, y productora y conductora del programa radial \u00abD\u00edmelo con Arte\u00bb.<\/p>\n<p style=\"text-align: justify;\">Nominada como Mujer del A\u00f1o por Diario Libre en el a\u00f1o 2013 y obtuve el reconocimiento por su labor en el pabell\u00f3n Libro-cocina en la Feria Internacional del libro. Ganadora Premio Nacional del Voluntariado 2020 en el rengl\u00f3n Cultura, otorgado por Vicepresidencia de la Rep\u00fablica.<\/p>\n<p style=\"text-align: justify;\">Fund\u00f3 la Editorial Poetas de la Era, tambi\u00e9n reconocida como Princesa del siglo XXI, colaboro con la Fundaci\u00f3n Mariposas de la Luz y con la Fundaci\u00f3n Caribbean Women Foundation. Ha sido invitada a distintas Ferias de libros nacionales e internacionales. Form\u00f3 parte del Centro cultural ATHENE, del Movimiento Universitario MCU y particip\u00f3 en Teatro Kandela dirigido por Javier Suero. Ha formado mini bibliotecas en colegios y escuelas de manera independiente.<\/p>\n<p style=\"text-align: justify;\"><strong>Libros publicados<\/strong><\/p>\n<ul style=\"text-align: justify;\">\n<li>Antolog\u00eda Poetas de la Era Vol\u00famenes 1-3<\/li>\n<li>Mi infierno (poes\u00eda)<\/li>\n<li>Historias de cicatrices (narrativa)<\/li>\n<li>El funeral interno (narrativa).<\/li>\n<\/ul>\n<p style=\"text-align: justify;\">Fuente: Poetas de la Era<\/p>\n","protected":false},"excerpt":{"rendered":"<p>Mediante anuncio colgado en Redes Sociales, la destacada comunicadora Elsa B\u00e1ez anunci\u00f3 el inicio de<\/p>\n","protected":false},"author":2,"featured_media":0,"comment_status":"open","ping_status":"open","sticky":false,"template":"","format":"standard","meta":{"footnotes":""},"categories":[7],"tags":[],"class_list":["post-18584","post","type-post","status-publish","format-standard","hentry","category-nacionales"],"_links":{"self":[{"href":"https:\/\/laverdadpublica.com\/index.php\/wp-json\/wp\/v2\/posts\/18584","targetHints":{"allow":["GET"]}}],"collection":[{"href":"https:\/\/laverdadpublica.com\/index.php\/wp-json\/wp\/v2\/posts"}],"about":[{"href":"https:\/\/laverdadpublica.com\/index.php\/wp-json\/wp\/v2\/types\/post"}],"author":[{"embeddable":true,"href":"https:\/\/laverdadpublica.com\/index.php\/wp-json\/wp\/v2\/users\/2"}],"replies":[{"embeddable":true,"href":"https:\/\/laverdadpublica.com\/index.php\/wp-json\/wp\/v2\/comments?post=18584"}],"version-history":[{"count":5,"href":"https:\/\/laverdadpublica.com\/index.php\/wp-json\/wp\/v2\/posts\/18584\/revisions"}],"predecessor-version":[{"id":18593,"href":"https:\/\/laverdadpublica.com\/index.php\/wp-json\/wp\/v2\/posts\/18584\/revisions\/18593"}],"wp:attachment":[{"href":"https:\/\/laverdadpublica.com\/index.php\/wp-json\/wp\/v2\/media?parent=18584"}],"wp:term":[{"taxonomy":"category","embeddable":true,"href":"https:\/\/laverdadpublica.com\/index.php\/wp-json\/wp\/v2\/categories?post=18584"},{"taxonomy":"post_tag","embeddable":true,"href":"https:\/\/laverdadpublica.com\/index.php\/wp-json\/wp\/v2\/tags?post=18584"}],"curies":[{"name":"wp","href":"https:\/\/api.w.org\/{rel}","templated":true}]}}