{"id":1912,"date":"2022-10-04T12:44:35","date_gmt":"2022-10-04T12:44:35","guid":{"rendered":"https:\/\/laverdadpublica.com\/?p=1912"},"modified":"2022-10-05T12:46:32","modified_gmt":"2022-10-05T12:46:32","slug":"realizan-exitosa-cumbre-de-lideres-un-clamor-por-amor-a-santo-domingo-oeste","status":"publish","type":"post","link":"https:\/\/laverdadpublica.com\/index.php\/2022\/10\/04\/realizan-exitosa-cumbre-de-lideres-un-clamor-por-amor-a-santo-domingo-oeste\/","title":{"rendered":"Realizan exitosa cumbre de l\u00edderes: \u201cUn clamor por amor a Santo Domingo Oeste\u201d"},"content":{"rendered":"<p><img decoding=\"async\" class=\"alignnone size-medium wp-image-1913 lazyload\" data-src=\"https:\/\/laverdadpublica.com\/wp-content\/uploads\/2022\/10\/WhatsApp-Image-2022-10-05-at-08.18.10-1-300x200.jpeg\" alt=\"\" width=\"300\" height=\"200\" data-srcset=\"https:\/\/laverdadpublica.com\/wp-content\/uploads\/2022\/10\/WhatsApp-Image-2022-10-05-at-08.18.10-1-300x200.jpeg 300w, https:\/\/laverdadpublica.com\/wp-content\/uploads\/2022\/10\/WhatsApp-Image-2022-10-05-at-08.18.10-1-1024x682.jpeg 1024w, https:\/\/laverdadpublica.com\/wp-content\/uploads\/2022\/10\/WhatsApp-Image-2022-10-05-at-08.18.10-1-768x512.jpeg 768w, https:\/\/laverdadpublica.com\/wp-content\/uploads\/2022\/10\/WhatsApp-Image-2022-10-05-at-08.18.10-1.jpeg 1280w\" data-sizes=\"(max-width: 300px) 100vw, 300px\" src=\"data:image\/svg+xml;base64,PHN2ZyB3aWR0aD0iMSIgaGVpZ2h0PSIxIiB4bWxucz0iaHR0cDovL3d3dy53My5vcmcvMjAwMC9zdmciPjwvc3ZnPg==\" style=\"--smush-placeholder-width: 300px; --smush-placeholder-aspect-ratio: 300\/200;\" \/><\/p>\n<p style=\"text-align: justify;\"><strong>Santo Domingo Oeste. \u2013 <\/strong>Con el objetivo de fortalecer la unidad pastoral y orar por los problemas que afectan este municipio, m\u00e1s de una treintena de pastores se reunieron en la jornada <strong>\u201cUn clamor por amor a Santo Domingo Oeste\u201d<\/strong>, que se llev\u00f3 a cabo en la Iglesia Catedral de la Fe que pastorean Fernando Belliard y Blanca Cabral de Belliard.<\/p>\n<p style=\"text-align: justify;\">El clamor fue dividido en diferentes tiempos e incluy\u00f3 oraciones por la familia, la sanidad interior, inseguridad ciudadana, ni\u00f1ez y juventud, los valores, suicidios y feminicidios. Adem\u00e1s, por los pastores y sus congregaciones y por la unidad entre ellos.<\/p>\n<p style=\"text-align: justify;\"><em>\u201cEsto es m\u00e1s que una simple actividad y un llamado a orar, es un nuevo tiempo de amor, cooperaci\u00f3n y armon\u00eda entre nosotros los pastores de esta zona. Es un llamado a quienes aman de verdad Santo Domingo Oeste. Aqu\u00ed no buscamos protagonismos, el \u00fanico protagonista es el Esp\u00edritu Santo sino establecer el Reino de Dios\u201d,<\/em> declar\u00f3 el pastor Belliard.<\/p>\n<p style=\"text-align: justify;\">Dentro de los pastores que tuvieron a su cargo intervenci\u00f3n en el clamor est\u00e1n: Jorge Duarte, Congregaci\u00f3n Cristiana Puerta Abierta Central y actual presidente de la Confraternidad Evang\u00e9lica Dominicana (CONEDO); Regil Medina, Iglesia de la Alabanza del Se\u00f1or Jesucristo; Eunice Pe\u00f1a, Iglesia Visionaria Hebreos 11; Radham\u00e9s Sosa, Ministerio Evangelista Dios es Amor y Eladio Ramos, Ministerio Visi\u00f3n de Amor. Tambi\u00e9n, Alexis Vargas, Casa de Bendici\u00f3n Nube de Gloria; Juan Alexis F\u00e9lix, Catedral de la Fe; y Mois\u00e9s Ferrer, de la Iglesia Comunitaria Oasis de Amor.<\/p>\n<p><img decoding=\"async\" class=\"alignnone size-medium wp-image-1914 lazyload\" data-src=\"https:\/\/laverdadpublica.com\/wp-content\/uploads\/2022\/10\/WhatsApp-Image-2022-10-05-at-08.18.10-300x200.jpeg\" alt=\"\" width=\"300\" height=\"200\" data-srcset=\"https:\/\/laverdadpublica.com\/wp-content\/uploads\/2022\/10\/WhatsApp-Image-2022-10-05-at-08.18.10-300x200.jpeg 300w, https:\/\/laverdadpublica.com\/wp-content\/uploads\/2022\/10\/WhatsApp-Image-2022-10-05-at-08.18.10-1024x682.jpeg 1024w, https:\/\/laverdadpublica.com\/wp-content\/uploads\/2022\/10\/WhatsApp-Image-2022-10-05-at-08.18.10-768x512.jpeg 768w, https:\/\/laverdadpublica.com\/wp-content\/uploads\/2022\/10\/WhatsApp-Image-2022-10-05-at-08.18.10.jpeg 1280w\" data-sizes=\"(max-width: 300px) 100vw, 300px\" src=\"data:image\/svg+xml;base64,PHN2ZyB3aWR0aD0iMSIgaGVpZ2h0PSIxIiB4bWxucz0iaHR0cDovL3d3dy53My5vcmcvMjAwMC9zdmciPjwvc3ZnPg==\" style=\"--smush-placeholder-width: 300px; --smush-placeholder-aspect-ratio: 300\/200;\" \/><\/p>\n<p style=\"text-align: justify;\">Adem\u00e1s, estuvieron dirigiendo tiempos de clamor: Pablo Moreno, de Ministerio Evangel\u00edstico Comunitario La Azotea RD; Junior Bret\u00f3n del Ministerio por su Gracia y Frankelis Tatis del Ministerio Apost\u00f3lico y Prof\u00e9tico.<\/p>\n<p style=\"text-align: justify;\">Al finalizar, los pastores presentes asumieron el compromiso de fomentar la integraci\u00f3n y unidad entre ellos, as\u00ed como trabajar juntos con miras a buscar soluciones a los males que afectan el municipio.<\/p>\n<p>&nbsp;<\/p>\n<p>Fuente: Erika Oviedo<\/p>\n","protected":false},"excerpt":{"rendered":"<p>Santo Domingo Oeste. \u2013 Con el objetivo de fortalecer la unidad pastoral y orar por<\/p>\n","protected":false},"author":2,"featured_media":0,"comment_status":"open","ping_status":"open","sticky":false,"template":"","format":"standard","meta":{"footnotes":""},"categories":[7],"tags":[],"class_list":["post-1912","post","type-post","status-publish","format-standard","hentry","category-nacionales"],"_links":{"self":[{"href":"https:\/\/laverdadpublica.com\/index.php\/wp-json\/wp\/v2\/posts\/1912","targetHints":{"allow":["GET"]}}],"collection":[{"href":"https:\/\/laverdadpublica.com\/index.php\/wp-json\/wp\/v2\/posts"}],"about":[{"href":"https:\/\/laverdadpublica.com\/index.php\/wp-json\/wp\/v2\/types\/post"}],"author":[{"embeddable":true,"href":"https:\/\/laverdadpublica.com\/index.php\/wp-json\/wp\/v2\/users\/2"}],"replies":[{"embeddable":true,"href":"https:\/\/laverdadpublica.com\/index.php\/wp-json\/wp\/v2\/comments?post=1912"}],"version-history":[{"count":2,"href":"https:\/\/laverdadpublica.com\/index.php\/wp-json\/wp\/v2\/posts\/1912\/revisions"}],"predecessor-version":[{"id":1916,"href":"https:\/\/laverdadpublica.com\/index.php\/wp-json\/wp\/v2\/posts\/1912\/revisions\/1916"}],"wp:attachment":[{"href":"https:\/\/laverdadpublica.com\/index.php\/wp-json\/wp\/v2\/media?parent=1912"}],"wp:term":[{"taxonomy":"category","embeddable":true,"href":"https:\/\/laverdadpublica.com\/index.php\/wp-json\/wp\/v2\/categories?post=1912"},{"taxonomy":"post_tag","embeddable":true,"href":"https:\/\/laverdadpublica.com\/index.php\/wp-json\/wp\/v2\/tags?post=1912"}],"curies":[{"name":"wp","href":"https:\/\/api.w.org\/{rel}","templated":true}]}}