{"id":1961,"date":"2022-10-17T16:54:55","date_gmt":"2022-10-17T16:54:55","guid":{"rendered":"https:\/\/laverdadpublica.com\/?p=1961"},"modified":"2022-10-17T16:54:55","modified_gmt":"2022-10-17T16:54:55","slug":"jose-montijo-pastor-de-abba-pater-church-en-puerto-rico-debuta-como-autor-con-el-libro-tu-yo-verdadero","status":"publish","type":"post","link":"https:\/\/laverdadpublica.com\/index.php\/2022\/10\/17\/jose-montijo-pastor-de-abba-pater-church-en-puerto-rico-debuta-como-autor-con-el-libro-tu-yo-verdadero\/","title":{"rendered":"Jos\u00e9 Montijo pastor de Abba Pater Church en Puerto Rico, debuta como autor con el libro  \u00abTu Yo Verdadero\u00bb"},"content":{"rendered":"<p><img decoding=\"async\" class=\"alignnone size-medium wp-image-1963 aligncenter lazyload\" data-src=\"https:\/\/laverdadpublica.com\/wp-content\/uploads\/2022\/10\/TU-YO-VERDADERO-portada-contraportada-300x218.jpg\" alt=\"\" width=\"300\" height=\"218\" data-srcset=\"https:\/\/laverdadpublica.com\/wp-content\/uploads\/2022\/10\/TU-YO-VERDADERO-portada-contraportada-300x218.jpg 300w, https:\/\/laverdadpublica.com\/wp-content\/uploads\/2022\/10\/TU-YO-VERDADERO-portada-contraportada-1024x744.jpg 1024w, https:\/\/laverdadpublica.com\/wp-content\/uploads\/2022\/10\/TU-YO-VERDADERO-portada-contraportada-768x558.jpg 768w, https:\/\/laverdadpublica.com\/wp-content\/uploads\/2022\/10\/TU-YO-VERDADERO-portada-contraportada-1536x1116.jpg 1536w, https:\/\/laverdadpublica.com\/wp-content\/uploads\/2022\/10\/TU-YO-VERDADERO-portada-contraportada-2048x1488.jpg 2048w\" data-sizes=\"(max-width: 300px) 100vw, 300px\" src=\"data:image\/svg+xml;base64,PHN2ZyB3aWR0aD0iMSIgaGVpZ2h0PSIxIiB4bWxucz0iaHR0cDovL3d3dy53My5vcmcvMjAwMC9zdmciPjwvc3ZnPg==\" style=\"--smush-placeholder-width: 300px; --smush-placeholder-aspect-ratio: 300\/218;\" \/><\/p>\n<p style=\"text-align: justify;\"><em>Arecibo, Puerto Rico 17\u00a0de octubre\u00a0de 2022\u00a0<\/em>\u2013 El libro\u00a0<b><a href=\"http:\/\/www.josemontijo.com\/\" target=\"_blank\" rel=\"noopener\" data-saferedirecturl=\"https:\/\/www.google.com\/url?q=http:\/\/www.josemontijo.com&amp;source=gmail&amp;ust=1666097097661000&amp;usg=AOvVaw2GjHfWYPOv-RdI_2gpZrT6\">\u201cTu Yo Verdadero\u201d<\/a><\/b>\u00a0escrito por Jos\u00e9 Montijo contesta las interrogantes que muchos se hacen, \u00bfQui\u00e9nes son los hijos de Dios? \u00bfA qui\u00e9nes se refiere la Palabra? A nosotros&#8230;a ti, a m\u00ed y a los seguidores de Cristo&#8230; Pero, aclaremos: \u00bfSaben todos ser \u00abhijos\u00bb del Padre? \u00bfQu\u00e9 es ser \u00abhijo\u00bb?<\/p>\n<p style=\"text-align: justify;\"><b><a href=\"http:\/\/www.josemontijo.com\/\" target=\"_blank\" rel=\"noopener\" data-saferedirecturl=\"https:\/\/www.google.com\/url?q=http:\/\/www.josemontijo.com&amp;source=gmail&amp;ust=1666097097661000&amp;usg=AOvVaw2GjHfWYPOv-RdI_2gpZrT6\">\u201cTu Yo Verdadero\u201d<\/a><\/b>\u00a0llevar\u00e1\u00a0al lector a obtener la respuesta que cambiar\u00e1 su vida para siempre, porque cuando reciba esta revelaci\u00f3n \u00fanica, tal vez se d\u00e9 cuenta de que a\u00fan no vive en la plenitud de ser un \u00abhijo\u00bb maduro de Dios y se llenar\u00e1 de valor para llegar a serlo. Es un libro que recoge en parte un entendimiento personal de c\u00f3mo el Padre ha tratado con la vida del autor a lo largo de su caminar.<\/p>\n<p style=\"text-align: justify;\">A trav\u00e9s de los 14 cap\u00edtulos del libro\u00a0<b><a href=\"http:\/\/www.josemontijo.com\/\" target=\"_blank\" rel=\"noopener\" data-saferedirecturl=\"https:\/\/www.google.com\/url?q=http:\/\/www.josemontijo.com&amp;source=gmail&amp;ust=1666097097661000&amp;usg=AOvVaw2GjHfWYPOv-RdI_2gpZrT6\">\u00abTu Yo Verdadero\u00bb<\/a><\/b>habr\u00e1 un entendimiento profundo sobre la identidad en Cristo, Jos\u00e9 Montijo manifiesta que\u201d Hoy m\u00e1s que nunca necesitamos volver a la esencia de aquello que somos: hijos hechos a imagen y semejanza de nuestro Padre\u201d.<\/p>\n<p style=\"text-align: justify;\">\u201cAlguien dijo que hablar mucho y decir poco lo hace cualquiera, pero hablar poco y decir mucho es cosa de sabios. El pastor Montijo apunta a esa diana, consiguiendo desplegar un universo de ense\u00f1anzas mediante las palabras estrictamente necesarias, quitando el nervio del bistec y entregando frases tamizadas y limpias\u201d, expres\u00f3 Jos\u00e9 Luis Navajo &#8211; Autor de \u00e9xitos de ventas.<\/p>\n<p style=\"text-align: justify;\"><b><a href=\"http:\/\/www.josemontijo.com\/\" target=\"_blank\" rel=\"noopener\" data-saferedirecturl=\"https:\/\/www.google.com\/url?q=http:\/\/www.josemontijo.com&amp;source=gmail&amp;ust=1666097097661000&amp;usg=AOvVaw2GjHfWYPOv-RdI_2gpZrT6\">\u201cTu Yo Verdadero\u201d<\/a>\u00a0<\/b>fue editado por Ofelia P\u00e9rez, el pr\u00f3logo estuvo a cargo de Jos\u00e9 Luis Navajo, ya\u00a0est\u00e1 disponible en\u00a0<strong><a href=\"https:\/\/contextomediagroup.us12.list-manage.com\/track\/click?u=3539fcbfe953c0ac53d58614a&amp;id=d418417e22&amp;e=a6f1e786d3\" target=\"_blank\" rel=\"noopener\" data-saferedirecturl=\"https:\/\/www.google.com\/url?q=https:\/\/contextomediagroup.us12.list-manage.com\/track\/click?u%3D3539fcbfe953c0ac53d58614a%26id%3Dd418417e22%26e%3Da6f1e786d3&amp;source=gmail&amp;ust=1666097097661000&amp;usg=AOvVaw19slMaZGborFPoVAzVDhiI\">Puerto Rico<\/a><\/strong>,\u00a0<strong><a href=\"https:\/\/contextomediagroup.us12.list-manage.com\/track\/click?u=3539fcbfe953c0ac53d58614a&amp;id=31d7a955ba&amp;e=a6f1e786d3\" target=\"_blank\" rel=\"noopener\" data-saferedirecturl=\"https:\/\/www.google.com\/url?q=https:\/\/contextomediagroup.us12.list-manage.com\/track\/click?u%3D3539fcbfe953c0ac53d58614a%26id%3D31d7a955ba%26e%3Da6f1e786d3&amp;source=gmail&amp;ust=1666097097661000&amp;usg=AOvVaw02dMkYq01v2tfLL3Cc-OTF\">Estados Unidos<\/a><\/strong>,\u00a0<strong><a href=\"https:\/\/contextomediagroup.us12.list-manage.com\/track\/click?u=3539fcbfe953c0ac53d58614a&amp;id=3777408c11&amp;e=a6f1e786d3\" target=\"_blank\" rel=\"noopener\" data-saferedirecturl=\"https:\/\/www.google.com\/url?q=https:\/\/contextomediagroup.us12.list-manage.com\/track\/click?u%3D3539fcbfe953c0ac53d58614a%26id%3D3777408c11%26e%3Da6f1e786d3&amp;source=gmail&amp;ust=1666097097661000&amp;usg=AOvVaw2FbtzGU7kypkXvVSeOPmZj\">Chile<\/a><\/strong>,\u00a0<strong><a href=\"https:\/\/contextomediagroup.us12.list-manage.com\/track\/click?u=3539fcbfe953c0ac53d58614a&amp;id=916e13e888&amp;e=a6f1e786d3\" target=\"_blank\" rel=\"noopener\" data-saferedirecturl=\"https:\/\/www.google.com\/url?q=https:\/\/contextomediagroup.us12.list-manage.com\/track\/click?u%3D3539fcbfe953c0ac53d58614a%26id%3D916e13e888%26e%3Da6f1e786d3&amp;source=gmail&amp;ust=1666097097661000&amp;usg=AOvVaw0XjD9_GaAln3lbMohNMOmg\">Espa\u00f1a<\/a><\/strong>,\u00a0<strong><a href=\"https:\/\/contextomediagroup.us12.list-manage.com\/track\/click?u=3539fcbfe953c0ac53d58614a&amp;id=1283a6332b&amp;e=a6f1e786d3\" target=\"_blank\" rel=\"noopener\" data-saferedirecturl=\"https:\/\/www.google.com\/url?q=https:\/\/contextomediagroup.us12.list-manage.com\/track\/click?u%3D3539fcbfe953c0ac53d58614a%26id%3D1283a6332b%26e%3Da6f1e786d3&amp;source=gmail&amp;ust=1666097097661000&amp;usg=AOvVaw2dwb0MC79Qs4hds8YrJXJP\">Ecuador<\/a><\/strong>,\u00a0<strong><a href=\"https:\/\/contextomediagroup.us12.list-manage.com\/track\/click?u=3539fcbfe953c0ac53d58614a&amp;id=9efe72f64a&amp;e=a6f1e786d3\" target=\"_blank\" rel=\"noopener\" data-saferedirecturl=\"https:\/\/www.google.com\/url?q=https:\/\/contextomediagroup.us12.list-manage.com\/track\/click?u%3D3539fcbfe953c0ac53d58614a%26id%3D9efe72f64a%26e%3Da6f1e786d3&amp;source=gmail&amp;ust=1666097097661000&amp;usg=AOvVaw13Umo680Tb4WHsD7rp7Ewt\">M\u00e9xico<\/a><\/strong>,\u00a0<a href=\"https:\/\/contextomediagroup.us12.list-manage.com\/track\/click?u=3539fcbfe953c0ac53d58614a&amp;id=63a4de0859&amp;e=a6f1e786d3\" target=\"_blank\" rel=\"noopener\" data-saferedirecturl=\"https:\/\/www.google.com\/url?q=https:\/\/contextomediagroup.us12.list-manage.com\/track\/click?u%3D3539fcbfe953c0ac53d58614a%26id%3D63a4de0859%26e%3Da6f1e786d3&amp;source=gmail&amp;ust=1666097097661000&amp;usg=AOvVaw2Jsui_ScxOKoWY53PM8inK\"><strong>Argentina<\/strong><\/a>\u00a0y en\u00a0<strong><a href=\"https:\/\/contextomediagroup.us12.list-manage.com\/track\/click?u=3539fcbfe953c0ac53d58614a&amp;id=d02d1dbcb6&amp;e=a6f1e786d3\" target=\"_blank\" rel=\"noopener\" data-saferedirecturl=\"https:\/\/www.google.com\/url?q=https:\/\/contextomediagroup.us12.list-manage.com\/track\/click?u%3D3539fcbfe953c0ac53d58614a%26id%3Dd02d1dbcb6%26e%3Da6f1e786d3&amp;source=gmail&amp;ust=1666097097661000&amp;usg=AOvVaw159wwVssPc7KzanijhGWt4\">Amazon<\/a><\/strong>.<\/p>\n<p style=\"text-align: justify;\"><b>Acerca de Jos\u00e9 A. Montijo Soler<\/b><\/p>\n<p style=\"text-align: justify;\"><img decoding=\"async\" class=\"size-medium wp-image-1962 aligncenter lazyload\" data-src=\"https:\/\/laverdadpublica.com\/wp-content\/uploads\/2022\/10\/unnamed-1-300x169.png\" alt=\"\" width=\"300\" height=\"169\" data-srcset=\"https:\/\/laverdadpublica.com\/wp-content\/uploads\/2022\/10\/unnamed-1-300x169.png 300w, https:\/\/laverdadpublica.com\/wp-content\/uploads\/2022\/10\/unnamed-1.png 678w\" data-sizes=\"(max-width: 300px) 100vw, 300px\" src=\"data:image\/svg+xml;base64,PHN2ZyB3aWR0aD0iMSIgaGVpZ2h0PSIxIiB4bWxucz0iaHR0cDovL3d3dy53My5vcmcvMjAwMC9zdmciPjwvc3ZnPg==\" style=\"--smush-placeholder-width: 300px; --smush-placeholder-aspect-ratio: 300\/169;\" \/><\/p>\n<p style=\"text-align: justify;\">El Pastor Jos\u00e9 A. Montijo Soler tiene unas inquietudes espec\u00edficas: hacer entender a los seres humanos la importancia de asumir su identidad verdadera como hijos de Dios; ense\u00f1ar el camino de desarrollarse como hijos verdaderos de Dios; erradicar la orfandad espiritual que observa en las personas; y traer la realizaci\u00f3n de la Palabra que nos dice que el mundo necesita la manifestaci\u00f3n de los hijos de Dios.<\/p>\n<p>Nacido y criado en el evangelio, identific\u00f3 su llamado y busc\u00f3 las voces que le nutrieran y le apoyaran en lo que \u00e9l sabe que Dios le cre\u00f3 para hacer. Ingeniero qu\u00edmico de grandes logros en su industria, con una maestr\u00eda en gerencia de operaciones, obedeci\u00f3 al Se\u00f1or al renunciar a su alta posici\u00f3n ejecutiva secular para dedicarse a su llamado ministerial a tiempo completo.<\/p>\n<p>Posee una\u00a0maestr\u00eda y doctorado en ministerio de Christian University en Carolina del Norte. En el a\u00f1o 2010 comenz\u00f3, junto a su esposa, Ana L. Lugo Rivera, la Iglesia Abba Pater en Arecibo, Puerto Rico. Fiel creyente en el poder de la adoraci\u00f3n y la excelencia para Dios, fund\u00f3 y apoya el ministerio de alabanza de su iglesia, Abba Pater Worship, que en poco tiempo logr\u00f3 la posici\u00f3n de Top 5 en la industria musical sacra, asi\u00edcomo tambi\u00e9n han sido nominados en importantes premios de m\u00fasica cristiana.<\/p>\n<p style=\"text-align: justify;\">Reside en Arecibo, Puerto Rico, junto a su esposa y dos hijas: Gabriela Montijo Lugo y Milena Montijo Lugo.<\/p>\n<p>&nbsp;<\/p>\n<p><strong>Para entrevistas:\u00a0 <\/strong>Tatihana Pozo Puccini<a href=\"mailto:tatihana@contextomediagroup.com\" target=\"_blank\" rel=\"noopener\"> (tatihana@contextomediagroup.<wbr \/>com) \/\u00a0<\/a><strong>Invitaciones (<\/strong><a href=\"https:\/\/contextomediagroup.us12.list-manage.com\/track\/click?u=3539fcbfe953c0ac53d58614a&amp;id=bf2ce04dd5&amp;e=a6f1e786d3\" target=\"_blank\" rel=\"noopener\" data-saferedirecturl=\"https:\/\/www.google.com\/url?q=https:\/\/contextomediagroup.us12.list-manage.com\/track\/click?u%3D3539fcbfe953c0ac53d58614a%26id%3Dbf2ce04dd5%26e%3Da6f1e786d3&amp;source=gmail&amp;ust=1666097097662000&amp;usg=AOvVaw22YV3Yyg_j4XBIy-3BkLzB\">www.josemontijo.com)<\/a><\/p>\n<p>Fuente: Contexto Media Group<\/p>\n","protected":false},"excerpt":{"rendered":"<p>Arecibo, Puerto Rico 17\u00a0de octubre\u00a0de 2022\u00a0\u2013 El libro\u00a0\u201cTu Yo Verdadero\u201d\u00a0escrito por Jos\u00e9 Montijo contesta las<\/p>\n","protected":false},"author":2,"featured_media":0,"comment_status":"open","ping_status":"open","sticky":false,"template":"","format":"standard","meta":{"footnotes":""},"categories":[16],"tags":[],"class_list":["post-1961","post","type-post","status-publish","format-standard","hentry","category-internacionales"],"_links":{"self":[{"href":"https:\/\/laverdadpublica.com\/index.php\/wp-json\/wp\/v2\/posts\/1961","targetHints":{"allow":["GET"]}}],"collection":[{"href":"https:\/\/laverdadpublica.com\/index.php\/wp-json\/wp\/v2\/posts"}],"about":[{"href":"https:\/\/laverdadpublica.com\/index.php\/wp-json\/wp\/v2\/types\/post"}],"author":[{"embeddable":true,"href":"https:\/\/laverdadpublica.com\/index.php\/wp-json\/wp\/v2\/users\/2"}],"replies":[{"embeddable":true,"href":"https:\/\/laverdadpublica.com\/index.php\/wp-json\/wp\/v2\/comments?post=1961"}],"version-history":[{"count":1,"href":"https:\/\/laverdadpublica.com\/index.php\/wp-json\/wp\/v2\/posts\/1961\/revisions"}],"predecessor-version":[{"id":1964,"href":"https:\/\/laverdadpublica.com\/index.php\/wp-json\/wp\/v2\/posts\/1961\/revisions\/1964"}],"wp:attachment":[{"href":"https:\/\/laverdadpublica.com\/index.php\/wp-json\/wp\/v2\/media?parent=1961"}],"wp:term":[{"taxonomy":"category","embeddable":true,"href":"https:\/\/laverdadpublica.com\/index.php\/wp-json\/wp\/v2\/categories?post=1961"},{"taxonomy":"post_tag","embeddable":true,"href":"https:\/\/laverdadpublica.com\/index.php\/wp-json\/wp\/v2\/tags?post=1961"}],"curies":[{"name":"wp","href":"https:\/\/api.w.org\/{rel}","templated":true}]}}