{"id":19964,"date":"2024-07-05T11:58:24","date_gmt":"2024-07-05T11:58:24","guid":{"rendered":"https:\/\/laverdadpublica.com\/?p=19964"},"modified":"2024-07-06T11:59:58","modified_gmt":"2024-07-06T11:59:58","slug":"la-dra-nancy-alvarez-regresa-a-los-medios-de-rd-a-traves-de-esto-no-es-radio","status":"publish","type":"post","link":"https:\/\/laverdadpublica.com\/index.php\/2024\/07\/05\/la-dra-nancy-alvarez-regresa-a-los-medios-de-rd-a-traves-de-esto-no-es-radio\/","title":{"rendered":"La Dra. Nancy \u00c1lvarez regresa a los medios de RD a trav\u00e9s de \u2018\u2018Esto No Es Radio\u2019\u2019"},"content":{"rendered":"<p><img decoding=\"async\" class=\"size-medium wp-image-19965 alignright lazyload\" data-src=\"https:\/\/laverdadpublica.com\/wp-content\/uploads\/2024\/07\/IMG-20240704-WA0042-300x200.jpg\" alt=\"\" width=\"300\" height=\"200\" data-srcset=\"https:\/\/laverdadpublica.com\/wp-content\/uploads\/2024\/07\/IMG-20240704-WA0042-300x200.jpg 300w, https:\/\/laverdadpublica.com\/wp-content\/uploads\/2024\/07\/IMG-20240704-WA0042-1024x681.jpg 1024w, https:\/\/laverdadpublica.com\/wp-content\/uploads\/2024\/07\/IMG-20240704-WA0042-768x511.jpg 768w, https:\/\/laverdadpublica.com\/wp-content\/uploads\/2024\/07\/IMG-20240704-WA0042.jpg 1030w\" data-sizes=\"(max-width: 300px) 100vw, 300px\" src=\"data:image\/svg+xml;base64,PHN2ZyB3aWR0aD0iMSIgaGVpZ2h0PSIxIiB4bWxucz0iaHR0cDovL3d3dy53My5vcmcvMjAwMC9zdmciPjwvc3ZnPg==\" style=\"--smush-placeholder-width: 300px; --smush-placeholder-aspect-ratio: 300\/200;\" \/><\/p>\n<p style=\"text-align: justify;\">La reconocida psic\u00f3loga cl\u00ednica, sex\u00f3loga y terapeuta familiar, Nancy \u00c1lvarez, se unir\u00e1 como panelista del programa \u00abEsto No es Radio\u00bb de Alofoke Media Group.<\/p>\n<p style=\"text-align: justify;\">\u00c1lvarez, quien fue invitada la ma\u00f1ana de este mi\u00e9rcoles, comparti\u00f3 su deseo de integrarse al espacio para comenzar a saldar una deuda que siente con la educaci\u00f3n sexual en la Rep\u00fablica Dominicana.<\/p>\n<blockquote>\n<p style=\"text-align: justify;\">\u00abYo he dejado tantas cosas a medias que quiero pedirles algo: me gustar\u00eda que me den un espacio de vez en cuando. No s\u00e9 si podr\u00e9 hacerlo todas las semanas, pero tengo una deuda con este pa\u00eds. Me niego a que todo lo que he luchado por la educaci\u00f3n sexual aqu\u00ed sea destruido por dos o tres personas irresponsables\u00bb, expres\u00f3 Nancy.<\/p>\n<\/blockquote>\n<p style=\"text-align: justify;\">Tras este comentario, Santiago Mat\u00edas, fue contactado en vivo. Al escuchar la petici\u00f3n, Mat\u00edas respondi\u00f3 que \u00abeso ser\u00eda algo \u00e9pico\u00bb y expres\u00f3 su admiraci\u00f3n por el trabajo realizado por \u00c1lvarez hasta el momento, trabajo que ha alcanzado repercusi\u00f3n en espacios internacionales.<\/p>\n<p style=\"text-align: justify;\">Nancy reiter\u00f3 con firmeza:<\/p>\n<blockquote>\n<p style=\"text-align: justify;\">\u00abQuiero poder hablar, quiero poder educar. No quiero que me paguen, solo quiero seguir insistiendo en lo que dej\u00e9 aqu\u00ed y que algunos intentan destruir\u00bb.<\/p>\n<\/blockquote>\n<p style=\"text-align: justify;\">Mat\u00edas le dio una cordial bienvenida a la experta durante su intervenci\u00f3n, mientras los panelistas de \u00abEsto No es Radio\u00bb aplaudieron con entusiasmo la noticia.<\/p>\n<p style=\"text-align: justify;\">La dominicana es conocida por conducir el programa de entrevistas \u00bfQui\u00e9n tiene la raz\u00f3n?, donde ayud\u00f3 a asesorar a familias y parejas con sus problemas interpersonales. Actualmente es co-conductora del programa \u201cDesiguales\u201d por Univision, y del programa digital \u201cDra. Nancy\u201d.<\/p>\n<p style=\"text-align: justify;\">\u00c1lvarez posee un Ph.D en Sexualidad y una Maestr\u00eda en Terapia Familiar, adem\u00e1s de una destacada trayectoria como psic\u00f3loga cl\u00ednica.<\/p>\n<p>Fuente: Mario Lara<\/p>\n","protected":false},"excerpt":{"rendered":"<p>La reconocida psic\u00f3loga cl\u00ednica, sex\u00f3loga y terapeuta familiar, Nancy \u00c1lvarez, se unir\u00e1 como panelista del<\/p>\n","protected":false},"author":1,"featured_media":0,"comment_status":"open","ping_status":"open","sticky":false,"template":"","format":"standard","meta":{"footnotes":""},"categories":[7],"tags":[],"class_list":["post-19964","post","type-post","status-publish","format-standard","hentry","category-nacionales"],"_links":{"self":[{"href":"https:\/\/laverdadpublica.com\/index.php\/wp-json\/wp\/v2\/posts\/19964","targetHints":{"allow":["GET"]}}],"collection":[{"href":"https:\/\/laverdadpublica.com\/index.php\/wp-json\/wp\/v2\/posts"}],"about":[{"href":"https:\/\/laverdadpublica.com\/index.php\/wp-json\/wp\/v2\/types\/post"}],"author":[{"embeddable":true,"href":"https:\/\/laverdadpublica.com\/index.php\/wp-json\/wp\/v2\/users\/1"}],"replies":[{"embeddable":true,"href":"https:\/\/laverdadpublica.com\/index.php\/wp-json\/wp\/v2\/comments?post=19964"}],"version-history":[{"count":1,"href":"https:\/\/laverdadpublica.com\/index.php\/wp-json\/wp\/v2\/posts\/19964\/revisions"}],"predecessor-version":[{"id":19966,"href":"https:\/\/laverdadpublica.com\/index.php\/wp-json\/wp\/v2\/posts\/19964\/revisions\/19966"}],"wp:attachment":[{"href":"https:\/\/laverdadpublica.com\/index.php\/wp-json\/wp\/v2\/media?parent=19964"}],"wp:term":[{"taxonomy":"category","embeddable":true,"href":"https:\/\/laverdadpublica.com\/index.php\/wp-json\/wp\/v2\/categories?post=19964"},{"taxonomy":"post_tag","embeddable":true,"href":"https:\/\/laverdadpublica.com\/index.php\/wp-json\/wp\/v2\/tags?post=19964"}],"curies":[{"name":"wp","href":"https:\/\/api.w.org\/{rel}","templated":true}]}}