{"id":20345,"date":"2024-07-12T15:46:53","date_gmt":"2024-07-12T15:46:53","guid":{"rendered":"https:\/\/laverdadpublica.com\/?p=20345"},"modified":"2024-07-13T15:50:51","modified_gmt":"2024-07-13T15:50:51","slug":"cientificos-latinoamericanos-abordaran-este-fin-de-semana-los-beneficios-del-glutation","status":"publish","type":"post","link":"https:\/\/laverdadpublica.com\/index.php\/2024\/07\/12\/cientificos-latinoamericanos-abordaran-este-fin-de-semana-los-beneficios-del-glutation\/","title":{"rendered":"Cient\u00edficos latinoamericanos abordar\u00e1n este fin de semana los beneficios del Glutation"},"content":{"rendered":"<blockquote>\n<p style=\"text-align: justify;\">Tres especialistas de M\u00e9xico y Colombia disertar\u00e1n sobre esta sustancia conocida como la \u201cmol\u00e9cula de la vida\u201d en dos eventos programados para el s\u00e1bado y domingo, en dos eventos dirigidos a m\u00e1s de 500 m\u00e9dicos y emprendedores, organizados por la compa\u00f1\u00eda canadiense de biotecnolog\u00eda Immunotec.<\/p>\n<\/blockquote>\n<p style=\"text-align: justify;\">Santo Domingo, RD.- Tres cient\u00edficos de M\u00e9xico y Colombia de la empresa internacional de biotecnolog\u00eda Immunotec intervendr\u00e1n este fin de semana en la Rep\u00fablica Dominicana ante m\u00e1s de 500 m\u00e9dicos y emprendedores en dos eventos separados que buscan crear mayor consciencia sobre los beneficios del consumo del Glutati\u00f3n, conocido como la \u00abmol\u00e9cula de la vida\u00bb.<\/p>\n<p><img decoding=\"async\" class=\"size-medium wp-image-20346 alignleft lazyload\" data-src=\"https:\/\/laverdadpublica.com\/wp-content\/uploads\/2024\/07\/IMG-20240712-WA0122-258x300.jpg\" alt=\"\" width=\"258\" height=\"300\" data-srcset=\"https:\/\/laverdadpublica.com\/wp-content\/uploads\/2024\/07\/IMG-20240712-WA0122-258x300.jpg 258w, https:\/\/laverdadpublica.com\/wp-content\/uploads\/2024\/07\/IMG-20240712-WA0122-879x1024.jpg 879w, https:\/\/laverdadpublica.com\/wp-content\/uploads\/2024\/07\/IMG-20240712-WA0122-768x894.jpg 768w, https:\/\/laverdadpublica.com\/wp-content\/uploads\/2024\/07\/IMG-20240712-WA0122.jpg 1099w\" data-sizes=\"(max-width: 258px) 100vw, 258px\" src=\"data:image\/svg+xml;base64,PHN2ZyB3aWR0aD0iMSIgaGVpZ2h0PSIxIiB4bWxucz0iaHR0cDovL3d3dy53My5vcmcvMjAwMC9zdmciPjwvc3ZnPg==\" style=\"--smush-placeholder-width: 258px; --smush-placeholder-aspect-ratio: 258\/300;\" \/><\/p>\n<p style=\"text-align: justify;\">Los especialistas latinoamericanos disertantes son Ricardo Garc\u00eda Pelayo, m\u00e9dico cirujano mexicano especializado en medicina natural y enzimoterapia; Luisa Cristina Torres, experta en inmunolog\u00eda y rehabilitaci\u00f3n cardiovascular de Colombia; y Jairo Guerrero, neum\u00f3logo pediatra y m\u00e9dico integrativo.<\/p>\n<p style=\"text-align: justify;\">De acuerdo con los organizadores, estos expertos convertir\u00e1n al pa\u00eds en el epicentro del conocimiento sobre salud y bienestar con el Primer Simposio de Glutati\u00f3n, que se llevar\u00e1 a cabo el s\u00e1bado 13 de julio en el hotel W&amp;P, en la avenida Sarasota n\u00famero 53, de 8:00 a 11:30 de la ma\u00f1ana.<\/p>\n<p style=\"text-align: justify;\">Reunir\u00e1 a profesionales de la medicina para discutir los avances y aplicaciones del Glutati\u00f3n en la Rep\u00fablica Dominicana, compartir\u00e1n casos de estudio que muestran mejoras significativas, as\u00ed como aplicaciones actuales de 80 patentes de uso cl\u00ednico, demostrando los beneficios de esta mol\u00e9cula en la vida diaria.<\/p>\n<p>Asimismo, abordar\u00e1n conocimientos cient\u00edficos sobre el Glutati\u00f3n y su aplicaci\u00f3n en diversas condiciones de salud, incluyendo recientes patentes en c\u00e1ncer y autismo otorgadas en abril de 2024.<\/p>\n<p style=\"text-align: justify;\">El segundo encuentro con los expositores internacionales estar\u00e1 dirigido a empresarios y emprendedores, se llevar\u00e1 a cabo este domingo 14 de julio, de 2:00 a 5:00 de la tarde, en el Hotel Catalonia Santo Domingo, en la avenida George Washington n\u00famero 500.<\/p>\n<p style=\"text-align: justify;\">Adem\u00e1s de los especialistas mencionados, expondr\u00e1n miembros de Immunotec como Ra\u00fal Tufik, Soraya Aguiar, Beatriz Mart\u00ednez, Anabel Mercedes, Esther Ortiz, Aurelio Espinal, Mar\u00eda Ortiz, Connie Galofre y Jos\u00e9 Carlos Mart\u00ednez.<\/p>\n<p><strong>Sobre el Glutati\u00f3n<\/strong><\/p>\n<p style=\"text-align: justify;\">La cirujana ortomolecular Ana Laura R\u00edos, de Immunotec, explic\u00f3 que el Glutati\u00f3n es un trip\u00e9ptido compuesto por \u00e1cido glut\u00e1mico, glicina y ciste\u00edna, crucial y presente en todas las c\u00e9lulas del cuerpo humano.<\/p>\n<p style=\"text-align: justify;\">La especialista se\u00f1al\u00f3 que esta sustancia juega un papel vital en la desintoxicaci\u00f3n celular y la regulaci\u00f3n del sistema inmunol\u00f3gico, entre otros procesos biol\u00f3gicos, avalada por m\u00e1s de 80,000 art\u00edculos cient\u00edficos que la posicionan como un elemento clave en la prevenci\u00f3n y tratamiento de diversas enfermedades cr\u00f3nicas.<\/p>\n<p style=\"text-align: justify;\">Destac\u00f3 los beneficios del Glutati\u00f3n, mencionando su capacidad antioxidante para neutralizar radicales libres y compuestos oxidantes, protegiendo las c\u00e9lulas y el ADN. Adem\u00e1s, mejora la funci\u00f3n inmunol\u00f3gica y promueve la salud del h\u00edgado, siendo fundamental en la prevenci\u00f3n de enfermedades cr\u00f3nicas como el c\u00e1ncer y las enfermedades cardiovasculares.<\/p>\n<p style=\"text-align: justify;\">R\u00edos se\u00f1al\u00f3 que Immunotec ha desarrollado productos que aumentan los niveles de Glutati\u00f3n de manera natural en el cuerpo humano, entre estos productos se encuentra Immunocal, un precursor del Glutati\u00f3n cient\u00edficamente comprobado.<\/p>\n<p><strong>Contactos en Rep\u00fablica Dominicana<\/strong><\/p>\n<p style=\"text-align: justify;\">El empresario Ra\u00fal Tufik, representante de Immunotec en el pa\u00eds, explic\u00f3 que el simposio tendr\u00e1 un cupo limitado para 150 personas. La inscripci\u00f3n tiene un costo de 1500 pesos, y los interesados pueden llamar al n\u00famero 849-207-7999 o inscribirse v\u00eda Instagram en la cuenta: @raultufikoficial. Immunotec busca nuevos socios para llevar esta informaci\u00f3n y respaldo a m\u00e1s familias en el pa\u00eds y otras naciones, y este a\u00f1o estar\u00e1 expandi\u00e9ndose a pa\u00edses europeos como Suiza, Alemania, Francia y Austria.<\/p>\n<p style=\"text-align: justify;\">Los productos de Immunotec est\u00e1n disponibles en Rep\u00fablica Dominicana a trav\u00e9s de un grupo de asesores capacitados cuyas informaciones se pueden obtener llamando al n\u00famero 849-207-7999 o v\u00eda WhatsApp.<\/p>\n<p style=\"text-align: justify;\">Immunotec tambi\u00e9n ha lanzado una l\u00ednea deportiva adoptada por equipos internacionales como el Inter de Miami y el Club Am\u00e9rica de M\u00e9xico, destacando su compromiso con la salud y el bienestar en diversas \u00e1reas.<\/p>\n<p>Fuente: Enver L\u00f3pez Milander<\/p>\n","protected":false},"excerpt":{"rendered":"<p>Tres especialistas de M\u00e9xico y Colombia disertar\u00e1n sobre esta sustancia conocida como la \u201cmol\u00e9cula de<\/p>\n","protected":false},"author":2,"featured_media":0,"comment_status":"open","ping_status":"open","sticky":false,"template":"","format":"standard","meta":{"footnotes":""},"categories":[7,221],"tags":[],"class_list":["post-20345","post","type-post","status-publish","format-standard","hentry","category-nacionales","category-salud"],"_links":{"self":[{"href":"https:\/\/laverdadpublica.com\/index.php\/wp-json\/wp\/v2\/posts\/20345","targetHints":{"allow":["GET"]}}],"collection":[{"href":"https:\/\/laverdadpublica.com\/index.php\/wp-json\/wp\/v2\/posts"}],"about":[{"href":"https:\/\/laverdadpublica.com\/index.php\/wp-json\/wp\/v2\/types\/post"}],"author":[{"embeddable":true,"href":"https:\/\/laverdadpublica.com\/index.php\/wp-json\/wp\/v2\/users\/2"}],"replies":[{"embeddable":true,"href":"https:\/\/laverdadpublica.com\/index.php\/wp-json\/wp\/v2\/comments?post=20345"}],"version-history":[{"count":2,"href":"https:\/\/laverdadpublica.com\/index.php\/wp-json\/wp\/v2\/posts\/20345\/revisions"}],"predecessor-version":[{"id":20348,"href":"https:\/\/laverdadpublica.com\/index.php\/wp-json\/wp\/v2\/posts\/20345\/revisions\/20348"}],"wp:attachment":[{"href":"https:\/\/laverdadpublica.com\/index.php\/wp-json\/wp\/v2\/media?parent=20345"}],"wp:term":[{"taxonomy":"category","embeddable":true,"href":"https:\/\/laverdadpublica.com\/index.php\/wp-json\/wp\/v2\/categories?post=20345"},{"taxonomy":"post_tag","embeddable":true,"href":"https:\/\/laverdadpublica.com\/index.php\/wp-json\/wp\/v2\/tags?post=20345"}],"curies":[{"name":"wp","href":"https:\/\/api.w.org\/{rel}","templated":true}]}}