{"id":20541,"date":"2024-07-14T16:18:09","date_gmt":"2024-07-14T16:18:09","guid":{"rendered":"https:\/\/laverdadpublica.com\/?p=20541"},"modified":"2024-07-14T16:18:09","modified_gmt":"2024-07-14T16:18:09","slug":"abogado-plutarco-jaquez-considera-ministerio-publico-contribuye-a-incentivar-corrupcion-administrativa-con-acuerdo-con-ramon-emilio-jimenez","status":"publish","type":"post","link":"https:\/\/laverdadpublica.com\/index.php\/2024\/07\/14\/abogado-plutarco-jaquez-considera-ministerio-publico-contribuye-a-incentivar-corrupcion-administrativa-con-acuerdo-con-ramon-emilio-jimenez\/","title":{"rendered":"Abogado Plutarco J\u00e1quez considera Ministerio Publico contribuye a incentivar corrupci\u00f3n administrativa con acuerdo con Ramon Emilio Jim\u00e9nez"},"content":{"rendered":"<blockquote>\n<p style=\"text-align: left;\">Acuerdo con Ramon Emilio Jim\u00e9ne \u00abMimilo\u00bb, atenta contra la credibilidad de la lucha contra la corrupci\u00f3n.<\/p>\n<\/blockquote>\n<p style=\"text-align: justify;\">Abogado dice debieron imponerle, aunque fuere una medida de coerci\u00f3n de arresto domiciliario y no mandarlo para su casa como si nada hubiese pasado y excluirlo del expediente<\/p>\n<p><img decoding=\"async\" class=\"size-medium wp-image-20542 alignleft lazyload\" data-src=\"https:\/\/laverdadpublica.com\/wp-content\/uploads\/2024\/07\/IMG-20240714-WA0015-300x200.jpg\" alt=\"\" width=\"300\" height=\"200\" data-srcset=\"https:\/\/laverdadpublica.com\/wp-content\/uploads\/2024\/07\/IMG-20240714-WA0015-300x200.jpg 300w, https:\/\/laverdadpublica.com\/wp-content\/uploads\/2024\/07\/IMG-20240714-WA0015.jpg 750w\" data-sizes=\"(max-width: 300px) 100vw, 300px\" src=\"data:image\/svg+xml;base64,PHN2ZyB3aWR0aD0iMSIgaGVpZ2h0PSIxIiB4bWxucz0iaHR0cDovL3d3dy53My5vcmcvMjAwMC9zdmciPjwvc3ZnPg==\" style=\"--smush-placeholder-width: 300px; --smush-placeholder-aspect-ratio: 300\/200;\" \/><\/p>\n<p style=\"text-align: justify;\">El Ministerio Publico est\u00e1 contribuyendo a incentivar la corrupci\u00f3n administrativa con el acuerdo que hizo con Ramon Emilio Jim\u00e9nez -Mimilo- asegur\u00f3 hoy el abogado penalista Plutarco J\u00e1quez.<\/p>\n<blockquote>\n<p style=\"text-align: justify;\">\u201cEl mensaje que se est\u00e1 enviando con el caso de Mimilazo es incentivar la corrupci\u00f3n administrativa\u201d, advirti\u00f3 el abogado.<\/p>\n<\/blockquote>\n<p style=\"text-align: justify;\">Expres\u00f3 que Mimilo, est\u00e1 fuera del expediente porque la Procuradur\u00eda Especializada de Persecuci\u00f3n de la Corrupci\u00f3n Administrativa (Pepca) y el Equipo de Abogados de Recuperaci\u00f3n de Patrimonio P\u00fablico, desistieron de cualquier acci\u00f3n penal en su contra, enviando una muy mala se\u00f1al a la sociedad dominicana.<\/p>\n<p style=\"text-align: justify;\">Indic\u00f3 que debieron imponerle, aunque fuere una medida de coerci\u00f3n, aunque fuese arresto domiciliario. \u201cNo mandarlo para su casa como si nada hubiese pasado\u201d y excluirlo de expediente.<\/p>\n<p style=\"text-align: justify;\">Sostuvo que por esa mala se\u00f1al que se est\u00e1 enviando a la sociedad no es partidario del acuerdo que llegaron los fiscales en el caso Mimilazo.<\/p>\n<p style=\"text-align: justify;\">Dijo que se incentiva la corrupci\u00f3n, enviado un mensaje a los actuales funcionarios a robarse cien millones y que devuelvan 25, qu\u00e9date con 75, y todo que resuelto.<\/p>\n<p style=\"text-align: justify;\">Dijo no entender c\u00f3mo es que Mimilo no est\u00e1 en el expediente denominado Calamar, aunque fuera con una medida de coerci\u00f3n de prisi\u00f3n domiciliaria, por el contrario, no le presentaron acusaci\u00f3n cuando es un actor principal.<\/p>\n<blockquote>\n<p style=\"text-align: justify;\">\u201cSi bien es cierto que el Ministerio P\u00fablico tiene la facultad para hacer algunos acuerdos, yo siento que ah\u00ed fue irracional porque, eso incentiva a los actos de corrupci\u00f3n\u201d, precis\u00f3.<\/p>\n<\/blockquote>\n<p style=\"text-align: justify;\">Manifest\u00f3 que si Mimilo hizo un acuerdo devuelve soliciten, aunque fuere una medida de coerci\u00f3n, aunque fuere arresto domiciliario.<\/p>\n<p style=\"text-align: justify;\">Dijo que en ese proceso tiene un cliente que hizo un acuerdo y no corri\u00f3 la misma \u201csuerte\u201d de Mimilo de quedar fuera del expediente.<\/p>\n<blockquote>\n<p style=\"text-align: justify;\">\u201cNosotros tenemos un cliente en ese caso hizo un acuerdo devolvi\u00f3 y no est\u00e1 fuera del expediente tiene\u201d.<\/p>\n<\/blockquote>\n<p>Indignado expres\u00f3 el abogado:<\/p>\n<blockquote>\n<p style=\"text-align: justify;\">\u201cA m\u00ed no me pueden explicar en este pa\u00eds que Mimilo este fuera de ese expediente, no puede ser\u201d<\/p>\n<\/blockquote>\n<p style=\"text-align: justify;\">Dijo que esperar que, con la salida de Miriam German Brito, como procuradora general de la Rep\u00fablica, las cosas puedan mejorar y el Ministerio P\u00fablico no sea tan ben\u00e9volo con acusados predilecto.<\/p>\n<p style=\"text-align: justify;\">El acuerdo fue firmado por Mimilo Jim\u00e9nez; la ex juez de la Suprema Corte de Justicia Esther Casasnovas y Francisco \u00c1lvarez (defensa de Jim\u00e9nez); Jorge Luis Polanco Rodr\u00edguez (Equipo de Recuperaci\u00f3n de Patrimonio P\u00fablico) y Wilson Camacho, titular de la Procuradur\u00eda Especializada de Persecuci\u00f3n de Corrupci\u00f3n Administrativa el pasado 20 de abril de 2024 en torno al caso Calamar en cursa en la justicia.<\/p>\n<p style=\"text-align: justify;\">Mimilo Jim\u00e9nez es se\u00f1alado por el PEPCA como miembro de una \u00abestructura criminal\u00bb donde supuestamente se estableci\u00f3 un esquema de cobro il\u00edcito a bancas deportivas de loter\u00edas.<\/p>\n<p style=\"text-align: justify;\">El comunicador Julio Mart\u00ednez Pozo revel\u00f3 los intricados movimientos y acuerdos detr\u00e1s del esc\u00e1ndalo conocido como el \u201cMimilazo\u201d.<\/p>\n<p style=\"text-align: justify;\">Durante su intervenci\u00f3n, Mart\u00ednez Pozo detall\u00f3 c\u00f3mo el Ministerio P\u00fablico present\u00f3 inicialmente decenas de supuestas v\u00edctimas, pero luego desech\u00f3 a todos los querellantes, dejando al Estado como la \u00fanica v\u00edctima reconocida en el proceso de homologaci\u00f3n.<\/p>\n<p style=\"text-align: justify;\">Este cambio permiti\u00f3 exculpar a los acusados y establecer que las \u00fanicas reparaciones necesarias eran para el Estado, no para individuos privados.<\/p>\n<p style=\"text-align: justify;\">Pozo destac\u00f3 un aspecto controvertido del acuerdo: los acusados resarcir\u00e1n al Estado mediante la realizaci\u00f3n de obras p\u00fablicas contratadas por el propio gobierno.<\/p>\n<p style=\"text-align: justify;\">Lo que, a juicio del comunicador, esto pone a los acusados en una posici\u00f3n privilegiada como contratistas del Estado, lo que levanta sospechas sobre la transparencia y la justicia del proceso.<\/p>\n<p style=\"text-align: justify;\">Adem\u00e1s, se\u00f1al\u00f3 que los acuerdos fueron manejados por la firma de abogados Hedrick, vinculando a figuras clave del Ministerio P\u00fablico con la misma oficina, lo que genera dudas sobre posibles conflictos de inter\u00e9s.<\/p>\n<p style=\"text-align: justify;\">Dentro de los beneficios que tiene Jim\u00e9nez por delatar a sus socios al Ministerio P\u00fablico y atestiguar contra las cabezas de la operaci\u00f3n Calamar reside en que la barra de abogados del Equipo de Recuperaci\u00f3n de Patrimonio P\u00fablico y los fiscales desistir\u00e1n de cualquier acci\u00f3n penal o civil en su contra.<\/p>\n<p>Fuente: Equipo Penalista Plutarco J\u00e1quez.<\/p>\n","protected":false},"excerpt":{"rendered":"<p>Acuerdo con Ramon Emilio Jim\u00e9ne \u00abMimilo\u00bb, atenta contra la credibilidad de la lucha contra la<\/p>\n","protected":false},"author":1,"featured_media":0,"comment_status":"open","ping_status":"open","sticky":false,"template":"","format":"standard","meta":{"footnotes":""},"categories":[7],"tags":[],"class_list":["post-20541","post","type-post","status-publish","format-standard","hentry","category-nacionales"],"_links":{"self":[{"href":"https:\/\/laverdadpublica.com\/index.php\/wp-json\/wp\/v2\/posts\/20541","targetHints":{"allow":["GET"]}}],"collection":[{"href":"https:\/\/laverdadpublica.com\/index.php\/wp-json\/wp\/v2\/posts"}],"about":[{"href":"https:\/\/laverdadpublica.com\/index.php\/wp-json\/wp\/v2\/types\/post"}],"author":[{"embeddable":true,"href":"https:\/\/laverdadpublica.com\/index.php\/wp-json\/wp\/v2\/users\/1"}],"replies":[{"embeddable":true,"href":"https:\/\/laverdadpublica.com\/index.php\/wp-json\/wp\/v2\/comments?post=20541"}],"version-history":[{"count":1,"href":"https:\/\/laverdadpublica.com\/index.php\/wp-json\/wp\/v2\/posts\/20541\/revisions"}],"predecessor-version":[{"id":20543,"href":"https:\/\/laverdadpublica.com\/index.php\/wp-json\/wp\/v2\/posts\/20541\/revisions\/20543"}],"wp:attachment":[{"href":"https:\/\/laverdadpublica.com\/index.php\/wp-json\/wp\/v2\/media?parent=20541"}],"wp:term":[{"taxonomy":"category","embeddable":true,"href":"https:\/\/laverdadpublica.com\/index.php\/wp-json\/wp\/v2\/categories?post=20541"},{"taxonomy":"post_tag","embeddable":true,"href":"https:\/\/laverdadpublica.com\/index.php\/wp-json\/wp\/v2\/tags?post=20541"}],"curies":[{"name":"wp","href":"https:\/\/api.w.org\/{rel}","templated":true}]}}