{"id":20602,"date":"2024-07-15T16:14:08","date_gmt":"2024-07-15T16:14:08","guid":{"rendered":"https:\/\/laverdadpublica.com\/?p=20602"},"modified":"2024-07-15T16:14:08","modified_gmt":"2024-07-15T16:14:08","slug":"anuncian-nueva-temporada-de-casados-en-caos-karen-yapoort-regresa-con-mas-soluciones-para-las-familias-dominicanas","status":"publish","type":"post","link":"https:\/\/laverdadpublica.com\/index.php\/2024\/07\/15\/anuncian-nueva-temporada-de-casados-en-caos-karen-yapoort-regresa-con-mas-soluciones-para-las-familias-dominicanas\/","title":{"rendered":"Anuncian nueva temporada de Casados en Caos: Karen Yapoort regresa con m\u00e1s soluciones para las familias dominicanas"},"content":{"rendered":"<blockquote>\n<p style=\"text-align: justify;\">Ser\u00e1 transmitido todos los domingos a la 6:00 pm a partir del 27 de octubre por Color Visi\u00f3n canal 9<\/p>\n<\/blockquote>\n<p style=\"text-align: justify;\">Santo Domingo- La reconocida presentadora Karen Yapoort anunci\u00f3 su regreso a la pantalla con la segunda temporada de su exitoso programa \u00abCasados en Caos\u00bb, que ser\u00e1 transmitido nuevamente todos los domingos a la 6:00 pm a partir del 27 de octubre por Color Visi\u00f3n canal 9.<\/p>\n<p><img decoding=\"async\" class=\"size-medium wp-image-20603 alignleft lazyload\" data-src=\"https:\/\/laverdadpublica.com\/wp-content\/uploads\/2024\/07\/IMG-20240715-WA0053-300x169.jpg\" alt=\"\" width=\"300\" height=\"169\" data-srcset=\"https:\/\/laverdadpublica.com\/wp-content\/uploads\/2024\/07\/IMG-20240715-WA0053-300x169.jpg 300w, https:\/\/laverdadpublica.com\/wp-content\/uploads\/2024\/07\/IMG-20240715-WA0053-1024x576.jpg 1024w, https:\/\/laverdadpublica.com\/wp-content\/uploads\/2024\/07\/IMG-20240715-WA0053-768x432.jpg 768w, https:\/\/laverdadpublica.com\/wp-content\/uploads\/2024\/07\/IMG-20240715-WA0053-1536x864.jpg 1536w, https:\/\/laverdadpublica.com\/wp-content\/uploads\/2024\/07\/IMG-20240715-WA0053-800x450.jpg 800w, https:\/\/laverdadpublica.com\/wp-content\/uploads\/2024\/07\/IMG-20240715-WA0053.jpg 1600w\" data-sizes=\"(max-width: 300px) 100vw, 300px\" src=\"data:image\/svg+xml;base64,PHN2ZyB3aWR0aD0iMSIgaGVpZ2h0PSIxIiB4bWxucz0iaHR0cDovL3d3dy53My5vcmcvMjAwMC9zdmciPjwvc3ZnPg==\" style=\"--smush-placeholder-width: 300px; --smush-placeholder-aspect-ratio: 300\/169;\" \/><\/p>\n<p style=\"text-align: justify;\">Junto al multifac\u00e9tico Daniel Sarcos en la co-conducci\u00f3n y bajo la producci\u00f3n y direcci\u00f3n general de Alberto Zayas junto a su productora AZ Films Producciones, este programa orientado a la familia dominicana fue merecedor de un Premio Soberano como mejor programa de temporada en su reciente edici\u00f3n. Karen Yapoort expres\u00f3 su emoci\u00f3n y agradecimiento:<\/p>\n<blockquote>\n<p style=\"text-align: justify;\">\u00abPrimero a Dios, a mi familia, al p\u00fablico y a los patrocinadores por el respaldo durante la primera temporada. Esta segunda edici\u00f3n estar\u00e1 llena de elementos novedosos que asegurar\u00e1n que nuestra audiencia no se despegue de la pantalla\u00bb, coment\u00f3 Yapoort.<\/p>\n<\/blockquote>\n<p style=\"text-align: justify;\">Casados en Caos contar\u00e1 con 8 episodios y ofrecer\u00e1 una plataforma donde las familias dominicanas podr\u00e1n recibir ayuda. Se ha habilitado el n\u00famero de WhatsApp 849-517-3313 para que los matrimonios interesados en presentar sus casos puedan inscribirse y ser evaluados para participar. Kauai Medios SRL estar\u00e1 a cargo de la comercializaci\u00f3n y marketing, mientras que la estrategia y ejecuci\u00f3n digital ser\u00e1n responsabilidad de Full Marketing.<\/p>\n<blockquote>\n<p style=\"text-align: justify;\">Los matrimonios interesados en presentar sus casos pueden inscribirse y ser evaluados para participar a trav\u00e9s del 849-517-3313<\/p>\n<\/blockquote>\n<p><strong>Acerca de Casados en Caos<\/strong><img decoding=\"async\" class=\"size-medium wp-image-20605 alignleft lazyload\" data-src=\"https:\/\/laverdadpublica.com\/wp-content\/uploads\/2024\/07\/IMG-20240715-WA0055-169x300.jpg\" alt=\"\" width=\"169\" height=\"300\" data-srcset=\"https:\/\/laverdadpublica.com\/wp-content\/uploads\/2024\/07\/IMG-20240715-WA0055-169x300.jpg 169w, https:\/\/laverdadpublica.com\/wp-content\/uploads\/2024\/07\/IMG-20240715-WA0055-576x1024.jpg 576w, https:\/\/laverdadpublica.com\/wp-content\/uploads\/2024\/07\/IMG-20240715-WA0055-768x1365.jpg 768w, https:\/\/laverdadpublica.com\/wp-content\/uploads\/2024\/07\/IMG-20240715-WA0055-864x1536.jpg 864w, https:\/\/laverdadpublica.com\/wp-content\/uploads\/2024\/07\/IMG-20240715-WA0055.jpg 900w\" data-sizes=\"(max-width: 169px) 100vw, 169px\" src=\"data:image\/svg+xml;base64,PHN2ZyB3aWR0aD0iMSIgaGVpZ2h0PSIxIiB4bWxucz0iaHR0cDovL3d3dy53My5vcmcvMjAwMC9zdmciPjwvc3ZnPg==\" style=\"--smush-placeholder-width: 169px; --smush-placeholder-aspect-ratio: 169\/300;\" \/><\/p>\n<p style=\"text-align: justify;\">\u00abCasados en Caos\u00bb es un programa que busca resolver los conflictos b\u00e1sicos de un matrimonio con la ayuda de expertos y profesionales en la materia.<\/p>\n<p style=\"text-align: justify;\">Los protagonistas de cada historia recibir\u00e1n acompa\u00f1amiento y asesoramiento para encontrar soluciones a sus dificultades y determinar las medidas m\u00e1s pertinentes. Este espacio ofrece una oportunidad para que matrimonios en crisis, que podr\u00edan llegar al divorcio, sean escuchados y reciban la opini\u00f3n de expertos para mejorar su situaci\u00f3n.<\/p>\n<p>Fuente: Herrera Far\u00e1ndula<\/p>\n","protected":false},"excerpt":{"rendered":"<p>Ser\u00e1 transmitido todos los domingos a la 6:00 pm a partir del 27 de octubre<\/p>\n","protected":false},"author":4,"featured_media":0,"comment_status":"open","ping_status":"open","sticky":false,"template":"","format":"standard","meta":{"footnotes":""},"categories":[6],"tags":[],"class_list":["post-20602","post","type-post","status-publish","format-standard","hentry","category-entretenimiento"],"_links":{"self":[{"href":"https:\/\/laverdadpublica.com\/index.php\/wp-json\/wp\/v2\/posts\/20602","targetHints":{"allow":["GET"]}}],"collection":[{"href":"https:\/\/laverdadpublica.com\/index.php\/wp-json\/wp\/v2\/posts"}],"about":[{"href":"https:\/\/laverdadpublica.com\/index.php\/wp-json\/wp\/v2\/types\/post"}],"author":[{"embeddable":true,"href":"https:\/\/laverdadpublica.com\/index.php\/wp-json\/wp\/v2\/users\/4"}],"replies":[{"embeddable":true,"href":"https:\/\/laverdadpublica.com\/index.php\/wp-json\/wp\/v2\/comments?post=20602"}],"version-history":[{"count":1,"href":"https:\/\/laverdadpublica.com\/index.php\/wp-json\/wp\/v2\/posts\/20602\/revisions"}],"predecessor-version":[{"id":20606,"href":"https:\/\/laverdadpublica.com\/index.php\/wp-json\/wp\/v2\/posts\/20602\/revisions\/20606"}],"wp:attachment":[{"href":"https:\/\/laverdadpublica.com\/index.php\/wp-json\/wp\/v2\/media?parent=20602"}],"wp:term":[{"taxonomy":"category","embeddable":true,"href":"https:\/\/laverdadpublica.com\/index.php\/wp-json\/wp\/v2\/categories?post=20602"},{"taxonomy":"post_tag","embeddable":true,"href":"https:\/\/laverdadpublica.com\/index.php\/wp-json\/wp\/v2\/tags?post=20602"}],"curies":[{"name":"wp","href":"https:\/\/api.w.org\/{rel}","templated":true}]}}