{"id":21183,"date":"2024-07-22T13:44:52","date_gmt":"2024-07-22T13:44:52","guid":{"rendered":"https:\/\/laverdadpublica.com\/?p=21183"},"modified":"2024-07-22T13:44:52","modified_gmt":"2024-07-22T13:44:52","slug":"ministerio-de-salud-toma-medidas-de-seguridad-ante-sospecha-de-brote-de-antrax","status":"publish","type":"post","link":"https:\/\/laverdadpublica.com\/index.php\/2024\/07\/22\/ministerio-de-salud-toma-medidas-de-seguridad-ante-sospecha-de-brote-de-antrax\/","title":{"rendered":"Ministerio de Salud toma medidas de seguridad ante sospecha de brote de \u00c1ntrax"},"content":{"rendered":"<header class=\"entry-header\"><\/header>\n<figure class=\"post-thumbnail\" style=\"text-align: justify;\"><img decoding=\"async\" class=\"post-thumbnail__img wp-post-image lazyload\" data-src=\"https:\/\/robertocavada.com\/wp-content\/uploads\/2024\/07\/IMG_7350-770x540.jpeg\" alt=\"Ministerio de Salud toma medidas de seguridad ante sospecha de brote de \u00c1ntrax\" width=\"770\" height=\"540\" src=\"data:image\/svg+xml;base64,PHN2ZyB3aWR0aD0iMSIgaGVpZ2h0PSIxIiB4bWxucz0iaHR0cDovL3d3dy53My5vcmcvMjAwMC9zdmciPjwvc3ZnPg==\" style=\"--smush-placeholder-width: 770px; --smush-placeholder-aspect-ratio: 770\/540;\" \/><\/figure>\n<div class=\"entry-content\">\n<div id=\"st-1\" class=\"sharethis-inline-share-buttons st-center st-lang-es st-has-labels  st-inline-share-buttons st-animated\" style=\"text-align: justify;\">\n<div class=\"st-btn st-last st-remove-label\" data-network=\"whatsapp\"><em>Santo Domingo D.N.<\/em>\u00a0Ante las recientes informaciones divulgadas en los medios de comunicaci\u00f3n sobre una sospecha de brote de \u00e1ntrax en territorio de Hait\u00ed, el Ministerio de Defensa ha tomado medidas preventivas de seguridad para proteger a la poblaci\u00f3n.<\/div>\n<\/div>\n<div id=\"advads-69acffdb5d8a8a2775a0f9ced04c1e36\" class=\"advads-69acffdb5d8a8a2775a0f9ced04c1e36 advads-content-first-paragraph\" style=\"text-align: justify;\">\n<div id=\"advads-311660744\" class=\"advads-content-first-paragraph\">\n<div data-advads-trackid=\"220527\" data-advads-trackbid=\"1\"><\/div>\n<div id=\"advads-482809674\" data-advads-trackid=\"220527\" data-advads-trackbid=\"1\">Estas acciones se implementan en respuesta a sospechas cl\u00ednicas de posibles casos de \u00e1ntrax, aunque hasta el momento no hay confirmaci\u00f3n diagn\u00f3stica de la enfermedad.<\/div>\n<\/div>\n<\/div>\n<p style=\"text-align: justify;\">El Ministerio de Salud informa a la ciudadan\u00eda que ha estado en comunicaci\u00f3n constante con organismos internacionales como la Organizaci\u00f3n Panamericana de la Salud (OPS) y los Centros para el Control y la Prevenci\u00f3n de Enfermedades (CDC), con sede en Hait\u00ed. Estas entidades han confirmado que, hasta la fecha, no se han diagnosticado casos confirmados de \u00e1ntrax en la regi\u00f3n. Las sospechas actuales se basan \u00fanicamente en evaluaciones cl\u00ednicas preliminares.<\/p>\n<div id=\"advads-e3f134318dedbabaf3aad7fe396c6141\" class=\"advads-e3f134318dedbabaf3aad7fe396c6141 advads-content-middle\" style=\"text-align: justify;\">\n<div id=\"advads-1261304489\" class=\"advads-content-middle\">\n<div id=\"advads-416605143\" data-advads-trackid=\"313183\" data-advads-trackbid=\"1\">En coordinaci\u00f3n con el Ministerio de Defensa, se han activado protocolos de seguridad fronteriza para prevenir ante cualquier posible propagaci\u00f3n de la enfermedad. Estas medidas incluyen controles sanitarios estrictos y vigilancia epidemiol\u00f3gica intensificada en la zona fronteriza.<\/div>\n<\/div>\n<\/div>\n<p style=\"text-align: justify;\">El Ministerio de Salud reitera su compromiso con la salud y seguridad de la poblaci\u00f3n dominicana. Continuaremos monitoreando de cerca la situaci\u00f3n y mantendremos informada a la ciudadan\u00eda sobre cualquier actualizaci\u00f3n relevante proporcionada por los organismos internacionales.<\/p>\n<p style=\"text-align: justify;\">Instamos a la poblaci\u00f3n a mantenerse informada a trav\u00e9s de canales oficiales y a no caer en alarmas infundadas. Seguimos atentos y vigilantes ante esta situaci\u00f3n y reafirmamos nuestro compromiso con la salud de la poblaci\u00f3n.<\/p>\n<\/div>\n<p>&nbsp;<\/p>\n<p>Fuente: Diario Libre<\/p>\n","protected":false},"excerpt":{"rendered":"<p>Santo Domingo D.N.\u00a0Ante las recientes informaciones divulgadas en los medios de comunicaci\u00f3n sobre una sospecha<\/p>\n","protected":false},"author":1,"featured_media":0,"comment_status":"open","ping_status":"open","sticky":false,"template":"","format":"standard","meta":{"footnotes":""},"categories":[221],"tags":[],"class_list":["post-21183","post","type-post","status-publish","format-standard","hentry","category-salud"],"_links":{"self":[{"href":"https:\/\/laverdadpublica.com\/index.php\/wp-json\/wp\/v2\/posts\/21183","targetHints":{"allow":["GET"]}}],"collection":[{"href":"https:\/\/laverdadpublica.com\/index.php\/wp-json\/wp\/v2\/posts"}],"about":[{"href":"https:\/\/laverdadpublica.com\/index.php\/wp-json\/wp\/v2\/types\/post"}],"author":[{"embeddable":true,"href":"https:\/\/laverdadpublica.com\/index.php\/wp-json\/wp\/v2\/users\/1"}],"replies":[{"embeddable":true,"href":"https:\/\/laverdadpublica.com\/index.php\/wp-json\/wp\/v2\/comments?post=21183"}],"version-history":[{"count":1,"href":"https:\/\/laverdadpublica.com\/index.php\/wp-json\/wp\/v2\/posts\/21183\/revisions"}],"predecessor-version":[{"id":21184,"href":"https:\/\/laverdadpublica.com\/index.php\/wp-json\/wp\/v2\/posts\/21183\/revisions\/21184"}],"wp:attachment":[{"href":"https:\/\/laverdadpublica.com\/index.php\/wp-json\/wp\/v2\/media?parent=21183"}],"wp:term":[{"taxonomy":"category","embeddable":true,"href":"https:\/\/laverdadpublica.com\/index.php\/wp-json\/wp\/v2\/categories?post=21183"},{"taxonomy":"post_tag","embeddable":true,"href":"https:\/\/laverdadpublica.com\/index.php\/wp-json\/wp\/v2\/tags?post=21183"}],"curies":[{"name":"wp","href":"https:\/\/api.w.org\/{rel}","templated":true}]}}