{"id":21201,"date":"2024-07-23T16:21:49","date_gmt":"2024-07-23T16:21:49","guid":{"rendered":"https:\/\/laverdadpublica.com\/?p=21201"},"modified":"2024-07-23T16:21:49","modified_gmt":"2024-07-23T16:21:49","slug":"doug-emhoff-podria-convertirse-en-el-primer-caballero-de-estados-unidos","status":"publish","type":"post","link":"https:\/\/laverdadpublica.com\/index.php\/2024\/07\/23\/doug-emhoff-podria-convertirse-en-el-primer-caballero-de-estados-unidos\/","title":{"rendered":"Doug Emhoff podr\u00eda convertirse en el primer caballero de Estados Unidos"},"content":{"rendered":"<figure class=\"post-thumbnail\"><img decoding=\"async\" class=\"post-thumbnail__img wp-post-image lazyload\" data-src=\"https:\/\/robertocavada.com\/wp-content\/uploads\/2024\/07\/IMG_1092-640x540.jpeg\" alt=\"Doug Emhoff podr\u00eda convertirse en el primer caballero de Estados Unidos\" width=\"640\" height=\"540\" src=\"data:image\/svg+xml;base64,PHN2ZyB3aWR0aD0iMSIgaGVpZ2h0PSIxIiB4bWxucz0iaHR0cDovL3d3dy53My5vcmcvMjAwMC9zdmciPjwvc3ZnPg==\" style=\"--smush-placeholder-width: 640px; --smush-placeholder-aspect-ratio: 640\/540;\" \/><\/figure>\n<div class=\"entry-content\">\n<div id=\"st-1\" class=\"sharethis-inline-share-buttons st-center st-lang-es st-has-labels  st-inline-share-buttons st-animated\">\n<div class=\"st-btn st-last st-remove-label\" style=\"text-align: justify;\" data-network=\"whatsapp\">La Kamala Harris se convirti\u00f3 en la primera mujer en ocupar el cargo de vicepresidenta en los Estados Unidos.<\/div>\n<\/div>\n<p style=\"text-align: justify;\">Aunque Harris ha estado respaldada por sus aliados para que ella consiga llegar a la cima en el equipo de Joe Biden, hay alguien m\u00e1s que ha estado a su lado en todo momento.<\/p>\n<p style=\"text-align: justify;\">Se trata de su marido, el abogado\u00a0Douglas Emhoff\u00a0(59), que se ha convertido en\u00a0la mano derecha de una de las posibles presidentas del pa\u00eds americano.<\/p>\n<blockquote><p>\u201cSegundo caballero de los Estados Unidos. Padre devoto. Orgulloso esposo de la vicepresidenta Kamala Harris\u201d. Pocas horas le han faltado a Emhoff para actualizar su biograf\u00eda en las redes sociales. Y es que, el abogado no ha dudado en definirse como el segundo caballero de los Estados Unidos con un gesto que ha sido aplaudido por el gran p\u00fablico.<\/p><\/blockquote>\n<p style=\"text-align: justify;\">Douglas Emhoff form\u00f3 parte del bufete de abogados DLA Piper, uno de los m\u00e1s conocidos del pa\u00eds y donde lleg\u00f3 a representar a \u201cgrandes corporaciones nacionales e internacionales y a algunas de las personas de m\u00e1s alto perfil de la actualidad en complejas disputas de litigios comerciales, inmobiliarios y de propiedad intelectual\u201d.<\/p>\n<\/div>\n<p>Fuente: RC Noticias<\/p>\n","protected":false},"excerpt":{"rendered":"<p>La Kamala Harris se convirti\u00f3 en la primera mujer en ocupar el cargo de vicepresidenta<\/p>\n","protected":false},"author":1,"featured_media":0,"comment_status":"open","ping_status":"open","sticky":false,"template":"","format":"standard","meta":{"footnotes":""},"categories":[16],"tags":[],"class_list":["post-21201","post","type-post","status-publish","format-standard","hentry","category-internacionales"],"_links":{"self":[{"href":"https:\/\/laverdadpublica.com\/index.php\/wp-json\/wp\/v2\/posts\/21201","targetHints":{"allow":["GET"]}}],"collection":[{"href":"https:\/\/laverdadpublica.com\/index.php\/wp-json\/wp\/v2\/posts"}],"about":[{"href":"https:\/\/laverdadpublica.com\/index.php\/wp-json\/wp\/v2\/types\/post"}],"author":[{"embeddable":true,"href":"https:\/\/laverdadpublica.com\/index.php\/wp-json\/wp\/v2\/users\/1"}],"replies":[{"embeddable":true,"href":"https:\/\/laverdadpublica.com\/index.php\/wp-json\/wp\/v2\/comments?post=21201"}],"version-history":[{"count":1,"href":"https:\/\/laverdadpublica.com\/index.php\/wp-json\/wp\/v2\/posts\/21201\/revisions"}],"predecessor-version":[{"id":21303,"href":"https:\/\/laverdadpublica.com\/index.php\/wp-json\/wp\/v2\/posts\/21201\/revisions\/21303"}],"wp:attachment":[{"href":"https:\/\/laverdadpublica.com\/index.php\/wp-json\/wp\/v2\/media?parent=21201"}],"wp:term":[{"taxonomy":"category","embeddable":true,"href":"https:\/\/laverdadpublica.com\/index.php\/wp-json\/wp\/v2\/categories?post=21201"},{"taxonomy":"post_tag","embeddable":true,"href":"https:\/\/laverdadpublica.com\/index.php\/wp-json\/wp\/v2\/tags?post=21201"}],"curies":[{"name":"wp","href":"https:\/\/api.w.org\/{rel}","templated":true}]}}