{"id":21288,"date":"2024-07-23T12:51:17","date_gmt":"2024-07-23T12:51:17","guid":{"rendered":"https:\/\/laverdadpublica.com\/?p=21288"},"modified":"2024-07-23T12:51:17","modified_gmt":"2024-07-23T12:51:17","slug":"ofrecen-recompensa-en-dolares-por-informacion-sobre-delincuentes-que-atracaron-a-disenador-en-haina","status":"publish","type":"post","link":"https:\/\/laverdadpublica.com\/index.php\/2024\/07\/23\/ofrecen-recompensa-en-dolares-por-informacion-sobre-delincuentes-que-atracaron-a-disenador-en-haina\/","title":{"rendered":"Ofrecen recompensa en d\u00f3lares por informaci\u00f3n sobre delincuentes que atracaron a dise\u00f1ador en Haina"},"content":{"rendered":"<header class=\"entry-header\"><\/header>\n<figure class=\"post-thumbnail\" style=\"text-align: justify;\"><img decoding=\"async\" class=\"post-thumbnail__img wp-post-image aligncenter lazyload\" data-src=\"https:\/\/robertocavada.com\/wp-content\/uploads\/2024\/07\/Screenshot-2024-07-22-at-16-42-48-Ofrecen-recompensa-en-dolares-por-informacion-sobre-delincuentes-que-atracaron-a-disenador-en-Haina-RC-Noticias-770x445.png\" alt=\"Ofrecen recompensa en d\u00f3lares por informaci\u00f3n sobre delincuentes que atracaron a dise\u00f1ador en Haina\" width=\"770\" height=\"445\" src=\"data:image\/svg+xml;base64,PHN2ZyB3aWR0aD0iMSIgaGVpZ2h0PSIxIiB4bWxucz0iaHR0cDovL3d3dy53My5vcmcvMjAwMC9zdmciPjwvc3ZnPg==\" style=\"--smush-placeholder-width: 770px; --smush-placeholder-aspect-ratio: 770\/445;\" \/><\/figure>\n<div class=\"entry-content\">\n<div id=\"st-1\" class=\"sharethis-inline-share-buttons st-center st-lang-es st-has-labels  st-inline-share-buttons st-animated\" style=\"text-align: justify;\">\n<div class=\"st-btn st-last st-remove-label\" data-network=\"whatsapp\">El abogado Jean Christopher ha hecho un llamado urgente a la comunidad para ayudar a identificar a los responsables de un violento atraco que sufri\u00f3 un dise\u00f1ador gr\u00e1fico en la noche del pasado lunes.<\/div>\n<\/div>\n<p style=\"text-align: justify;\">El incidente ocurri\u00f3 alrededor de las 10:40 p.m. mientras la v\u00edctima se dirig\u00eda a su hogar desde San Crist\u00f3bal hacia Haina, cerca de la circunvalaci\u00f3n de Haina.<\/p>\n<p style=\"text-align: justify;\">Seg\u00fan la denuncia, cuatro individuos en dos motocicletas interceptaron al joven dise\u00f1ador gr\u00e1fico, quien es descrito por sus conocidos como una persona muy trabajadora y cristiana.<\/p>\n<p style=\"text-align: justify;\">Los agresores, armados con pistolas, golpearon violentamente al dise\u00f1ador en la cabeza antes de robarle su motocicleta marca Loucin Pruss 2019, su celular, cartera y dinero en efectivo. Posteriormente, los delincuentes huyeron en direcci\u00f3n a San Crist\u00f3bal.<\/p>\n<p style=\"text-align: justify;\">Jean Christopher ha ofrecido una compensaci\u00f3n econ\u00f3mica en d\u00f3lares por cualquier informaci\u00f3n que conduzca a la identificaci\u00f3n y captura de los delincuentes.<\/p>\n<p style=\"text-align: justify;\">Fuente: RD Firma Autorizada<\/p>\n<\/div>\n","protected":false},"excerpt":{"rendered":"<p>El abogado Jean Christopher ha hecho un llamado urgente a la comunidad para ayudar a<\/p>\n","protected":false},"author":1,"featured_media":0,"comment_status":"open","ping_status":"open","sticky":false,"template":"","format":"standard","meta":{"footnotes":""},"categories":[7],"tags":[],"class_list":["post-21288","post","type-post","status-publish","format-standard","hentry","category-nacionales"],"_links":{"self":[{"href":"https:\/\/laverdadpublica.com\/index.php\/wp-json\/wp\/v2\/posts\/21288","targetHints":{"allow":["GET"]}}],"collection":[{"href":"https:\/\/laverdadpublica.com\/index.php\/wp-json\/wp\/v2\/posts"}],"about":[{"href":"https:\/\/laverdadpublica.com\/index.php\/wp-json\/wp\/v2\/types\/post"}],"author":[{"embeddable":true,"href":"https:\/\/laverdadpublica.com\/index.php\/wp-json\/wp\/v2\/users\/1"}],"replies":[{"embeddable":true,"href":"https:\/\/laverdadpublica.com\/index.php\/wp-json\/wp\/v2\/comments?post=21288"}],"version-history":[{"count":1,"href":"https:\/\/laverdadpublica.com\/index.php\/wp-json\/wp\/v2\/posts\/21288\/revisions"}],"predecessor-version":[{"id":21289,"href":"https:\/\/laverdadpublica.com\/index.php\/wp-json\/wp\/v2\/posts\/21288\/revisions\/21289"}],"wp:attachment":[{"href":"https:\/\/laverdadpublica.com\/index.php\/wp-json\/wp\/v2\/media?parent=21288"}],"wp:term":[{"taxonomy":"category","embeddable":true,"href":"https:\/\/laverdadpublica.com\/index.php\/wp-json\/wp\/v2\/categories?post=21288"},{"taxonomy":"post_tag","embeddable":true,"href":"https:\/\/laverdadpublica.com\/index.php\/wp-json\/wp\/v2\/tags?post=21288"}],"curies":[{"name":"wp","href":"https:\/\/api.w.org\/{rel}","templated":true}]}}