{"id":21399,"date":"2024-07-24T13:45:30","date_gmt":"2024-07-24T13:45:30","guid":{"rendered":"https:\/\/laverdadpublica.com\/?p=21399"},"modified":"2024-07-24T13:45:30","modified_gmt":"2024-07-24T13:45:30","slug":"juramentacion-de-abinader-en-el-teatro-nacional-no-le-resta-solemnidad-ni-dignidad-dice-juan-daniel-balcacer","status":"publish","type":"post","link":"https:\/\/laverdadpublica.com\/index.php\/2024\/07\/24\/juramentacion-de-abinader-en-el-teatro-nacional-no-le-resta-solemnidad-ni-dignidad-dice-juan-daniel-balcacer\/","title":{"rendered":"Juramentaci\u00f3n de Abinader en el Teatro Nacional \u201cno le resta solemnidad ni dignidad\u201d, dice Juan Daniel Balc\u00e1cer\u00a0"},"content":{"rendered":"<header class=\"entry-header\"><\/header>\n<figure class=\"post-thumbnail\"><img decoding=\"async\" class=\"post-thumbnail__img wp-post-image lazyload\" data-src=\"https:\/\/robertocavada.com\/wp-content\/uploads\/2024\/07\/IMG_0164-770x540.webp\" alt=\"Juramentaci\u00f3n de Abinader en el Teatro Nacional \u201cno le resta solemnidad ni dignidad\u201d, dice Juan Daniel Balc\u00e1cer\u00a0\" width=\"770\" height=\"540\" src=\"data:image\/svg+xml;base64,PHN2ZyB3aWR0aD0iMSIgaGVpZ2h0PSIxIiB4bWxucz0iaHR0cDovL3d3dy53My5vcmcvMjAwMC9zdmciPjwvc3ZnPg==\" style=\"--smush-placeholder-width: 770px; --smush-placeholder-aspect-ratio: 770\/540;\" \/><\/figure>\n<div class=\"entry-content\">\n<div id=\"st-1\" class=\"sharethis-inline-share-buttons st-center st-lang-es st-has-labels  st-inline-share-buttons st-animated\">\n<div class=\"st-btn st-last st-remove-label\" style=\"text-align: justify;\" data-network=\"whatsapp\">El cambio de lugar para llevar a cabo el acto de juramentaci\u00f3n de Luis Abinader y la vicepresidenta Raquel Pe\u00f1a, por su segundo periodo en Gobierno, \u201cno le resta ni solemnidad ni dignidad\u201d al hecho de que sea en l Teatro Nacional, seg\u00fan el historiador Juan Daniel Balc\u00e1cer.<\/div>\n<\/div>\n<div id=\"advads-fd9ea49da18cedd526b3378aeaeb57b3\" class=\"advads-fd9ea49da18cedd526b3378aeaeb57b3 advads-content-first-paragraph\" style=\"text-align: justify;\">\n<div><\/div>\n<blockquote>\n<div id=\"advads-1192533426\" class=\"advads-content-first-paragraph\">\u201cSe va a juramentar las autoridades el Presidente y la Vicepresidenta ante la Asamblea Nacional que va a estar ah\u00ed presente, de manera que en la ceremonia se traslada al lugar escogido\u2026\u201d, dijo Balc\u00e1cer durante su participaci\u00f3n en el programa radial \u201cEsto no tiene nombre\u201d.<\/div>\n<\/blockquote>\n<\/div>\n<div id=\"advads-4095dab705bf89ae18386900677299d8\" class=\"advads-4095dab705bf89ae18386900677299d8 advads-content-middle\" style=\"text-align: justify;\">\n<div id=\"advads-1231734185\" class=\"advads-content-middle\">\n<div id=\"advads-1218576963\" data-advads-trackid=\"220527\" data-advads-trackbid=\"1\">Se\u00f1al\u00f3 que el reglamento interno del Congreso Nacional indica que siempre se deber\u00e1 sesionar en la sede de la asamblea salvo \u201cpor desastres naturales o fuerza mayor\u201d.<\/div>\n<\/div>\n<\/div>\n<blockquote>\n<p style=\"text-align: justify;\">\u00a0\u201cEn este caso hay una fuerza mayor, que es una petici\u00f3n, una solicitud que el presidente esta haciendo a la asamblea, al congreso\u2026 no esta el imponiendo que debe ser donde el solicita, ellos deben decidir\u201d, dijo.<\/p>\n<\/blockquote>\n<\/div>\n<p>Fuente: RC Noticias<\/p>\n","protected":false},"excerpt":{"rendered":"<p>El cambio de lugar para llevar a cabo el acto de juramentaci\u00f3n de Luis Abinader<\/p>\n","protected":false},"author":1,"featured_media":0,"comment_status":"open","ping_status":"open","sticky":false,"template":"","format":"standard","meta":{"footnotes":""},"categories":[7],"tags":[],"class_list":["post-21399","post","type-post","status-publish","format-standard","hentry","category-nacionales"],"_links":{"self":[{"href":"https:\/\/laverdadpublica.com\/index.php\/wp-json\/wp\/v2\/posts\/21399","targetHints":{"allow":["GET"]}}],"collection":[{"href":"https:\/\/laverdadpublica.com\/index.php\/wp-json\/wp\/v2\/posts"}],"about":[{"href":"https:\/\/laverdadpublica.com\/index.php\/wp-json\/wp\/v2\/types\/post"}],"author":[{"embeddable":true,"href":"https:\/\/laverdadpublica.com\/index.php\/wp-json\/wp\/v2\/users\/1"}],"replies":[{"embeddable":true,"href":"https:\/\/laverdadpublica.com\/index.php\/wp-json\/wp\/v2\/comments?post=21399"}],"version-history":[{"count":1,"href":"https:\/\/laverdadpublica.com\/index.php\/wp-json\/wp\/v2\/posts\/21399\/revisions"}],"predecessor-version":[{"id":21400,"href":"https:\/\/laverdadpublica.com\/index.php\/wp-json\/wp\/v2\/posts\/21399\/revisions\/21400"}],"wp:attachment":[{"href":"https:\/\/laverdadpublica.com\/index.php\/wp-json\/wp\/v2\/media?parent=21399"}],"wp:term":[{"taxonomy":"category","embeddable":true,"href":"https:\/\/laverdadpublica.com\/index.php\/wp-json\/wp\/v2\/categories?post=21399"},{"taxonomy":"post_tag","embeddable":true,"href":"https:\/\/laverdadpublica.com\/index.php\/wp-json\/wp\/v2\/tags?post=21399"}],"curies":[{"name":"wp","href":"https:\/\/api.w.org\/{rel}","templated":true}]}}