{"id":21447,"date":"2024-07-24T18:08:19","date_gmt":"2024-07-24T18:08:19","guid":{"rendered":"https:\/\/laverdadpublica.com\/?p=21447"},"modified":"2024-07-25T18:10:45","modified_gmt":"2024-07-25T18:10:45","slug":"incabide-realiza-jornada-de-limpieza-de-playas","status":"publish","type":"post","link":"https:\/\/laverdadpublica.com\/index.php\/2024\/07\/24\/incabide-realiza-jornada-de-limpieza-de-playas\/","title":{"rendered":"INCABIDE realiza jornada de limpieza de Playas"},"content":{"rendered":"<p style=\"text-align: justify;\"><img decoding=\"async\" class=\"size-medium wp-image-21448 alignleft lazyload\" data-src=\"https:\/\/laverdadpublica.com\/wp-content\/uploads\/2024\/07\/IMG-20240724-WA0159-300x200.jpg\" alt=\"\" width=\"300\" height=\"200\" data-srcset=\"https:\/\/laverdadpublica.com\/wp-content\/uploads\/2024\/07\/IMG-20240724-WA0159-300x200.jpg 300w, https:\/\/laverdadpublica.com\/wp-content\/uploads\/2024\/07\/IMG-20240724-WA0159-1024x682.jpg 1024w, https:\/\/laverdadpublica.com\/wp-content\/uploads\/2024\/07\/IMG-20240724-WA0159-768x512.jpg 768w, https:\/\/laverdadpublica.com\/wp-content\/uploads\/2024\/07\/IMG-20240724-WA0159-1536x1023.jpg 1536w, https:\/\/laverdadpublica.com\/wp-content\/uploads\/2024\/07\/IMG-20240724-WA0159.jpg 1600w\" data-sizes=\"(max-width: 300px) 100vw, 300px\" src=\"data:image\/svg+xml;base64,PHN2ZyB3aWR0aD0iMSIgaGVpZ2h0PSIxIiB4bWxucz0iaHR0cDovL3d3dy53My5vcmcvMjAwMC9zdmciPjwvc3ZnPg==\" style=\"--smush-placeholder-width: 300px; --smush-placeholder-aspect-ratio: 300\/200;\" \/>\u00a0Santo Domingo, julio de 2024 &#8211; La Comisi\u00f3n de Integridad Gubernamental y Cumplimiento Normativo (CIGCN) del Instituto Nacional de Custodia y Administraci\u00f3n de Bienes Incautados, Decomisados y en Extinci\u00f3n de Dominio (INCABIDE) llev\u00f3 a cabo una exitosa jornada de limpieza en la playa Los Pescadores, en el Malec\u00f3n de Santo Domingo, con la finalidad de concientizar a los colabores de la instituci\u00f3n, respecto de la creciente contaminaci\u00f3n de los mares y los oc\u00e9anos por derrames de petr\u00f3leos, las aguas residuales y contaminaci\u00f3n por desechos s\u00f3lidos especialmente pl\u00e1sticos.<\/p>\n<p style=\"text-align: justify;\">Dentro del operativo de limpieza se recolectaron 182 fundas de basura con residuos pl\u00e1sticos, org\u00e1nicos y otros materiales que se encontraban en dicha playa, los cuales fueron separados por la clasificaci\u00f3n de desechos.<\/p>\n<p style=\"text-align: justify;\">Desde las primeras horas de la ma\u00f1ana, m\u00e1s de 30 voluntarios se congregaron con guantes, rastrillos, bolsas de basura y una gran determinaci\u00f3n para hacer una labor social que marca la diferencia, demostrando el firme compromiso de los servidores p\u00fablicos con la conservaci\u00f3n del medio ambiente y la promoci\u00f3n de pr\u00e1cticas sostenibles.<\/p>\n<p><img decoding=\"async\" class=\"size-medium wp-image-21449 alignright lazyload\" data-src=\"https:\/\/laverdadpublica.com\/wp-content\/uploads\/2024\/07\/IMG-20240724-WA0158-300x200.jpg\" alt=\"\" width=\"300\" height=\"200\" data-srcset=\"https:\/\/laverdadpublica.com\/wp-content\/uploads\/2024\/07\/IMG-20240724-WA0158-300x200.jpg 300w, https:\/\/laverdadpublica.com\/wp-content\/uploads\/2024\/07\/IMG-20240724-WA0158-1024x682.jpg 1024w, https:\/\/laverdadpublica.com\/wp-content\/uploads\/2024\/07\/IMG-20240724-WA0158-768x512.jpg 768w, https:\/\/laverdadpublica.com\/wp-content\/uploads\/2024\/07\/IMG-20240724-WA0158-1536x1023.jpg 1536w, https:\/\/laverdadpublica.com\/wp-content\/uploads\/2024\/07\/IMG-20240724-WA0158.jpg 1600w\" data-sizes=\"(max-width: 300px) 100vw, 300px\" src=\"data:image\/svg+xml;base64,PHN2ZyB3aWR0aD0iMSIgaGVpZ2h0PSIxIiB4bWxucz0iaHR0cDovL3d3dy53My5vcmcvMjAwMC9zdmciPjwvc3ZnPg==\" style=\"--smush-placeholder-width: 300px; --smush-placeholder-aspect-ratio: 300\/200;\" \/><\/p>\n<p style=\"text-align: justify;\">Manuel Oviedo Estrada, Director Ejecutivo del INCABIDE, manifest\u00f3 que esa jornada es un reflejo de compromiso no solo con el desarrollo institucional, sino tambi\u00e9n con el compromiso social con el pa\u00eds, respecto de la protecci\u00f3n de nuestro entorno natural, resaltando su agradecimiento a todos los colaboradores del instituto y los familiares que tambi\u00e9n se unieron a la jornada.<\/p>\n<p style=\"text-align: justify;\">Cada a\u00f1o son vertidas a los oc\u00e9anos 8 millones de toneladas de pl\u00e1stico, por lo cual en Rep\u00fablica Dominicana varias instituciones gubernamentales, el sector empresarial, organizaciones sociales y la sociedad civil, participan en esta jornada de la mano del Ministerio de Medio Ambiente y Recursos Naturales; con el objetivo de remover desechos y residuos s\u00f3lidos acumulados, contribuyendo as\u00ed a la preservaci\u00f3n del ecosistema costero de nuestra naci\u00f3n y del planeta..<\/p>\n<p>Fuente: Prensa INCABIDE<\/p>\n","protected":false},"excerpt":{"rendered":"<p>\u00a0Santo Domingo, julio de 2024 &#8211; La Comisi\u00f3n de Integridad Gubernamental y Cumplimiento Normativo (CIGCN)<\/p>\n","protected":false},"author":1,"featured_media":0,"comment_status":"open","ping_status":"open","sticky":false,"template":"","format":"standard","meta":{"footnotes":""},"categories":[7],"tags":[],"class_list":["post-21447","post","type-post","status-publish","format-standard","hentry","category-nacionales"],"_links":{"self":[{"href":"https:\/\/laverdadpublica.com\/index.php\/wp-json\/wp\/v2\/posts\/21447","targetHints":{"allow":["GET"]}}],"collection":[{"href":"https:\/\/laverdadpublica.com\/index.php\/wp-json\/wp\/v2\/posts"}],"about":[{"href":"https:\/\/laverdadpublica.com\/index.php\/wp-json\/wp\/v2\/types\/post"}],"author":[{"embeddable":true,"href":"https:\/\/laverdadpublica.com\/index.php\/wp-json\/wp\/v2\/users\/1"}],"replies":[{"embeddable":true,"href":"https:\/\/laverdadpublica.com\/index.php\/wp-json\/wp\/v2\/comments?post=21447"}],"version-history":[{"count":1,"href":"https:\/\/laverdadpublica.com\/index.php\/wp-json\/wp\/v2\/posts\/21447\/revisions"}],"predecessor-version":[{"id":21450,"href":"https:\/\/laverdadpublica.com\/index.php\/wp-json\/wp\/v2\/posts\/21447\/revisions\/21450"}],"wp:attachment":[{"href":"https:\/\/laverdadpublica.com\/index.php\/wp-json\/wp\/v2\/media?parent=21447"}],"wp:term":[{"taxonomy":"category","embeddable":true,"href":"https:\/\/laverdadpublica.com\/index.php\/wp-json\/wp\/v2\/categories?post=21447"},{"taxonomy":"post_tag","embeddable":true,"href":"https:\/\/laverdadpublica.com\/index.php\/wp-json\/wp\/v2\/tags?post=21447"}],"curies":[{"name":"wp","href":"https:\/\/api.w.org\/{rel}","templated":true}]}}