{"id":21745,"date":"2024-07-29T13:01:27","date_gmt":"2024-07-29T13:01:27","guid":{"rendered":"https:\/\/laverdadpublica.com\/?p=21745"},"modified":"2024-07-29T13:03:03","modified_gmt":"2024-07-29T13:03:03","slug":"jay-wheeler-concluye-exitosamente-su-segunda-funcion-y-anuncia-pausa-por-motivos-personales","status":"publish","type":"post","link":"https:\/\/laverdadpublica.com\/index.php\/2024\/07\/29\/jay-wheeler-concluye-exitosamente-su-segunda-funcion-y-anuncia-pausa-por-motivos-personales\/","title":{"rendered":"Jay Wheeler Concluye Exitosamente su Segunda Funci\u00f3n y Anuncia Pausa por Motivos Personales"},"content":{"rendered":"<p><img decoding=\"async\" class=\"size-medium wp-image-21747 alignright lazyload\" data-src=\"https:\/\/laverdadpublica.com\/wp-content\/uploads\/2024\/07\/IMG-20240729-WA0030-300x225.jpg\" alt=\"\" width=\"300\" height=\"225\" data-srcset=\"https:\/\/laverdadpublica.com\/wp-content\/uploads\/2024\/07\/IMG-20240729-WA0030-300x225.jpg 300w, https:\/\/laverdadpublica.com\/wp-content\/uploads\/2024\/07\/IMG-20240729-WA0030-1024x768.jpg 1024w, https:\/\/laverdadpublica.com\/wp-content\/uploads\/2024\/07\/IMG-20240729-WA0030-768x576.jpg 768w, https:\/\/laverdadpublica.com\/wp-content\/uploads\/2024\/07\/IMG-20240729-WA0030-1536x1152.jpg 1536w, https:\/\/laverdadpublica.com\/wp-content\/uploads\/2024\/07\/IMG-20240729-WA0030-2048x1536.jpg 2048w, https:\/\/laverdadpublica.com\/wp-content\/uploads\/2024\/07\/IMG-20240729-WA0030-720x540.jpg 720w\" data-sizes=\"(max-width: 300px) 100vw, 300px\" src=\"data:image\/svg+xml;base64,PHN2ZyB3aWR0aD0iMSIgaGVpZ2h0PSIxIiB4bWxucz0iaHR0cDovL3d3dy53My5vcmcvMjAwMC9zdmciPjwvc3ZnPg==\" style=\"--smush-placeholder-width: 300px; --smush-placeholder-aspect-ratio: 300\/225;\" \/><\/p>\n<p style=\"text-align: justify;\">Santo Domingo &#8211; El reconocido cantante Jay Wheeler celebr\u00f3 con \u00e9xito su segunda funci\u00f3n de concierto, deleitando a sus fans con una noche inolvidable llena de sus m\u00e1s grandes \u00e9xitos. La energ\u00eda y la emoci\u00f3n del p\u00fablico se hicieron sentir desde el inicio, con los asistentes cantando a todo pulm\u00f3n cada una de sus canciones.<\/p>\n<p style=\"text-align: justify;\">Uno de los momentos m\u00e1s destacados de la noche fue la aparici\u00f3n especial del artista Chris Lebr\u00f3n, quien subi\u00f3 al escenario para interpretar su \u00e9xito <em>\u00abSi te vieras desde mis ojos\u00bb.<\/em> La colaboraci\u00f3n fue recibida con entusiasmo por el p\u00fablico, que disfrut\u00f3 de la emotiva presentaci\u00f3n.<\/p>\n<p style=\"text-align: justify;\">Durante el evento, Jay Wheeler aprovech\u00f3 la ocasi\u00f3n para compartir una noticia personal con sus seguidores: el artista tomar\u00e1 una breve pausa en su carrera debido al nacimiento de su hija. Este momento tan especial para Jay y su familia ha sido recibido con aplausos y buenos deseos por parte de sus fan\u00e1ticos, quienes mostraron un gran apoyo y comprensi\u00f3n.<\/p>\n<p style=\"text-align: justify;\">Es importante destacar que esta segunda funci\u00f3n hab\u00eda sido pospuesta anteriormente debido a problemas de salud del artista. Jay Wheeler expres\u00f3 sinceras disculpas a sus seguidores por cualquier inconveniente causado y agradeci\u00f3 profundamente su lealtad y paciencia durante este tiempo.<\/p>\n<blockquote>\n<p style=\"text-align: justify;\">\u00abEstoy muy agradecido con todos ustedes por su comprensi\u00f3n y apoyo. Su amor y energ\u00eda me motivan cada d\u00eda,\u00bb coment\u00f3 el cantante durante el evento.<\/p>\n<\/blockquote>\n<p style=\"text-align: justify;\">La pausa anunciada permitir\u00e1 a Jay Wheeler dedicar tiempo a su familia y prepararse para esta nueva etapa en su vida personal. Aunque a\u00fan no se ha confirmado una fecha de regreso a los escenarios, el artista asegura que volver\u00e1 con m\u00e1s fuerza y nueva m\u00fasica para compartir con sus seguidores.<\/p>\n<p style=\"text-align: justify;\">Jay Wheeler agradeci\u00f3 a todos los asistentes por hacer de esta segunda funci\u00f3n un evento memorable y esperan contar con su apoyo continuo en el futuro.<\/p>\n<p>Fuente: Wal Polanco<\/p>\n","protected":false},"excerpt":{"rendered":"<p>Santo Domingo &#8211; El reconocido cantante Jay Wheeler celebr\u00f3 con \u00e9xito su segunda funci\u00f3n de<\/p>\n","protected":false},"author":1,"featured_media":0,"comment_status":"open","ping_status":"open","sticky":false,"template":"","format":"standard","meta":{"footnotes":""},"categories":[6,7],"tags":[],"class_list":["post-21745","post","type-post","status-publish","format-standard","hentry","category-entretenimiento","category-nacionales"],"_links":{"self":[{"href":"https:\/\/laverdadpublica.com\/index.php\/wp-json\/wp\/v2\/posts\/21745","targetHints":{"allow":["GET"]}}],"collection":[{"href":"https:\/\/laverdadpublica.com\/index.php\/wp-json\/wp\/v2\/posts"}],"about":[{"href":"https:\/\/laverdadpublica.com\/index.php\/wp-json\/wp\/v2\/types\/post"}],"author":[{"embeddable":true,"href":"https:\/\/laverdadpublica.com\/index.php\/wp-json\/wp\/v2\/users\/1"}],"replies":[{"embeddable":true,"href":"https:\/\/laverdadpublica.com\/index.php\/wp-json\/wp\/v2\/comments?post=21745"}],"version-history":[{"count":3,"href":"https:\/\/laverdadpublica.com\/index.php\/wp-json\/wp\/v2\/posts\/21745\/revisions"}],"predecessor-version":[{"id":21749,"href":"https:\/\/laverdadpublica.com\/index.php\/wp-json\/wp\/v2\/posts\/21745\/revisions\/21749"}],"wp:attachment":[{"href":"https:\/\/laverdadpublica.com\/index.php\/wp-json\/wp\/v2\/media?parent=21745"}],"wp:term":[{"taxonomy":"category","embeddable":true,"href":"https:\/\/laverdadpublica.com\/index.php\/wp-json\/wp\/v2\/categories?post=21745"},{"taxonomy":"post_tag","embeddable":true,"href":"https:\/\/laverdadpublica.com\/index.php\/wp-json\/wp\/v2\/tags?post=21745"}],"curies":[{"name":"wp","href":"https:\/\/api.w.org\/{rel}","templated":true}]}}