{"id":21899,"date":"2024-07-30T23:08:25","date_gmt":"2024-07-30T23:08:25","guid":{"rendered":"https:\/\/laverdadpublica.com\/?p=21899"},"modified":"2024-07-30T23:08:25","modified_gmt":"2024-07-30T23:08:25","slug":"corriente-magisterial-juan-pablo-duarte-exige-aplicacion-de-evaluacion-docente","status":"publish","type":"post","link":"https:\/\/laverdadpublica.com\/index.php\/2024\/07\/30\/corriente-magisterial-juan-pablo-duarte-exige-aplicacion-de-evaluacion-docente\/","title":{"rendered":"Corriente Magisterial Juan Pablo Duarte exige aplicaci\u00f3n de evaluaci\u00f3n docente\u00a0"},"content":{"rendered":"<blockquote>\n<p style=\"text-align: justify;\">Maestros piden paz laboral para el nuevo a\u00f1o escolar<\/p>\n<\/blockquote>\n<p style=\"text-align: justify;\">El profesor Miguel \u00c1ngel Fern\u00e1ndez, en nombre <img decoding=\"async\" class=\"size-medium wp-image-21900 alignleft lazyload\" data-src=\"https:\/\/laverdadpublica.com\/wp-content\/uploads\/2024\/07\/IMG-20240730-WA0175-300x165.jpg\" alt=\"\" width=\"300\" height=\"165\" data-srcset=\"https:\/\/laverdadpublica.com\/wp-content\/uploads\/2024\/07\/IMG-20240730-WA0175-300x165.jpg 300w, https:\/\/laverdadpublica.com\/wp-content\/uploads\/2024\/07\/IMG-20240730-WA0175-1024x564.jpg 1024w, https:\/\/laverdadpublica.com\/wp-content\/uploads\/2024\/07\/IMG-20240730-WA0175-768x423.jpg 768w, https:\/\/laverdadpublica.com\/wp-content\/uploads\/2024\/07\/IMG-20240730-WA0175.jpg 1280w\" data-sizes=\"(max-width: 300px) 100vw, 300px\" src=\"data:image\/svg+xml;base64,PHN2ZyB3aWR0aD0iMSIgaGVpZ2h0PSIxIiB4bWxucz0iaHR0cDovL3d3dy53My5vcmcvMjAwMC9zdmciPjwvc3ZnPg==\" style=\"--smush-placeholder-width: 300px; --smush-placeholder-aspect-ratio: 300\/165;\" \/>\u00a0\u00a0\u00a0de la Corriente Magisterial Juan Pablo Duarte, reiter\u00f3 la determinaci\u00f3n del sector magisterial de luchar hasta que se cumpla el reclamo de aplicar la evaluaci\u00f3n docente y los incentivos de desempe\u00f1o que corresponden a los maestros y maestras del sector p\u00fablico.<\/p>\n<p style=\"text-align: justify;\">Al participar de la manifestaci\u00f3n de la<img decoding=\"async\" class=\"size-medium wp-image-21903 alignright lazyload\" data-src=\"https:\/\/laverdadpublica.com\/wp-content\/uploads\/2024\/07\/IMG-20240730-WA0173-300x200.jpg\" alt=\"\" width=\"300\" height=\"200\" data-srcset=\"https:\/\/laverdadpublica.com\/wp-content\/uploads\/2024\/07\/IMG-20240730-WA0173-300x200.jpg 300w, https:\/\/laverdadpublica.com\/wp-content\/uploads\/2024\/07\/IMG-20240730-WA0173-1024x682.jpg 1024w, https:\/\/laverdadpublica.com\/wp-content\/uploads\/2024\/07\/IMG-20240730-WA0173-768x512.jpg 768w, https:\/\/laverdadpublica.com\/wp-content\/uploads\/2024\/07\/IMG-20240730-WA0173.jpg 1280w\" data-sizes=\"(max-width: 300px) 100vw, 300px\" src=\"data:image\/svg+xml;base64,PHN2ZyB3aWR0aD0iMSIgaGVpZ2h0PSIxIiB4bWxucz0iaHR0cDovL3d3dy53My5vcmcvMjAwMC9zdmciPjwvc3ZnPg==\" style=\"--smush-placeholder-width: 300px; --smush-placeholder-aspect-ratio: 300\/200;\" \/> Asociaci\u00f3n Dominicana de Profesores (ADP) frente al Ministerio de Educaci\u00f3n, el profesor Miguel \u00c1ngel Fern\u00e1ndez reiter\u00f3 que los reclamos de los maestros se sustentan en resoluciones y acuerdos oficiales con el Ministerio de <img decoding=\"async\" class=\"size-medium wp-image-21902 alignleft lazyload\" data-src=\"https:\/\/laverdadpublica.com\/wp-content\/uploads\/2024\/07\/IMG-20240730-WA0177-300x200.jpg\" alt=\"\" width=\"300\" height=\"200\" data-srcset=\"https:\/\/laverdadpublica.com\/wp-content\/uploads\/2024\/07\/IMG-20240730-WA0177-300x200.jpg 300w, https:\/\/laverdadpublica.com\/wp-content\/uploads\/2024\/07\/IMG-20240730-WA0177-1024x682.jpg 1024w, https:\/\/laverdadpublica.com\/wp-content\/uploads\/2024\/07\/IMG-20240730-WA0177-768x512.jpg 768w, https:\/\/laverdadpublica.com\/wp-content\/uploads\/2024\/07\/IMG-20240730-WA0177.jpg 1280w\" data-sizes=\"(max-width: 300px) 100vw, 300px\" src=\"data:image\/svg+xml;base64,PHN2ZyB3aWR0aD0iMSIgaGVpZ2h0PSIxIiB4bWxucz0iaHR0cDovL3d3dy53My5vcmcvMjAwMC9zdmciPjwvc3ZnPg==\" style=\"--smush-placeholder-width: 300px; --smush-placeholder-aspect-ratio: 300\/200;\" \/>Educaci\u00f3n, por lo que no deben ser descalificado ni satanizados por las autoridades del Gobierno ni sus representantes.<\/p>\n<p style=\"text-align: justify;\">El profesor Fern\u00e1ndez acompa\u00f1ado de decenas de docentes organizados en la Corriente Magisterial Juan Pablo Duarte dijo:<\/p>\n<blockquote>\n<p style=\"text-align: justify;\">\u201cLos maestros y maestras junto a los estudiantes somos sujetos fundamentales del sistema educativo, por eso reclamar nuestros derechos, establecidos en la ley, normas, resoluciones y acuerdos, nunca debe ser visto como una molestia por el Ministerio, no renunciaremos un mil\u00edmetro a nuestros derechos, porque la escuela es la gente que la conforman\u201d<\/p>\n<\/blockquote>\n<p>Fuente: Corriente Magisterial Juan Pablo Duarte<\/p>\n","protected":false},"excerpt":{"rendered":"<p>Maestros piden paz laboral para el nuevo a\u00f1o escolar El profesor Miguel \u00c1ngel Fern\u00e1ndez, en<\/p>\n","protected":false},"author":1,"featured_media":0,"comment_status":"open","ping_status":"open","sticky":false,"template":"","format":"standard","meta":{"footnotes":""},"categories":[7],"tags":[],"class_list":["post-21899","post","type-post","status-publish","format-standard","hentry","category-nacionales"],"_links":{"self":[{"href":"https:\/\/laverdadpublica.com\/index.php\/wp-json\/wp\/v2\/posts\/21899","targetHints":{"allow":["GET"]}}],"collection":[{"href":"https:\/\/laverdadpublica.com\/index.php\/wp-json\/wp\/v2\/posts"}],"about":[{"href":"https:\/\/laverdadpublica.com\/index.php\/wp-json\/wp\/v2\/types\/post"}],"author":[{"embeddable":true,"href":"https:\/\/laverdadpublica.com\/index.php\/wp-json\/wp\/v2\/users\/1"}],"replies":[{"embeddable":true,"href":"https:\/\/laverdadpublica.com\/index.php\/wp-json\/wp\/v2\/comments?post=21899"}],"version-history":[{"count":1,"href":"https:\/\/laverdadpublica.com\/index.php\/wp-json\/wp\/v2\/posts\/21899\/revisions"}],"predecessor-version":[{"id":21904,"href":"https:\/\/laverdadpublica.com\/index.php\/wp-json\/wp\/v2\/posts\/21899\/revisions\/21904"}],"wp:attachment":[{"href":"https:\/\/laverdadpublica.com\/index.php\/wp-json\/wp\/v2\/media?parent=21899"}],"wp:term":[{"taxonomy":"category","embeddable":true,"href":"https:\/\/laverdadpublica.com\/index.php\/wp-json\/wp\/v2\/categories?post=21899"},{"taxonomy":"post_tag","embeddable":true,"href":"https:\/\/laverdadpublica.com\/index.php\/wp-json\/wp\/v2\/tags?post=21899"}],"curies":[{"name":"wp","href":"https:\/\/api.w.org\/{rel}","templated":true}]}}