{"id":22816,"date":"2024-08-16T01:26:06","date_gmt":"2024-08-16T01:26:06","guid":{"rendered":"https:\/\/laverdadpublica.com\/?p=22816"},"modified":"2024-08-16T01:26:06","modified_gmt":"2024-08-16T01:26:06","slug":"la-entrevista-de-musk-a-trump-comienza-tarde-por-problemas-tecnicos-en-x","status":"publish","type":"post","link":"https:\/\/laverdadpublica.com\/index.php\/2024\/08\/16\/la-entrevista-de-musk-a-trump-comienza-tarde-por-problemas-tecnicos-en-x\/","title":{"rendered":"La entrevista de Musk a Trump comienza tarde por problemas t\u00e9cnicos en X"},"content":{"rendered":"<header class=\"entry-header\"><\/header>\n<figure class=\"post-thumbnail\"><img decoding=\"async\" class=\"post-thumbnail__img wp-post-image lazyload\" data-src=\"https:\/\/robertocavada.com\/wp-content\/uploads\/2024\/08\/WhatsApp-Image-2024-08-12-at-11.08.00-PM-770x540.jpeg\" alt=\"La entrevista de Musk a Trump comienza tarde por problemas t\u00e9cnicos en X\" width=\"770\" height=\"540\" src=\"data:image\/svg+xml;base64,PHN2ZyB3aWR0aD0iMSIgaGVpZ2h0PSIxIiB4bWxucz0iaHR0cDovL3d3dy53My5vcmcvMjAwMC9zdmciPjwvc3ZnPg==\" style=\"--smush-placeholder-width: 770px; --smush-placeholder-aspect-ratio: 770\/540;\" \/><\/figure>\n<div class=\"entry-content\">\n<div id=\"st-1\" class=\"sharethis-inline-share-buttons st-center st-lang-es st-has-labels  st-inline-share-buttons st-animated\">\n<div class=\"st-btn st-first\" data-network=\"facebook\">Washington. La entrevista que el magnate Elon Musk ten\u00eda previsto hacerle este lunes al expresidente estadounidense y candidato electoral republicano Donald Trump (2017-2021) comenz\u00f3 este lunes con unos 45 minutos de retraso despu\u00e9s de que el empresario alegara que su red hab\u00eda sufrido un ataque de denegaci\u00f3n de servicio, tambi\u00e9n conocido como DDOS.<\/div>\n<\/div>\n<div id=\"advads-fb17dbeb05a68a780c6bfe259f7ad769\" class=\"advads-fb17dbeb05a68a780c6bfe259f7ad769 advads-content-first-paragraph\" style=\"text-align: justify;\">\n<div id=\"advads-439328280\" class=\"advads-content-first-paragraph\">\n<div data-advads-trackid=\"400526\" data-advads-trackbid=\"1\"><\/div>\n<blockquote>\n<div id=\"advads-1755178147\" data-advads-trackid=\"400526\" data-advads-trackbid=\"1\">\u201cParece haber un ataque DDOS masivo en X. Estamos trabajando para contenerlo. En el peor de los casos, procederemos con un n\u00famero menor de oyentes en vivo y publicaremos la conversaci\u00f3n m\u00e1s tarde\u201d, dijo Musk en X.<\/div>\n<\/blockquote>\n<\/div>\n<\/div>\n<p style=\"text-align: justify;\">En un mensaje posterior apunt\u00f3 que iba a tener lugar con un n\u00famero limitado de oyentes, pero finalmente pudo escucharse 45 minutos despu\u00e9s.<\/p>\n<p style=\"text-align: justify;\">La conversaci\u00f3n estaba previsto que empezara a las 20:00 hora de la costa este (00:00 GMT del martes) y m\u00e1s de 300.000 usuarios hab\u00edan intentado seguirla en directo al principio.<\/p>\n<div id=\"advads-a1a3f522f638adaa75458cda4e354581\" class=\"advads-a1a3f522f638adaa75458cda4e354581 advads-content-middle\" style=\"text-align: justify;\">\n<div id=\"advads-521094740\" class=\"advads-content-middle\">Este mismo lunes, a menos de tres meses de las presidenciales del 5 de noviembre, Trump hab\u00eda vuelto a publicar en la red social perteneciente a Musk y marc\u00f3 su rereso con varios mensajes electorales.<\/div>\n<\/div>\n<p style=\"text-align: justify;\">Su \u00faltima publicaci\u00f3n databa del 8 de enero de 2021. X, en ese entonces conocida como Twitter, decidi\u00f3 suspender ese mes la cuenta de Trump en medio de la tensi\u00f3n pol\u00edtica derivada de las presidenciales de 2020 y el asalto al Capitolio de sus simpatizantes.<\/p>\n<p style=\"text-align: justify;\">El fallo en el esperado intercambio entre el candidato conservador y Musk recuerda al sufrido por el gobernador de Florida, Ron DeSantis, que eligi\u00f3 esa red para anunciar en mayo de 2023 su candidatura presidencial y vio c\u00f3mo el evento tuvo una serie de interrupciones debido a que los servidores, seg\u00fan Musk, se sobrecargaron como consecuencia del inter\u00e9s despertado.<\/p>\n<p>Fuente: EFE<\/p>\n<\/div>\n","protected":false},"excerpt":{"rendered":"<p>Washington. La entrevista que el magnate Elon Musk ten\u00eda previsto hacerle este lunes al expresidente<\/p>\n","protected":false},"author":2,"featured_media":0,"comment_status":"open","ping_status":"open","sticky":false,"template":"","format":"standard","meta":{"footnotes":""},"categories":[16],"tags":[],"class_list":["post-22816","post","type-post","status-publish","format-standard","hentry","category-internacionales"],"_links":{"self":[{"href":"https:\/\/laverdadpublica.com\/index.php\/wp-json\/wp\/v2\/posts\/22816","targetHints":{"allow":["GET"]}}],"collection":[{"href":"https:\/\/laverdadpublica.com\/index.php\/wp-json\/wp\/v2\/posts"}],"about":[{"href":"https:\/\/laverdadpublica.com\/index.php\/wp-json\/wp\/v2\/types\/post"}],"author":[{"embeddable":true,"href":"https:\/\/laverdadpublica.com\/index.php\/wp-json\/wp\/v2\/users\/2"}],"replies":[{"embeddable":true,"href":"https:\/\/laverdadpublica.com\/index.php\/wp-json\/wp\/v2\/comments?post=22816"}],"version-history":[{"count":2,"href":"https:\/\/laverdadpublica.com\/index.php\/wp-json\/wp\/v2\/posts\/22816\/revisions"}],"predecessor-version":[{"id":23026,"href":"https:\/\/laverdadpublica.com\/index.php\/wp-json\/wp\/v2\/posts\/22816\/revisions\/23026"}],"wp:attachment":[{"href":"https:\/\/laverdadpublica.com\/index.php\/wp-json\/wp\/v2\/media?parent=22816"}],"wp:term":[{"taxonomy":"category","embeddable":true,"href":"https:\/\/laverdadpublica.com\/index.php\/wp-json\/wp\/v2\/categories?post=22816"},{"taxonomy":"post_tag","embeddable":true,"href":"https:\/\/laverdadpublica.com\/index.php\/wp-json\/wp\/v2\/tags?post=22816"}],"curies":[{"name":"wp","href":"https:\/\/api.w.org\/{rel}","templated":true}]}}