{"id":22919,"date":"2024-08-16T17:03:29","date_gmt":"2024-08-16T17:03:29","guid":{"rendered":"https:\/\/laverdadpublica.com\/?p=22919"},"modified":"2024-08-16T19:25:10","modified_gmt":"2024-08-16T19:25:10","slug":"duartianos-exigen-retiro-de-restos-de-pedro-santana-del-panteon-nacional","status":"publish","type":"post","link":"https:\/\/laverdadpublica.com\/index.php\/2024\/08\/16\/duartianos-exigen-retiro-de-restos-de-pedro-santana-del-panteon-nacional\/","title":{"rendered":"Duartianos exigen retiro de restos de Pedro Santana del Pante\u00f3n Nacional"},"content":{"rendered":"<blockquote>\n<p style=\"text-align: justify;\"><em>En un acto efectuado este viernes, Wilson G\u00f3mez Ram\u00edrez, destac\u00f3 la gesta de la Guerra de la Restauraci\u00f3n, en su 161 aniversario.<\/em><\/p>\n<\/blockquote>\n<p style=\"text-align: justify;\">Santo Domingo, RD.-En el 161 aniversario del inicio de la Guerra de la Restauraci\u00f3n de la Independencia Nacional, el presidente del Instituto Duartiano, Wilson G\u00f3mez Ram\u00edrez, reiter\u00f3 su llamado al Poder Ejecutivo para que derogue el decreto presidencial que permiti\u00f3 la inhumaci\u00f3n de los restos de Pedro Santana en el Pante\u00f3n de la Patria, un espacio reservado a dominicanos de gloria impoluta.<\/p>\n<p style=\"text-align: justify;\">G\u00f3mez Ram\u00edrez afirm\u00f3 que esta decisi\u00f3n, que requiere coraje y determinaci\u00f3n, tambi\u00e9n podr\u00eda ser tomada por el Congreso Nacional,<em> \u00abla presencia de estos restos en ese espacio patri\u00f3tico y sagrado constituye una verg\u00fcenza, una afrenta\u00bb<\/em>, declar\u00f3.<\/p>\n<p style=\"text-align: justify;\">El presidente del Instituto Duartiano enfatiz\u00f3 que \u00abquien dispuso el destierro a perpetuidad de Juan Pablo Duarte y sus compa\u00f1eros trinitarios, quien persigui\u00f3, tortur\u00f3 y asesin\u00f3 a tantos dominicanos y dominicanas, y quien cometi\u00f3 la gran traici\u00f3n de convertirnos en provincia de ultramar de Espa\u00f1a, despu\u00e9s que hab\u00edamos conquistado la categor\u00eda de Rep\u00fablica, no merece ning\u00fan honor patrio\u00bb.<\/p>\n<p><img decoding=\"async\" class=\"size-medium wp-image-22921 alignright lazyload\" data-src=\"https:\/\/laverdadpublica.com\/wp-content\/uploads\/2024\/08\/IMG-20240816-WA0083-300x200.jpg\" alt=\"\" width=\"300\" height=\"200\" data-srcset=\"https:\/\/laverdadpublica.com\/wp-content\/uploads\/2024\/08\/IMG-20240816-WA0083-300x200.jpg 300w, https:\/\/laverdadpublica.com\/wp-content\/uploads\/2024\/08\/IMG-20240816-WA0083-1024x682.jpg 1024w, https:\/\/laverdadpublica.com\/wp-content\/uploads\/2024\/08\/IMG-20240816-WA0083-768x512.jpg 768w, https:\/\/laverdadpublica.com\/wp-content\/uploads\/2024\/08\/IMG-20240816-WA0083.jpg 1280w\" data-sizes=\"(max-width: 300px) 100vw, 300px\" src=\"data:image\/svg+xml;base64,PHN2ZyB3aWR0aD0iMSIgaGVpZ2h0PSIxIiB4bWxucz0iaHR0cDovL3d3dy53My5vcmcvMjAwMC9zdmciPjwvc3ZnPg==\" style=\"--smush-placeholder-width: 300px; --smush-placeholder-aspect-ratio: 300\/200;\" \/><\/p>\n<p style=\"text-align: justify;\">Adem\u00e1s, G\u00f3mez Ram\u00edrez expres\u00f3 su preocupaci\u00f3n por la aparente falta de atenci\u00f3n oficial al tema de la frontera y la situaci\u00f3n de Hait\u00ed, en un momento en que el pa\u00eds enfrenta ataques de organismos y agencias internacionales. Inst\u00f3 a una defensa diplom\u00e1tica activa y a la aplicaci\u00f3n estricta de las leyes laborales y migratorias en relaci\u00f3n con la inmigraci\u00f3n ilegal.<\/p>\n<p style=\"text-align: justify;\">El acto conmemorativo encabezado por G\u00f3mez Ram\u00edrez en el Pante\u00f3n de la Patria incluy\u00f3 una ofrenda floral en homenaje a los h\u00e9roes de la Independencia y la Restauraci\u00f3n cuyas cenizas reposan en ese lugar.<\/p>\n<p><strong>Sobre el Instituto Duartiano<\/strong><\/p>\n<p><img decoding=\"async\" class=\"size-medium wp-image-22922 alignleft lazyload\" data-src=\"https:\/\/laverdadpublica.com\/wp-content\/uploads\/2024\/08\/IMG-20240816-WA0085-300x200.jpg\" alt=\"\" width=\"300\" height=\"200\" data-srcset=\"https:\/\/laverdadpublica.com\/wp-content\/uploads\/2024\/08\/IMG-20240816-WA0085-300x200.jpg 300w, https:\/\/laverdadpublica.com\/wp-content\/uploads\/2024\/08\/IMG-20240816-WA0085-1024x682.jpg 1024w, https:\/\/laverdadpublica.com\/wp-content\/uploads\/2024\/08\/IMG-20240816-WA0085-768x512.jpg 768w, https:\/\/laverdadpublica.com\/wp-content\/uploads\/2024\/08\/IMG-20240816-WA0085.jpg 1280w\" data-sizes=\"(max-width: 300px) 100vw, 300px\" src=\"data:image\/svg+xml;base64,PHN2ZyB3aWR0aD0iMSIgaGVpZ2h0PSIxIiB4bWxucz0iaHR0cDovL3d3dy53My5vcmcvMjAwMC9zdmciPjwvc3ZnPg==\" style=\"--smush-placeholder-width: 300px; --smush-placeholder-aspect-ratio: 300\/200;\" \/><\/p>\n<p style=\"text-align: justify;\">El Instituto Duartiano es una entidad oficial aut\u00f3noma fundada en 1964. Su objetivo es promover la historia, los ideales y el legado de Juan Pablo Duarte, Padre de la Patria. La instituci\u00f3n se dedica a difundir la vida y obra de Duarte, buscando inspirar a los dominicanos a trav\u00e9s de sus valores y ejemplo para construir una patria justa y feliz.<\/p>\n<p>Fuente: Enver L\u00f3pez Milander<\/p>\n","protected":false},"excerpt":{"rendered":"<p>En un acto efectuado este viernes, Wilson G\u00f3mez Ram\u00edrez, destac\u00f3 la gesta de la Guerra<\/p>\n","protected":false},"author":1,"featured_media":22920,"comment_status":"open","ping_status":"open","sticky":false,"template":"","format":"standard","meta":{"footnotes":""},"categories":[7],"tags":[],"class_list":["post-22919","post","type-post","status-publish","format-standard","has-post-thumbnail","hentry","category-nacionales"],"_links":{"self":[{"href":"https:\/\/laverdadpublica.com\/index.php\/wp-json\/wp\/v2\/posts\/22919","targetHints":{"allow":["GET"]}}],"collection":[{"href":"https:\/\/laverdadpublica.com\/index.php\/wp-json\/wp\/v2\/posts"}],"about":[{"href":"https:\/\/laverdadpublica.com\/index.php\/wp-json\/wp\/v2\/types\/post"}],"author":[{"embeddable":true,"href":"https:\/\/laverdadpublica.com\/index.php\/wp-json\/wp\/v2\/users\/1"}],"replies":[{"embeddable":true,"href":"https:\/\/laverdadpublica.com\/index.php\/wp-json\/wp\/v2\/comments?post=22919"}],"version-history":[{"count":2,"href":"https:\/\/laverdadpublica.com\/index.php\/wp-json\/wp\/v2\/posts\/22919\/revisions"}],"predecessor-version":[{"id":22958,"href":"https:\/\/laverdadpublica.com\/index.php\/wp-json\/wp\/v2\/posts\/22919\/revisions\/22958"}],"wp:featuredmedia":[{"embeddable":true,"href":"https:\/\/laverdadpublica.com\/index.php\/wp-json\/wp\/v2\/media\/22920"}],"wp:attachment":[{"href":"https:\/\/laverdadpublica.com\/index.php\/wp-json\/wp\/v2\/media?parent=22919"}],"wp:term":[{"taxonomy":"category","embeddable":true,"href":"https:\/\/laverdadpublica.com\/index.php\/wp-json\/wp\/v2\/categories?post=22919"},{"taxonomy":"post_tag","embeddable":true,"href":"https:\/\/laverdadpublica.com\/index.php\/wp-json\/wp\/v2\/tags?post=22919"}],"curies":[{"name":"wp","href":"https:\/\/api.w.org\/{rel}","templated":true}]}}