{"id":2303,"date":"2022-12-03T22:17:18","date_gmt":"2022-12-03T22:17:18","guid":{"rendered":"https:\/\/laverdadpublica.com\/?p=2303"},"modified":"2022-12-05T14:01:51","modified_gmt":"2022-12-05T14:01:51","slug":"cipefumi-reconoce-al-mayor-general-carlos-fernandez-onofre","status":"publish","type":"post","link":"https:\/\/laverdadpublica.com\/index.php\/2022\/12\/03\/cipefumi-reconoce-al-mayor-general-carlos-fernandez-onofre\/","title":{"rendered":"CIPEFUMI reconoce al Mayor General Carlos Fern\u00e1ndez Onofre"},"content":{"rendered":"<p style=\"text-align: justify;\"><img decoding=\"async\" class=\"alignnone size-medium wp-image-2304 lazyload\" data-src=\"https:\/\/laverdadpublica.com\/wp-content\/uploads\/2022\/12\/FB_IMG_1670108557350-300x206.jpg\" alt=\"\" width=\"300\" height=\"206\" data-srcset=\"https:\/\/laverdadpublica.com\/wp-content\/uploads\/2022\/12\/FB_IMG_1670108557350-300x206.jpg 300w, https:\/\/laverdadpublica.com\/wp-content\/uploads\/2022\/12\/FB_IMG_1670108557350-768x527.jpg 768w, https:\/\/laverdadpublica.com\/wp-content\/uploads\/2022\/12\/FB_IMG_1670108557350.jpg 960w\" data-sizes=\"(max-width: 300px) 100vw, 300px\" src=\"data:image\/svg+xml;base64,PHN2ZyB3aWR0aD0iMSIgaGVpZ2h0PSIxIiB4bWxucz0iaHR0cDovL3d3dy53My5vcmcvMjAwMC9zdmciPjwvc3ZnPg==\" style=\"--smush-placeholder-width: 300px; --smush-placeholder-aspect-ratio: 300\/206;\" \/><\/p>\n<p style=\"text-align: justify;\">Por F\u00e9lix Rubio<\/p>\n<p style=\"text-align: justify;\">El <strong>C\u00edrculo de Periodistas de las Fuentes Militares (CIPEFUMI)<\/strong> efectu\u00f3 un reconocimiento al Mayor General, Carlos Fern\u00e1ndez Onofre ERD, por el encomiable desempe\u00f1o de su pasada gesti\u00f3n como Presidente de la Junta de Retiro de las Fuerzas Armadas .<\/p>\n<p style=\"text-align: justify;\">El hoy Comandante General del Ej\u00e9rcito Rep\u00fablica Dominicana, recibi\u00f3 a los miembros del CIPEFUMI en su despacho de la Comandancia General de la 1ra. Brigada del kil\u00f3metros 25 , donde se realiz\u00f3 la ceremonia de entrega<\/p>\n<p style=\"text-align: justify;\">Tras recibir la placa el comandante <strong><em>Fern\u00e1ndez Onofre<\/em><\/strong> agradeci\u00f3 el gesto de la distinci\u00f3n a los miembros de la entidad period\u00edstica que cubren las fuentes militares.<\/p>\n<p style=\"text-align: justify;\"><img decoding=\"async\" class=\"alignnone size-medium wp-image-2305 lazyload\" data-src=\"https:\/\/laverdadpublica.com\/wp-content\/uploads\/2022\/12\/FB_IMG_1670108557350-1-300x206.jpg\" alt=\"\" width=\"300\" height=\"206\" data-srcset=\"https:\/\/laverdadpublica.com\/wp-content\/uploads\/2022\/12\/FB_IMG_1670108557350-1-300x206.jpg 300w, https:\/\/laverdadpublica.com\/wp-content\/uploads\/2022\/12\/FB_IMG_1670108557350-1-768x527.jpg 768w, https:\/\/laverdadpublica.com\/wp-content\/uploads\/2022\/12\/FB_IMG_1670108557350-1.jpg 960w\" data-sizes=\"(max-width: 300px) 100vw, 300px\" src=\"data:image\/svg+xml;base64,PHN2ZyB3aWR0aD0iMSIgaGVpZ2h0PSIxIiB4bWxucz0iaHR0cDovL3d3dy53My5vcmcvMjAwMC9zdmciPjwvc3ZnPg==\" style=\"--smush-placeholder-width: 300px; --smush-placeholder-aspect-ratio: 300\/206;\" \/><\/p>\n<p style=\"text-align: justify;\">El presidente del CIPEFUMI, periodistas <strong>Manuel Felix Rubio<\/strong> tuvo a su cargo la entrega de la Placa y a nombre de todos los miembros de la entidad agradeci\u00f3 al Mayor General por el trato dispensado a los miembros de la Prensa al mismo tiempo le augur\u00f3 \u00e9xitos en su actual gesti\u00f3n al frente del Ej\u00e9rcito Rep\u00fablica Dominicana (ERD).<\/p>\n<p style=\"text-align: justify;\">En la actividad realizada el viernes 2 de diciembre 2022, estuvieron presentes los periodistas Wilson P\u00e9rez, Ricardo Rojas, Rosa C\u00e9spedes, Sobeida Gonz\u00e1lez, Ariel Mercedes, Descorides, Logan Jim\u00e9nez, Morillo, Frank , Alejandro conciencia, el presidente del Circulo de Reporteros Gr\u00e1ficos Corpus Montero entre otros miembros.<\/p>\n","protected":false},"excerpt":{"rendered":"<p>Por F\u00e9lix Rubio El C\u00edrculo de Periodistas de las Fuentes Militares (CIPEFUMI) efectu\u00f3 un reconocimiento<\/p>\n","protected":false},"author":1,"featured_media":0,"comment_status":"open","ping_status":"open","sticky":false,"template":"","format":"standard","meta":{"footnotes":""},"categories":[7],"tags":[],"class_list":["post-2303","post","type-post","status-publish","format-standard","hentry","category-nacionales"],"_links":{"self":[{"href":"https:\/\/laverdadpublica.com\/index.php\/wp-json\/wp\/v2\/posts\/2303","targetHints":{"allow":["GET"]}}],"collection":[{"href":"https:\/\/laverdadpublica.com\/index.php\/wp-json\/wp\/v2\/posts"}],"about":[{"href":"https:\/\/laverdadpublica.com\/index.php\/wp-json\/wp\/v2\/types\/post"}],"author":[{"embeddable":true,"href":"https:\/\/laverdadpublica.com\/index.php\/wp-json\/wp\/v2\/users\/1"}],"replies":[{"embeddable":true,"href":"https:\/\/laverdadpublica.com\/index.php\/wp-json\/wp\/v2\/comments?post=2303"}],"version-history":[{"count":3,"href":"https:\/\/laverdadpublica.com\/index.php\/wp-json\/wp\/v2\/posts\/2303\/revisions"}],"predecessor-version":[{"id":2318,"href":"https:\/\/laverdadpublica.com\/index.php\/wp-json\/wp\/v2\/posts\/2303\/revisions\/2318"}],"wp:attachment":[{"href":"https:\/\/laverdadpublica.com\/index.php\/wp-json\/wp\/v2\/media?parent=2303"}],"wp:term":[{"taxonomy":"category","embeddable":true,"href":"https:\/\/laverdadpublica.com\/index.php\/wp-json\/wp\/v2\/categories?post=2303"},{"taxonomy":"post_tag","embeddable":true,"href":"https:\/\/laverdadpublica.com\/index.php\/wp-json\/wp\/v2\/tags?post=2303"}],"curies":[{"name":"wp","href":"https:\/\/api.w.org\/{rel}","templated":true}]}}