{"id":23285,"date":"2024-08-20T12:32:03","date_gmt":"2024-08-20T12:32:03","guid":{"rendered":"https:\/\/laverdadpublica.com\/?p=23285"},"modified":"2024-08-20T12:34:14","modified_gmt":"2024-08-20T12:34:14","slug":"presidente-abinader-designa-seis-nuevas-gobernadoras-en-igual-numero-de-provincias","status":"publish","type":"post","link":"https:\/\/laverdadpublica.com\/index.php\/2024\/08\/20\/presidente-abinader-designa-seis-nuevas-gobernadoras-en-igual-numero-de-provincias\/","title":{"rendered":"Presidente Abinader designa seis nuevas gobernadoras en igual n\u00famero de provincias"},"content":{"rendered":"<header><\/header>\n<div class=\"node__content clearfix\">\n<div class=\"main-news-content\">\n<div class=\"row\">\n<div class=\"col-lg-10 offset-lg-1 right\">\n<div class=\"news-social mb-2 mb-lg-3\" style=\"text-align: justify;\">\n<div class=\"row align-items-center justify-content-between\">\n<div class=\"mb-2 mb-sm-0 col-sm-3\">\n<div id=\"st-1\" class=\"sharethis-inline-share-buttons st-left st-lang-es st-inline-share-buttons st-animated\">\n<p class=\"st-btn st-last st-remove-label\" style=\"text-align: justify;\" data-network=\"sharethis\">Santo Domingo.- <strong>El presidente Luis Abinader\u00a0<\/strong>emiti\u00f3 el\u00a0<strong>Decreto n\u00fam.\u00a0<\/strong><a href=\"https:\/\/presidencia.gob.do\/decretos\/452-24\"><strong>452-24<\/strong><\/a><strong>,<\/strong>\u00a0que designa a\u00a0seis nuevas gobernadoras civiles\u00a0en las provincias\u00a0Espaillat, Hato Mayor, Mar\u00eda Trinidad S\u00e1nchez, Santo Domingo, Valverde y Dajab\u00f3n.<\/p>\n<\/div>\n<\/div>\n<\/div>\n<\/div>\n<div class=\"clearfix text-formatted field field--name-body field--type-text-with-summary field--label-hidden field__item\">\n<p style=\"text-align: justify;\">En la provincia Espaillat design\u00f3 a\u00a0Patricia Mar\u00eda Mu\u00f1oz Salcedo<em>;<\/em>\u00a0en Hato Mayor, a\u00a0Maribel Guadalupe Sim\u00f3n Vargas de Reyes,\u00a0y en Mar\u00eda Trinidad S\u00e1nchez, a\u00a0Mar\u00eda L\u00f3pez Polanco.<\/p>\n<p style=\"text-align: justify;\">Asimismo, en la provincia Santo Domingo design\u00f3 a\u00a0Lucrecia Santana Leyba; en Valverde, a\u00a0Marta de Jes\u00fas Collado Ozoria de L\u00f3pez,\u00a0yen Dajab\u00f3n, a\u00a0Severina Gil Carreras.<\/p>\n<ul>\n<li style=\"text-align: justify;\"><strong>Patricia Mar\u00eda Mu\u00f1oz Salcedo (Espaillat): <\/strong>Patricia Mar\u00eda Mu\u00f1oz Salcedo es\u00a0licenciada enMercadeo\u00a0y cursa actualmente una\u00a0licenciatura enDerecho. Tiene diplomados en Relaciones Internacionales y Comunicaci\u00f3n Pol\u00edtica; en Manejo de Medios de Comunicaci\u00f3n y Vocera, y en la introducci\u00f3n a la\u00a0Administraci\u00f3n p\u00fablica.<\/li>\n<li style=\"text-align: justify;\"><strong>Maribel Guadalupe Sim\u00f3n Vargas de Reyes (Hato Mayor): <\/strong>Maribel Guadalupe Sim\u00f3n Vargas de Reyes,\u00a0esdoctora en Medicina, egresada de la\u00a0Universidad Central del Este\u00a0(UCE), tiene un postgrado en Gesti\u00f3n de Servicio de Salud y Seguridad Social, del Intec.<\/li>\n<li style=\"text-align: justify;\"><strong>Mar\u00eda L\u00f3pez Polanco (Mar\u00eda Trinidad S\u00e1nchez):\u00a0<\/strong>Mar\u00eda L\u00f3pez Polanco tiene una\u00a0licenciatura en Derecho, es maestra normal primaria, tiene un diplomado virtual en\u00a0Responsabilidad Social Universitaria\u00a0y otro en Productividad, Crecimiento y Desarrollo Familiar.<\/li>\n<li style=\"text-align: justify;\"><strong>Lucrecia Santana Leyba (Santo Domingo):\u00a0<\/strong>Lucrecia Santana Leyba es\u00a0licenciada en Econom\u00eda y en Contabilidad,\u00a0y tiene un m\u00e1ster en\u00a0Derecho Constitucional y Derecho P\u00fablico.<\/li>\n<li style=\"text-align: justify;\"><strong>Marta de Jes\u00fas Collado Ozoria de L\u00f3pez\u00a0 (Valverde):\u00a0<\/strong>Marta de Jes\u00fas Collado Ozoria de L\u00f3pez es\u00a0licenciada en Contabilidad y posee una maestr\u00eda profesionalizante en\u00a0Contabilidad Tributaria.<\/li>\n<li style=\"text-align: justify;\"><strong>Severina Gil Carreras (Dajab\u00f3n)<\/strong>: Severina Gil Carreras es dominicana, pol\u00edtica, madre y esposa. Ha dedicado su vida al servicio p\u00fablico\u00a0y al bienestar de las comunidades de su provincia. Es licenciada en Administraci\u00f3n de Empresas y estudi\u00f3\u00a0Ciencias Pol\u00edticas.<\/li>\n<\/ul>\n<p>&nbsp;<\/p>\n<\/div>\n<p>Fuente: Presidencia RD<\/p>\n<\/div>\n<\/div>\n<\/div>\n<\/div>\n","protected":false},"excerpt":{"rendered":"<p>Santo Domingo.- El presidente Luis Abinader\u00a0emiti\u00f3 el\u00a0Decreto n\u00fam.\u00a0452-24,\u00a0que designa a\u00a0seis nuevas gobernadoras civiles\u00a0en las provincias\u00a0Espaillat,<\/p>\n","protected":false},"author":4,"featured_media":23286,"comment_status":"open","ping_status":"open","sticky":false,"template":"","format":"standard","meta":{"footnotes":""},"categories":[7],"tags":[],"class_list":["post-23285","post","type-post","status-publish","format-standard","has-post-thumbnail","hentry","category-nacionales"],"_links":{"self":[{"href":"https:\/\/laverdadpublica.com\/index.php\/wp-json\/wp\/v2\/posts\/23285","targetHints":{"allow":["GET"]}}],"collection":[{"href":"https:\/\/laverdadpublica.com\/index.php\/wp-json\/wp\/v2\/posts"}],"about":[{"href":"https:\/\/laverdadpublica.com\/index.php\/wp-json\/wp\/v2\/types\/post"}],"author":[{"embeddable":true,"href":"https:\/\/laverdadpublica.com\/index.php\/wp-json\/wp\/v2\/users\/4"}],"replies":[{"embeddable":true,"href":"https:\/\/laverdadpublica.com\/index.php\/wp-json\/wp\/v2\/comments?post=23285"}],"version-history":[{"count":4,"href":"https:\/\/laverdadpublica.com\/index.php\/wp-json\/wp\/v2\/posts\/23285\/revisions"}],"predecessor-version":[{"id":23292,"href":"https:\/\/laverdadpublica.com\/index.php\/wp-json\/wp\/v2\/posts\/23285\/revisions\/23292"}],"wp:featuredmedia":[{"embeddable":true,"href":"https:\/\/laverdadpublica.com\/index.php\/wp-json\/wp\/v2\/media\/23286"}],"wp:attachment":[{"href":"https:\/\/laverdadpublica.com\/index.php\/wp-json\/wp\/v2\/media?parent=23285"}],"wp:term":[{"taxonomy":"category","embeddable":true,"href":"https:\/\/laverdadpublica.com\/index.php\/wp-json\/wp\/v2\/categories?post=23285"},{"taxonomy":"post_tag","embeddable":true,"href":"https:\/\/laverdadpublica.com\/index.php\/wp-json\/wp\/v2\/tags?post=23285"}],"curies":[{"name":"wp","href":"https:\/\/api.w.org\/{rel}","templated":true}]}}