{"id":23823,"date":"2024-08-24T04:04:34","date_gmt":"2024-08-24T04:04:34","guid":{"rendered":"https:\/\/laverdadpublica.com\/?p=23823"},"modified":"2024-08-24T04:04:44","modified_gmt":"2024-08-24T04:04:44","slug":"acataran-los-legisladores-del-prm-lineas-partidarias-para-reforma-constitucional","status":"publish","type":"post","link":"https:\/\/laverdadpublica.com\/index.php\/2024\/08\/24\/acataran-los-legisladores-del-prm-lineas-partidarias-para-reforma-constitucional\/","title":{"rendered":"\u00bfAcatar\u00e1n los legisladores del PRM l\u00edneas partidarias para reforma constitucional?"},"content":{"rendered":"<blockquote>\n<p style=\"text-align: justify;\">La interrogante del t\u00edtulo de esta informaci\u00f3n es a prop\u00f3sito de la advertencia del presidente de la C\u00e1mara de Diputados, Alfredo Pacheco, quien expres\u00f3 este jueves que \u201cuna vez el partido logre el consenso entre sus fuerzas, ser\u00e1 r\u00edgido con la disciplina partidaria\u201d.<\/p>\n<\/blockquote>\n<p style=\"text-align: justify;\">Santo Domingo.- El Partido Revolucionario Moderno (PRM) consensuar\u00e1 con los legisladores de esa organizaci\u00f3n pol\u00edtica los aspectos divergentes del proyecto de reforma constitucional que cursa en el Senado de la Rep\u00fablica.<\/p>\n<p style=\"text-align: justify;\">Al ofrecer la informaci\u00f3n, el presidente de la C\u00e1mara de Diputados, Alfredo Pacheco, advirti\u00f3 que una vez el partido logre el consenso entre sus fuerzas, ser\u00e1 \u201cr\u00edgido con la disciplina partidaria\u201d.<\/p>\n<blockquote>\n<p style=\"text-align: justify;\">\u201cEstamos recibiendo opiniones y vamos a terminar de consensuar algunos aspectos en los que todav\u00eda no estamos totalmente consensuados. Como dijo el presidente del partido (Jos\u00e9 Ignacio Paliza), en sentido general el PRM respalda las reformas\u201d, sostuvo.<\/p>\n<\/blockquote>\n<p style=\"text-align: justify;\">El dirigente oficialista, quien reconoci\u00f3 la variedad de opiniones que tienen los congresistas de esa entidad pol\u00edtica con algunos puntos de la reforma, explic\u00f3 que hay divergencia en el tema de la unificaci\u00f3n de las elecciones -en este abundan las versiones-; los dos a\u00f1os de inamovilidad del procurador general de la Rep\u00fablica; y la reducci\u00f3n de la matr\u00edcula de diputados.<\/p>\n<blockquote>\n<p style=\"text-align: justify;\">\u201cUna vez el PRM tome sus decisiones finales tiene la obligatoriedad, sobre todo su legisladores, de acatar las l\u00edneas que trace el partido, como siempre lo hemos hecho, pero obviamente que vamos a estar, y ya ayer (el pasado mi\u00e9rcoles) comenzamos con un buen proceso de discusi\u00f3n que nos permita interiorizar estas importantes reformas e incluso hacer propuestas\u201d, detall\u00f3.<\/p>\n<\/blockquote>\n<p style=\"text-align: justify;\">Se\u00f1al\u00f3 que cuando se pongan de acuerdo, actuar\u00e1n de manera monol\u00edtica y unificados en los prop\u00f3sitos convenidos.<\/p>\n<p style=\"text-align: justify;\">Concluir\u00e1n conformaci\u00f3n comisi\u00f3n bicameral el pr\u00f3ximo lunes.- Ser\u00eda en la sesi\u00f3n extraordinaria convocada para el pr\u00f3ximo lunes a las 2:00 de la tarde cuando la C\u00e1mara de Diputados completar\u00eda la comisi\u00f3n bicameral que estudiar\u00e1 la pieza, seg\u00fan el veterano congresista.<\/p>\n<p style=\"text-align: justify;\">El comentario es en el marco de que la C\u00e1mara Alta ya design\u00f3 los senadores que integrar\u00e1n la comitiva, la cual estar\u00e1 presidida por Pedro Catrain.<\/p>\n<p style=\"text-align: justify;\">Habr\u00e1 consultas; proceso ser\u00e1 suave.- Alfredo Pacheco asegur\u00f3 que el Congreso har\u00e1 consultas sobre el proyecto de modificaci\u00f3n a la Carta Magna. Inform\u00f3 que llevar\u00e1n el proceso \u201csuave, para que nadie alegue que lo festinamos ni fue al vapor\u201d.<\/p>\n<p style=\"text-align: justify;\">El proyecto de reforma constitucional busca garantizar la estabilidad constitucional de las reglas de elecci\u00f3n presidencial; robustecer la autonom\u00eda constitucional del Ministerio P\u00fablico; adecuar la cantidad de diputados; y la unificaci\u00f3n de las elecciones.<\/p>\n<p style=\"text-align: justify;\">Hablan dirigentes y legisladores FP y PLD.- Dirigentes pol\u00edticos y legisladores de los partidos Fuerza del Pueblo (FP) y de la Liberaci\u00f3n Dominicana (PLD) reiteraron este jueves su rechazo al proyecto de ley que declara la necesidad de la reforma constitucional y que convoca a la Asamblea Nacional Revisora para conocer de varias modificaciones a la Carta Magna. De FP se pronunciaron el delegado electoral, Javier Ubiera; y la diputada Dulce Rojas. Del PLD habl\u00f3 el diputado Gustavo S\u00e1nchez.<\/p>\n<p>&nbsp;<\/p>\n<p>&nbsp;<\/p>\n<p>Fuente: Notiactualidad Global<\/p>\n<p>&nbsp;<\/p>\n","protected":false},"excerpt":{"rendered":"<p>La interrogante del t\u00edtulo de esta informaci\u00f3n es a prop\u00f3sito de la advertencia del presidente<\/p>\n","protected":false},"author":2,"featured_media":23824,"comment_status":"open","ping_status":"open","sticky":false,"template":"","format":"standard","meta":{"footnotes":""},"categories":[7],"tags":[],"class_list":["post-23823","post","type-post","status-publish","format-standard","has-post-thumbnail","hentry","category-nacionales"],"_links":{"self":[{"href":"https:\/\/laverdadpublica.com\/index.php\/wp-json\/wp\/v2\/posts\/23823","targetHints":{"allow":["GET"]}}],"collection":[{"href":"https:\/\/laverdadpublica.com\/index.php\/wp-json\/wp\/v2\/posts"}],"about":[{"href":"https:\/\/laverdadpublica.com\/index.php\/wp-json\/wp\/v2\/types\/post"}],"author":[{"embeddable":true,"href":"https:\/\/laverdadpublica.com\/index.php\/wp-json\/wp\/v2\/users\/2"}],"replies":[{"embeddable":true,"href":"https:\/\/laverdadpublica.com\/index.php\/wp-json\/wp\/v2\/comments?post=23823"}],"version-history":[{"count":1,"href":"https:\/\/laverdadpublica.com\/index.php\/wp-json\/wp\/v2\/posts\/23823\/revisions"}],"predecessor-version":[{"id":23825,"href":"https:\/\/laverdadpublica.com\/index.php\/wp-json\/wp\/v2\/posts\/23823\/revisions\/23825"}],"wp:featuredmedia":[{"embeddable":true,"href":"https:\/\/laverdadpublica.com\/index.php\/wp-json\/wp\/v2\/media\/23824"}],"wp:attachment":[{"href":"https:\/\/laverdadpublica.com\/index.php\/wp-json\/wp\/v2\/media?parent=23823"}],"wp:term":[{"taxonomy":"category","embeddable":true,"href":"https:\/\/laverdadpublica.com\/index.php\/wp-json\/wp\/v2\/categories?post=23823"},{"taxonomy":"post_tag","embeddable":true,"href":"https:\/\/laverdadpublica.com\/index.php\/wp-json\/wp\/v2\/tags?post=23823"}],"curies":[{"name":"wp","href":"https:\/\/api.w.org\/{rel}","templated":true}]}}