{"id":23962,"date":"2024-08-26T14:00:42","date_gmt":"2024-08-26T14:00:42","guid":{"rendered":"https:\/\/laverdadpublica.com\/?p=23962"},"modified":"2024-08-26T14:01:56","modified_gmt":"2024-08-26T14:01:56","slug":"inefi-remoza-areas-deportivas-en-planteles-del-distrito-nacional-y-santiago-para-el-inicio-del-ano-escolar-2024-2025","status":"publish","type":"post","link":"https:\/\/laverdadpublica.com\/index.php\/2024\/08\/26\/inefi-remoza-areas-deportivas-en-planteles-del-distrito-nacional-y-santiago-para-el-inicio-del-ano-escolar-2024-2025\/","title":{"rendered":"Inefi remoza \u00e1reas deportivas en planteles del Distrito Nacional y Santiago para el Inicio del a\u00f1o escolar 2024-2025"},"content":{"rendered":"<header>\n<div class=\"d-flex align-items-center justify-content-end\"><\/div>\n<\/header>\n<div class=\"node__content clearfix\">\n<div class=\"main-news-image\">\n<div class=\"field field--name-field-image field--type-image field--label-hidden field__item\" style=\"text-align: justify;\">Santo Domingo.- Con el objetivo de garantizar que las <strong>instalaciones deportivas<\/strong>\u00a0est\u00e9n en\u00a0<strong>\u00f3ptimas condiciones<\/strong>\u00a0para el inicio del pr\u00f3ximo periodo escolar 2024-2025, que comenzar\u00e1 este lunes 26 en todas las comunidades del pa\u00eds, el\u00a0<strong>Instituto Nacional de Educaci\u00f3n F\u00edsica (Inefi)<\/strong>\u00a0ha llevado a cabo la\u00a0<strong>renovaci\u00f3n y acondicionamiento de las \u00e1reas deportivas\u00a0<\/strong>en varios planteles educativos del\u00a0<strong>Distrito Nacional y Santiago de los Caballeros.<\/strong><\/div>\n<\/div>\n<div class=\"main-news-content\">\n<div class=\"row\">\n<div class=\"col-lg-10 offset-lg-1 right\">\n<div class=\"clearfix text-formatted field field--name-body field--type-text-with-summary field--label-hidden field__item\">\n<p dir=\"ltr\" style=\"text-align: justify;\">La informaci\u00f3n fue suministrada por el director ejecutivo del Inefi,\u00a0<strong>Alberto Rodr\u00edguez<\/strong>, a trav\u00e9s de un informe en el que se detallan las acciones realizadas, los centros beneficiados y los resultados obtenidos en este proceso.<\/p>\n<p dir=\"ltr\" style=\"text-align: justify;\">Rodr\u00edguez resalt\u00f3 que el INEFI ha llevado a cabo un programa de remozamiento de\u00a0<strong>canchas deportivas<\/strong>\u00a0en varios centros acad\u00e9micos\u00a0<strong>a nivel nacional<\/strong>.<\/p>\n<p dir=\"ltr\" style=\"text-align: justify;\">Sostuvo que el objetivo principal de este programa de remozamiento fue garantizar que las instalaciones deportivas est\u00e9n en \u00f3ptimas condiciones para el uso de los estudiantes, promoviendo as\u00ed\u00a0<strong>la pr\u00e1ctica del deporte y la actividad f\u00edsica en un entorno seguro y adecuado.<\/strong><\/p>\n<p dir=\"ltr\" style=\"text-align: justify;\">Resalt\u00f3 que el remozamiento de las canchas ha sido exitoso con miras al inicio del a\u00f1o escolar.<\/p>\n<blockquote>\n<p dir=\"ltr\" style=\"text-align: justify;\"><em>\u201cEl trabajo realizado no s\u00f3lo ha mejorado la apariencia de las canchas, sino que tambi\u00e9n ha asegurado su durabilidad y seguridad\u201d.<\/em><\/p>\n<\/blockquote>\n<p dir=\"ltr\" style=\"text-align: justify;\">Entre los centros educativos beneficiados est\u00e1n Hermanos D\u00edaz Moreno, en Gurabo, Santiago; Santo Domingo Savio, Rep\u00fablica de Chile, Antonio Duverg\u00e9, Rep\u00fablica de Brasil y el Liceo Estados Unidos, en el Distrito Nacional.<\/p>\n<p dir=\"ltr\" style=\"text-align: justify;\">Destac\u00f3 que estos centros acad\u00e9micos son emblem\u00e1ticos en sus respectivas comunidades y cuentan<em>\u00a0\u201ccon una rica historia educativa y han formado a numerosas personalidades influyentes en los \u00e1mbitos del deporte, la pol\u00edtica y otras \u00e1reas del desarrollo social y cultural de la naci\u00f3n\u201d.<\/em><\/p>\n<p dir=\"ltr\" style=\"text-align: justify;\">Rodr\u00edguez concluy\u00f3 que el Inefi contin\u00faa comprometido con la mejora de las instalaciones deportivas en todo el pa\u00eds, en busca de asegurar que los estudiantes tengan acceso a\u00a0<strong>espacios adecuados para la pr\u00e1ctica de deportes.<\/strong><\/p>\n<blockquote>\n<p style=\"text-align: justify;\"><em>\u201cEste remozamiento es un paso m\u00e1s en ese compromiso, contribuyendo al bienestar y desarrollo f\u00edsico de los estudiantes\u201d,<\/em>\u00a0apostill\u00f3 Rodr\u00edguez Mella.<\/p>\n<\/blockquote>\n<\/div>\n<\/div>\n<\/div>\n<p>Fuente: Presidencia RD<\/p>\n<\/div>\n<\/div>\n","protected":false},"excerpt":{"rendered":"<p>Santo Domingo.- Con el objetivo de garantizar que las instalaciones deportivas\u00a0est\u00e9n en\u00a0\u00f3ptimas condiciones\u00a0para el inicio<\/p>\n","protected":false},"author":2,"featured_media":23964,"comment_status":"open","ping_status":"open","sticky":false,"template":"","format":"standard","meta":{"footnotes":""},"categories":[7],"tags":[],"class_list":["post-23962","post","type-post","status-publish","format-standard","has-post-thumbnail","hentry","category-nacionales"],"_links":{"self":[{"href":"https:\/\/laverdadpublica.com\/index.php\/wp-json\/wp\/v2\/posts\/23962","targetHints":{"allow":["GET"]}}],"collection":[{"href":"https:\/\/laverdadpublica.com\/index.php\/wp-json\/wp\/v2\/posts"}],"about":[{"href":"https:\/\/laverdadpublica.com\/index.php\/wp-json\/wp\/v2\/types\/post"}],"author":[{"embeddable":true,"href":"https:\/\/laverdadpublica.com\/index.php\/wp-json\/wp\/v2\/users\/2"}],"replies":[{"embeddable":true,"href":"https:\/\/laverdadpublica.com\/index.php\/wp-json\/wp\/v2\/comments?post=23962"}],"version-history":[{"count":1,"href":"https:\/\/laverdadpublica.com\/index.php\/wp-json\/wp\/v2\/posts\/23962\/revisions"}],"predecessor-version":[{"id":23963,"href":"https:\/\/laverdadpublica.com\/index.php\/wp-json\/wp\/v2\/posts\/23962\/revisions\/23963"}],"wp:featuredmedia":[{"embeddable":true,"href":"https:\/\/laverdadpublica.com\/index.php\/wp-json\/wp\/v2\/media\/23964"}],"wp:attachment":[{"href":"https:\/\/laverdadpublica.com\/index.php\/wp-json\/wp\/v2\/media?parent=23962"}],"wp:term":[{"taxonomy":"category","embeddable":true,"href":"https:\/\/laverdadpublica.com\/index.php\/wp-json\/wp\/v2\/categories?post=23962"},{"taxonomy":"post_tag","embeddable":true,"href":"https:\/\/laverdadpublica.com\/index.php\/wp-json\/wp\/v2\/tags?post=23962"}],"curies":[{"name":"wp","href":"https:\/\/api.w.org\/{rel}","templated":true}]}}