{"id":24114,"date":"2024-08-27T13:14:55","date_gmt":"2024-08-27T13:14:55","guid":{"rendered":"https:\/\/laverdadpublica.com\/?p=24114"},"modified":"2024-08-27T13:15:40","modified_gmt":"2024-08-27T13:15:40","slug":"alcaldia-de-santiago-culmina-con-exito-el-verano-cultural-con-la-alcaldia-en-los-salados","status":"publish","type":"post","link":"https:\/\/laverdadpublica.com\/index.php\/2024\/08\/27\/alcaldia-de-santiago-culmina-con-exito-el-verano-cultural-con-la-alcaldia-en-los-salados\/","title":{"rendered":"Alcald\u00eda de Santiago culmina con \u00e9xito el \u00abVerano Cultural con la Alcald\u00eda\u00bb en Los Salados"},"content":{"rendered":"<p style=\"text-align: justify;\"><strong>SANTIAGO DE LOS CABALLEROS.-<\/strong>\u00a0La Alcald\u00eda de Santiago celebr\u00f3 con \u00e9xito el \u201cVerano Cultural con la Alcald\u00eda\u201d en la comunidad de Los Salados, encabezado por el alcalde Ulises Rodr\u00edguez.<\/p>\n<div id=\"advads-96e60a7a4603b66a5ece2587805c6586\" class=\"advads-96e60a7a4603b66a5ece2587805c6586 advads-content-first-paragraph\" style=\"text-align: justify;\">\n<div id=\"advads-653028992\" class=\"advads-content-first-paragraph\">\n<div id=\"advads-327263774\" data-advads-trackid=\"220527\" data-advads-trackbid=\"1\">El evento, organizado por la Direcci\u00f3n de Cultura del ayuntamiento, se desarroll\u00f3 durante el s\u00e1bado y domingo, ofreciendo una amplia gama de actividades art\u00edsticas y culturales que involucraron a toda la comunidad.<\/div>\n<\/div>\n<\/div>\n<p style=\"text-align: justify;\">M\u00edriam Cruz Garc\u00eda, directora de Cultura y Artes de la Alcald\u00eda, expres\u00f3 su satisfacci\u00f3n por el apoyo recibido de las comunidades participantes, reafirmando su compromiso de llevar la cultura a todos los barrios de Santiago.<\/p>\n<div id=\"advads-cc07d588734b35709dfed7c069771926\" class=\"advads-cc07d588734b35709dfed7c069771926 advads-content-middle\" style=\"text-align: justify;\">\n<div id=\"advads-120161928\" class=\"advads-content-middle\">\n<div id=\"advads-1660998966\" data-advads-trackid=\"344220\" data-advads-trackbid=\"1\">Durante la jornada, los ni\u00f1os y residentes disfrutaron de presentaciones art\u00edsticas como la obra teatral musical \u201cCaf\u00e9 \u00d3pera: C\u00f3digo Clown,\u201d a cargo de Las 37 por Las Tablas, la presentaci\u00f3n de El Son de Keka y el Ballet Folcl\u00f3rico del Centro de la Cultura.<\/div>\n<\/div>\n<\/div>\n<p style=\"text-align: justify;\">Se impartieron talleres de teatro, danza, reciclaje, y actividades pr\u00e1cticas como la creaci\u00f3n de chichiguas y juegos tradicionales.<\/p>\n<p style=\"text-align: justify;\">El ambiente cultural fue complementado con juegos inflables, palomitas de ma\u00edz, y un cierre educativo que incluy\u00f3 una charla sobre el cuidado del medio ambiente y la importancia del reciclaje, dirigida por la Direcci\u00f3n de Gesti\u00f3n Ambiental del Ayuntamiento de Santiago.<\/p>\n<div id=\"st-2\" class=\"sharethis-inline-share-buttons st-center st-lang-es st-has-labels st-inline-share-buttons st-animated\">\n<div class=\"st-btn st-first\" style=\"text-align: justify;\" data-network=\"facebook\">Fuente: RC Noticias<\/div>\n<\/div>\n","protected":false},"excerpt":{"rendered":"<p>SANTIAGO DE LOS CABALLEROS.-\u00a0La Alcald\u00eda de Santiago celebr\u00f3 con \u00e9xito el \u201cVerano Cultural con la<\/p>\n","protected":false},"author":2,"featured_media":24116,"comment_status":"open","ping_status":"open","sticky":false,"template":"","format":"standard","meta":{"footnotes":""},"categories":[7],"tags":[],"class_list":["post-24114","post","type-post","status-publish","format-standard","has-post-thumbnail","hentry","category-nacionales"],"_links":{"self":[{"href":"https:\/\/laverdadpublica.com\/index.php\/wp-json\/wp\/v2\/posts\/24114","targetHints":{"allow":["GET"]}}],"collection":[{"href":"https:\/\/laverdadpublica.com\/index.php\/wp-json\/wp\/v2\/posts"}],"about":[{"href":"https:\/\/laverdadpublica.com\/index.php\/wp-json\/wp\/v2\/types\/post"}],"author":[{"embeddable":true,"href":"https:\/\/laverdadpublica.com\/index.php\/wp-json\/wp\/v2\/users\/2"}],"replies":[{"embeddable":true,"href":"https:\/\/laverdadpublica.com\/index.php\/wp-json\/wp\/v2\/comments?post=24114"}],"version-history":[{"count":1,"href":"https:\/\/laverdadpublica.com\/index.php\/wp-json\/wp\/v2\/posts\/24114\/revisions"}],"predecessor-version":[{"id":24115,"href":"https:\/\/laverdadpublica.com\/index.php\/wp-json\/wp\/v2\/posts\/24114\/revisions\/24115"}],"wp:featuredmedia":[{"embeddable":true,"href":"https:\/\/laverdadpublica.com\/index.php\/wp-json\/wp\/v2\/media\/24116"}],"wp:attachment":[{"href":"https:\/\/laverdadpublica.com\/index.php\/wp-json\/wp\/v2\/media?parent=24114"}],"wp:term":[{"taxonomy":"category","embeddable":true,"href":"https:\/\/laverdadpublica.com\/index.php\/wp-json\/wp\/v2\/categories?post=24114"},{"taxonomy":"post_tag","embeddable":true,"href":"https:\/\/laverdadpublica.com\/index.php\/wp-json\/wp\/v2\/tags?post=24114"}],"curies":[{"name":"wp","href":"https:\/\/api.w.org\/{rel}","templated":true}]}}