{"id":24226,"date":"2024-08-28T16:21:02","date_gmt":"2024-08-28T16:21:02","guid":{"rendered":"https:\/\/laverdadpublica.com\/?p=24226"},"modified":"2024-08-28T16:21:19","modified_gmt":"2024-08-28T16:21:19","slug":"felix-alburquerque-busca-anulacion-de-su-sentencia-por-la-muerte-de-manuel-duncan","status":"publish","type":"post","link":"https:\/\/laverdadpublica.com\/index.php\/2024\/08\/28\/felix-alburquerque-busca-anulacion-de-su-sentencia-por-la-muerte-de-manuel-duncan\/","title":{"rendered":"F\u00e9lix Alburquerque busca anulaci\u00f3n de su sentencia por la muerte de Manuel Duncan"},"content":{"rendered":"<p style=\"text-align: justify;\">El expresidente de la Direcci\u00f3n Nacional de Control de Drogas (DNCD)\u00a0<strong>F\u00e9lix Alburquerque Compr\u00e9s pidi\u00f3 este martes a la Segunda Sala Penal de la Suprema Corte de Justicia la anulaci\u00f3n de su condena de 12 a\u00f1os de prisi\u00f3n<\/strong>\u00a0por la muerte del comunicador\u00a0<strong>Manuel Duncan.<\/strong><\/p>\n<p style=\"text-align: justify;\">El militar interpuso un recurso de casaci\u00f3n, que la citada sala dej\u00f3 en estado de fallo este martes tras escuchar las conclusiones de su defensa.<\/p>\n<p style=\"text-align: justify;\">El Tercer Tribunal Colegiado del Distrito Nacional conden\u00f3 en julio del a\u00f1o pasado al extitular de la DNCD a 12 a\u00f1os de prisi\u00f3n por la muerte de Duncan la madrugada del 19 agosto de 2022 en los alrededores de un negocio de comida r\u00e1pida en la esquina de las avenidas R\u00f3mulo Betancourt con N\u00fa\u00f1ez de C\u00e1ceres, en Santo Domingo, donde ambos mantuvieron una ri\u00f1a.<\/p>\n<p style=\"text-align: justify;\">El suceso qued\u00f3 registrado en un video que circul\u00f3 en su momento en medios y redes sociales en el que se ve\u00eda c\u00f3mo el militar se aproxim\u00f3 al comentarista, quien hab\u00eda tratado de esconderse, le dispar\u00f3 a bocajarro y, despu\u00e9s de que este cayera al suelo, efectu\u00f3 un segundo disparo.<\/p>\n<p style=\"text-align: justify;\">Alburquerque Compr\u00e9s huy\u00f3 de la escena del crimen y fue apresado al d\u00eda siguiente.<\/p>\n<p style=\"text-align: justify;\">Fuente: N Digital<\/p>\n","protected":false},"excerpt":{"rendered":"<p>El expresidente de la Direcci\u00f3n Nacional de Control de Drogas (DNCD)\u00a0F\u00e9lix Alburquerque Compr\u00e9s pidi\u00f3 este<\/p>\n","protected":false},"author":1,"featured_media":24227,"comment_status":"open","ping_status":"open","sticky":false,"template":"","format":"standard","meta":{"footnotes":""},"categories":[7],"tags":[],"class_list":["post-24226","post","type-post","status-publish","format-standard","has-post-thumbnail","hentry","category-nacionales"],"_links":{"self":[{"href":"https:\/\/laverdadpublica.com\/index.php\/wp-json\/wp\/v2\/posts\/24226","targetHints":{"allow":["GET"]}}],"collection":[{"href":"https:\/\/laverdadpublica.com\/index.php\/wp-json\/wp\/v2\/posts"}],"about":[{"href":"https:\/\/laverdadpublica.com\/index.php\/wp-json\/wp\/v2\/types\/post"}],"author":[{"embeddable":true,"href":"https:\/\/laverdadpublica.com\/index.php\/wp-json\/wp\/v2\/users\/1"}],"replies":[{"embeddable":true,"href":"https:\/\/laverdadpublica.com\/index.php\/wp-json\/wp\/v2\/comments?post=24226"}],"version-history":[{"count":1,"href":"https:\/\/laverdadpublica.com\/index.php\/wp-json\/wp\/v2\/posts\/24226\/revisions"}],"predecessor-version":[{"id":24228,"href":"https:\/\/laverdadpublica.com\/index.php\/wp-json\/wp\/v2\/posts\/24226\/revisions\/24228"}],"wp:featuredmedia":[{"embeddable":true,"href":"https:\/\/laverdadpublica.com\/index.php\/wp-json\/wp\/v2\/media\/24227"}],"wp:attachment":[{"href":"https:\/\/laverdadpublica.com\/index.php\/wp-json\/wp\/v2\/media?parent=24226"}],"wp:term":[{"taxonomy":"category","embeddable":true,"href":"https:\/\/laverdadpublica.com\/index.php\/wp-json\/wp\/v2\/categories?post=24226"},{"taxonomy":"post_tag","embeddable":true,"href":"https:\/\/laverdadpublica.com\/index.php\/wp-json\/wp\/v2\/tags?post=24226"}],"curies":[{"name":"wp","href":"https:\/\/api.w.org\/{rel}","templated":true}]}}