{"id":24355,"date":"2024-08-29T15:29:19","date_gmt":"2024-08-29T15:29:19","guid":{"rendered":"https:\/\/laverdadpublica.com\/?p=24355"},"modified":"2024-08-29T15:29:19","modified_gmt":"2024-08-29T15:29:19","slug":"karilyn-chabebe-saluda-realizacion-foro-del-nordeste-en-sfm","status":"publish","type":"post","link":"https:\/\/laverdadpublica.com\/index.php\/2024\/08\/29\/karilyn-chabebe-saluda-realizacion-foro-del-nordeste-en-sfm\/","title":{"rendered":"Karilyn Chabebe saluda realizaci\u00f3n Foro del Nordeste en SFM"},"content":{"rendered":"<p style=\"text-align: justify;\">San Francisco de Macor\u00eds. \u2013 La dirigente pol\u00edtica, Karilyn Chabebe, salud\u00f3 la iniciativa propuesta por el peri\u00f3dico List\u00edn Diario de realizar el Foro del Nordeste en esta ciudad, donde se abordar\u00e1n temas para la integraci\u00f3n, crecimiento y desarrollo de las provincias que conforman dicha Regi\u00f3n.<\/p>\n<p style=\"text-align: justify;\">Chabebe, se\u00f1al\u00f3 que es de vital importancia, unir esfuerzos y voluntades de las fuerzas vivas de las provincias Saman\u00e1, Mar\u00eda Trinidad S\u00e1nchez, Hermanas Mirabal y Duarte, para enfrentar con \u00e9xito los desaf\u00edos actuales, mediante el consenso para las eventuales soluciones a los problemas que acusa esta parte del pa\u00eds.<\/p>\n<p style=\"text-align: justify;\">La tambi\u00e9n propulsora del deporte, calific\u00f3 como muy positiva la propuesta del List\u00edn Diario, quien a trav\u00e9s de un editorial publicado el pasado 8 de agosto, plante\u00f3 la necesidad de realizar el Foro del Nordeste, como una forma de identificar oportunidades de aplicar pol\u00edticas de desarrollo en las \u00e1reas del turismo, agroindustria, agropecuaria y tecnolog\u00eda, apegado a las nuevas realidades de la econom\u00eda y la pol\u00edtica nacional.<\/p>\n<p style=\"text-align: justify;\">Asimismo, Chabebe, consider\u00f3 que el director del List\u00edn Diario, Miguel Franjul, hace un gran aporte al desarrollo del Nordeste, al plantear esta iniciativa que ha recibido el visto bueno de amplios sectores de la vida nacional.<\/p>\n<p style=\"text-align: justify;\">En ese orden, la pol\u00edtica valor\u00f3 la disposici\u00f3n de la Universidad Cat\u00f3lica Nordestana, UCNE, de ofrecer las instalaciones del Teatro Regional del Nordeste para la celebraci\u00f3n de tan importante evento.<\/p>\n<p style=\"text-align: justify;\">Chabebe, afirm\u00f3 que la UCNE y su rector reverendo padre Isaac Garc\u00eda de la Cruz, siempre est\u00e1n dispuestos a aportar al desarrollo de esta Regi\u00f3n y al bienestar de quienes la habitan y visitan.<\/p>\n<p style=\"text-align: justify;\">El Foro del Nordeste ser\u00e1 realizado el martes 10 de septiembre en el Teatro Regional del Nordeste, donde ser\u00e1n abordados por las autoridades de las cuatro provincias, expertos de las universidades, l\u00edderes comunitarios e invitados especiales, las pol\u00edticas p\u00fablicas de integraci\u00f3n, crecimiento y desarrollo en las \u00e1reas del turismo, agroindustria, agropecuaria y tecnolog\u00eda, entre otras.<\/p>\n<p>Fuente: Equipo Foro del Nordeste<\/p>\n<p>&nbsp;<\/p>\n<p>&nbsp;<\/p>\n<p>&nbsp;<\/p>\n<p>&nbsp;<\/p>\n<p>&nbsp;<\/p>\n<p>&nbsp;<\/p>\n<p>&nbsp;<\/p>\n","protected":false},"excerpt":{"rendered":"<p>San Francisco de Macor\u00eds. \u2013 La dirigente pol\u00edtica, Karilyn Chabebe, salud\u00f3 la iniciativa propuesta por<\/p>\n","protected":false},"author":1,"featured_media":24356,"comment_status":"open","ping_status":"open","sticky":false,"template":"","format":"standard","meta":{"footnotes":""},"categories":[7],"tags":[],"class_list":["post-24355","post","type-post","status-publish","format-standard","has-post-thumbnail","hentry","category-nacionales"],"_links":{"self":[{"href":"https:\/\/laverdadpublica.com\/index.php\/wp-json\/wp\/v2\/posts\/24355","targetHints":{"allow":["GET"]}}],"collection":[{"href":"https:\/\/laverdadpublica.com\/index.php\/wp-json\/wp\/v2\/posts"}],"about":[{"href":"https:\/\/laverdadpublica.com\/index.php\/wp-json\/wp\/v2\/types\/post"}],"author":[{"embeddable":true,"href":"https:\/\/laverdadpublica.com\/index.php\/wp-json\/wp\/v2\/users\/1"}],"replies":[{"embeddable":true,"href":"https:\/\/laverdadpublica.com\/index.php\/wp-json\/wp\/v2\/comments?post=24355"}],"version-history":[{"count":1,"href":"https:\/\/laverdadpublica.com\/index.php\/wp-json\/wp\/v2\/posts\/24355\/revisions"}],"predecessor-version":[{"id":24357,"href":"https:\/\/laverdadpublica.com\/index.php\/wp-json\/wp\/v2\/posts\/24355\/revisions\/24357"}],"wp:featuredmedia":[{"embeddable":true,"href":"https:\/\/laverdadpublica.com\/index.php\/wp-json\/wp\/v2\/media\/24356"}],"wp:attachment":[{"href":"https:\/\/laverdadpublica.com\/index.php\/wp-json\/wp\/v2\/media?parent=24355"}],"wp:term":[{"taxonomy":"category","embeddable":true,"href":"https:\/\/laverdadpublica.com\/index.php\/wp-json\/wp\/v2\/categories?post=24355"},{"taxonomy":"post_tag","embeddable":true,"href":"https:\/\/laverdadpublica.com\/index.php\/wp-json\/wp\/v2\/tags?post=24355"}],"curies":[{"name":"wp","href":"https:\/\/api.w.org\/{rel}","templated":true}]}}