{"id":24707,"date":"2024-08-31T22:47:32","date_gmt":"2024-08-31T22:47:32","guid":{"rendered":"https:\/\/laverdadpublica.com\/?p=24707"},"modified":"2024-08-31T22:48:31","modified_gmt":"2024-08-31T22:48:31","slug":"24707","status":"publish","type":"post","link":"https:\/\/laverdadpublica.com\/index.php\/2024\/08\/31\/24707\/","title":{"rendered":"Ra\u00fal de Molina termina en el hospital tras la emisi\u00f3n de El gordo y la flaca"},"content":{"rendered":"<blockquote>\n<p style=\"text-align: justify;\">El conductor comenz\u00f3 a sentirse mal mientras conduc\u00eda el programa de Univision y Lili Estefan lo llev\u00f3 al hospital<\/p>\n<\/blockquote>\n<p style=\"text-align: justify;\">Ra\u00fal de Molina termin\u00f3 este mi\u00e9rcoles en el hospital luego de la emisi\u00f3n de El gordo y la flaca (Univision).<\/p>\n<p style=\"text-align: justify;\">El conductor cubano comenz\u00f3 a sentirse mal mientras conduc\u00eda el programa de entretenimiento de Univision y su compa\u00f1era Lili Estefan no dud\u00f3 en llevarlo a urgencias.<\/p>\n<blockquote>\n<p style=\"text-align: justify;\">\u00abMe empec\u00e9 a sentir mal despu\u00e9s de la historia de Juan Gabriel, me empezaron escalofr\u00edos en el cuerpo y estos escalofr\u00edos los tengo hace como una semana pero los he tratado de ver, he hablado con los doctores&#8230; Pero me sent\u00ed tan mal que casi me desmayo aqu\u00ed, entonces todo el mundo se preocupa, quer\u00edan llamar al 911, Lili carg\u00f3 conmigo, llam\u00f3 a Gloria Estefan, llam\u00f3 a toda la familia para que en un hospital cercano a Univision me llevaran para all\u00e1\u00bb, explic\u00f3 este jueves en el show De Molina, quien supera el mill\u00f3n y medio de seguidores en Instagram.<\/p>\n<\/blockquote>\n<p style=\"text-align: justify;\">Debido a que el conductor hab\u00eda viajado recientemente a \u00c1frica en sus vacaciones de verano, la preocupaci\u00f3n era que pudiese haberse contagiado de malaria durante el safari que hizo.<\/p>\n<p style=\"text-align: justify;\">Afortunadamente no fue as\u00ed.<\/p>\n<blockquote>\n<p style=\"text-align: justify;\">\u00abMientras me tratan me hacen todas estas pruebas y encontraron que todo estaba bien, todo sali\u00f3 bien\u00bb, comparti\u00f3 el talento de Univision en su programa.<\/p>\n<\/blockquote>\n<p style=\"text-align: justify;\">El presentador tuvo que volver este jueves en la ma\u00f1ana la hospital \u00abporque ten\u00eda escalofr\u00edos otra vez\u00bb, pero \u00abme sali\u00f3, gracias a Dios, todo bien en todos los an\u00e1lisis y las cosas que me hicieron\u00bb.<\/p>\n<p style=\"text-align: justify;\">Por lo que decidi\u00f3 acompa\u00f1ar ayer a Lili en la conducci\u00f3n del programa.<\/p>\n<blockquote>\n<p style=\"text-align: justify;\">\u00abMe dicen \u2018no vengas hoy, no te preocupes\u2019. Y vine porque tengo el d\u00eda libre ma\u00f1ana y tenemos que hacer una entrevista para una gala donde nos est\u00e1n dando un reconocimiento\u00bb, se\u00f1al\u00f3.<\/p>\n<\/blockquote>\n<p>Fuente: Cr\u00f3nicas con Novas<\/p>\n","protected":false},"excerpt":{"rendered":"<p>El conductor comenz\u00f3 a sentirse mal mientras conduc\u00eda el programa de Univision y Lili Estefan<\/p>\n","protected":false},"author":4,"featured_media":24710,"comment_status":"open","ping_status":"open","sticky":false,"template":"","format":"standard","meta":{"footnotes":""},"categories":[16],"tags":[],"class_list":["post-24707","post","type-post","status-publish","format-standard","has-post-thumbnail","hentry","category-internacionales"],"_links":{"self":[{"href":"https:\/\/laverdadpublica.com\/index.php\/wp-json\/wp\/v2\/posts\/24707","targetHints":{"allow":["GET"]}}],"collection":[{"href":"https:\/\/laverdadpublica.com\/index.php\/wp-json\/wp\/v2\/posts"}],"about":[{"href":"https:\/\/laverdadpublica.com\/index.php\/wp-json\/wp\/v2\/types\/post"}],"author":[{"embeddable":true,"href":"https:\/\/laverdadpublica.com\/index.php\/wp-json\/wp\/v2\/users\/4"}],"replies":[{"embeddable":true,"href":"https:\/\/laverdadpublica.com\/index.php\/wp-json\/wp\/v2\/comments?post=24707"}],"version-history":[{"count":2,"href":"https:\/\/laverdadpublica.com\/index.php\/wp-json\/wp\/v2\/posts\/24707\/revisions"}],"predecessor-version":[{"id":24709,"href":"https:\/\/laverdadpublica.com\/index.php\/wp-json\/wp\/v2\/posts\/24707\/revisions\/24709"}],"wp:featuredmedia":[{"embeddable":true,"href":"https:\/\/laverdadpublica.com\/index.php\/wp-json\/wp\/v2\/media\/24710"}],"wp:attachment":[{"href":"https:\/\/laverdadpublica.com\/index.php\/wp-json\/wp\/v2\/media?parent=24707"}],"wp:term":[{"taxonomy":"category","embeddable":true,"href":"https:\/\/laverdadpublica.com\/index.php\/wp-json\/wp\/v2\/categories?post=24707"},{"taxonomy":"post_tag","embeddable":true,"href":"https:\/\/laverdadpublica.com\/index.php\/wp-json\/wp\/v2\/tags?post=24707"}],"curies":[{"name":"wp","href":"https:\/\/api.w.org\/{rel}","templated":true}]}}