{"id":24776,"date":"2024-09-01T18:58:07","date_gmt":"2024-09-01T18:58:07","guid":{"rendered":"https:\/\/laverdadpublica.com\/?p=24776"},"modified":"2024-09-01T18:58:07","modified_gmt":"2024-09-01T18:58:07","slug":"kamala-harris-hace-giro-en-politica-migratoria-en-su-primera-entrevista-como-candidata","status":"publish","type":"post","link":"https:\/\/laverdadpublica.com\/index.php\/2024\/09\/01\/kamala-harris-hace-giro-en-politica-migratoria-en-su-primera-entrevista-como-candidata\/","title":{"rendered":"Kamala Harris hace giro en pol\u00edtica migratoria en su primera entrevista como candidata"},"content":{"rendered":"<p style=\"text-align: justify;\">Kamala Harris ofreci\u00f3 esta semana su primera entrevista con su f\u00f3rmula vicepresidencial tras haber sido nominada como candidata dem\u00f3crata a la presidencia de Estados Unidos. En la foto, la vicepresidenta de Estados Unidos y candidata presidencial dem\u00f3crata para 2024, Kamala Harris, habla durante el mitin de campa\u00f1a en el Foro Fiserv en Milwaukee, Wisconsin, el reci\u00e9n pasado 20 de agosto de 2024.<\/p>\n<p style=\"text-align: justify;\">Savannah, Georgia, Estados Unidos.- En su primera entrevista como candidata a la Casa Blanca, la vicepresidenta Kamala Harris dej\u00f3 ver que tendr\u00eda una mano firme con la pol\u00edtica migratoria y la energ\u00e9tica, e insisti\u00f3 en la necesidad de mejorar la econom\u00eda.<\/p>\n<blockquote>\n<p style=\"text-align: justify;\">\u201cTe dir\u00eda que la m\u00e1s importante de las prioridades es apoyar y fortalecer la clase media\u201d dijo Kamala Harris a Dana Bash, presentadora de CNN desde Savannah, Georgia.<\/p>\n<\/blockquote>\n<p style=\"text-align: justify;\">La vicepresidenta norteamericana, agreg\u00f3 que otra de las cosas que har\u00e1 si es electa es ofrecerle un ministerio a un republicano para tratar de unir el pa\u00eds. Harris quien antes hab\u00eda tenido posiciones m\u00e1s restrictivas frente al Fracking y m\u00e1s liberales frente a la migraci\u00f3n dijo que aunque sus opiniones hayan cambiado sus valores hacia el pa\u00eds segu\u00edan siendo los mismos.<\/p>\n<blockquote>\n<p style=\"text-align: justify;\">\u00abTenemos leyes que deben cumplirse y ser aplicadas\u00bb que abordan \u00abel problema de las personas que cruzan nuestra frontera ilegalmente y deber\u00eda haber consecuencias\u00bb, insisti\u00f3.<\/p>\n<\/blockquote>\n<p>&nbsp;<\/p>\n<p style=\"text-align: justify;\">La candidata dem\u00f3crata, que se ha convertido en un fen\u00f3meno pol\u00edtico desde que el presidente Joe Biden se retir\u00f3 de la carrera electoral el 21 de julio, arremeti\u00f3 duramente contra Donald Trump, acus\u00e1ndolo de haber \u00abdividido\u00bb al pa\u00eds.<\/p>\n<blockquote>\n<p style=\"text-align: justify;\">\u00abCreo que la gente est\u00e1 preparada para pasar p\u00e1gina\u00bb, afirm\u00f3 Kamala Harris.<\/p>\n<\/blockquote>\n<p style=\"text-align: justify;\"><strong>El vice de Kamala.<\/strong><\/p>\n<p style=\"text-align: justify;\">Por su parte Tim Waltz, su f\u00f3rmula vicepresidencial, se defendi\u00f3 de los cuestionamientos sobre su pasado en el ej\u00e9rcito norteamericano.<\/p>\n<blockquote>\n<p style=\"text-align: justify;\">\u201cMi historial habla por s\u00ed solo, pero creo que la gente me est\u00e1 conociendo. Hablo como la gente y hablo con franqueza\u201d, expres\u00f3 Waltz.<\/p>\n<\/blockquote>\n<p><strong>\u00bfQu\u00e9 dice Kamala Harris sobre este tema?<\/strong><\/p>\n<p style=\"text-align: justify;\">En cuanto la operaci\u00f3n militar de Israel en Palestina que deja m\u00e1s de 40 mil muertos, Kamala Harris dijo que su pol\u00edtica no cambiar\u00e1 y seguir\u00e1 ayudando a Israel a defenderse.<\/p>\n<p>&nbsp;<\/p>\n<p>Fuentes: CNN<\/p>\n","protected":false},"excerpt":{"rendered":"<p>Kamala Harris ofreci\u00f3 esta semana su primera entrevista con su f\u00f3rmula vicepresidencial tras haber sido<\/p>\n","protected":false},"author":4,"featured_media":24777,"comment_status":"open","ping_status":"open","sticky":false,"template":"","format":"standard","meta":{"footnotes":""},"categories":[16],"tags":[],"class_list":["post-24776","post","type-post","status-publish","format-standard","has-post-thumbnail","hentry","category-internacionales"],"_links":{"self":[{"href":"https:\/\/laverdadpublica.com\/index.php\/wp-json\/wp\/v2\/posts\/24776","targetHints":{"allow":["GET"]}}],"collection":[{"href":"https:\/\/laverdadpublica.com\/index.php\/wp-json\/wp\/v2\/posts"}],"about":[{"href":"https:\/\/laverdadpublica.com\/index.php\/wp-json\/wp\/v2\/types\/post"}],"author":[{"embeddable":true,"href":"https:\/\/laverdadpublica.com\/index.php\/wp-json\/wp\/v2\/users\/4"}],"replies":[{"embeddable":true,"href":"https:\/\/laverdadpublica.com\/index.php\/wp-json\/wp\/v2\/comments?post=24776"}],"version-history":[{"count":1,"href":"https:\/\/laverdadpublica.com\/index.php\/wp-json\/wp\/v2\/posts\/24776\/revisions"}],"predecessor-version":[{"id":24778,"href":"https:\/\/laverdadpublica.com\/index.php\/wp-json\/wp\/v2\/posts\/24776\/revisions\/24778"}],"wp:featuredmedia":[{"embeddable":true,"href":"https:\/\/laverdadpublica.com\/index.php\/wp-json\/wp\/v2\/media\/24777"}],"wp:attachment":[{"href":"https:\/\/laverdadpublica.com\/index.php\/wp-json\/wp\/v2\/media?parent=24776"}],"wp:term":[{"taxonomy":"category","embeddable":true,"href":"https:\/\/laverdadpublica.com\/index.php\/wp-json\/wp\/v2\/categories?post=24776"},{"taxonomy":"post_tag","embeddable":true,"href":"https:\/\/laverdadpublica.com\/index.php\/wp-json\/wp\/v2\/tags?post=24776"}],"curies":[{"name":"wp","href":"https:\/\/api.w.org\/{rel}","templated":true}]}}