{"id":24782,"date":"2024-09-01T19:08:15","date_gmt":"2024-09-01T19:08:15","guid":{"rendered":"https:\/\/laverdadpublica.com\/?p=24782"},"modified":"2024-09-01T19:12:33","modified_gmt":"2024-09-01T19:12:33","slug":"guardiamarinas-de-la-academia-naval-cesar-de-windt-lavandier-ard-participan-en-la-charla-fortaleza-en-la-transicion-estrategias-para-la-adaptacion-militar","status":"publish","type":"post","link":"https:\/\/laverdadpublica.com\/index.php\/2024\/09\/01\/guardiamarinas-de-la-academia-naval-cesar-de-windt-lavandier-ard-participan-en-la-charla-fortaleza-en-la-transicion-estrategias-para-la-adaptacion-militar\/","title":{"rendered":"Guardiamarinas de la Academia Naval \u00abC\u00e9sar de Windt Lavandier\u00bb ARD Participan en la Charla \u00abFortaleza en la Transici\u00f3n: Estrategias para la Adaptaci\u00f3n Militar\u00bb"},"content":{"rendered":"<div class=\"top-bar\">\n<div class=\"top-bar-wrapper body-row\">\n<div id=\"header social widget\" class=\"top-bar-social blue section\">\n<div id=\"LinkList230\" class=\"widget LinkList\" data-version=\"1\">\n<div class=\"widget-content\">\n<p style=\"text-align: justify;\">La Armada de Rep\u00fablica Dominicana, a trav\u00e9s de la Direcci\u00f3n para Asuntos de G\u00e9nero del Cuerpo Femenino, culmin\u00f3 con \u00e9xito la charla titulada \u201cFortaleza en la Transici\u00f3n: Estrategias para la Adaptaci\u00f3n Militar\u201d, realizada en el Sal\u00f3n de Anclas de la Academia Naval \u00abC\u00e9sar de Windt Lavandier,\u00bb ARD.<\/p>\n<p><img decoding=\"async\" class=\"size-medium wp-image-24787 aligncenter lazyload\" data-src=\"https:\/\/laverdadpublica.com\/wp-content\/uploads\/2024\/09\/Screenshot_2024-09-01_153216-300x188.png\" alt=\"\" width=\"300\" height=\"188\" data-srcset=\"https:\/\/laverdadpublica.com\/wp-content\/uploads\/2024\/09\/Screenshot_2024-09-01_153216-300x188.png 300w, https:\/\/laverdadpublica.com\/wp-content\/uploads\/2024\/09\/Screenshot_2024-09-01_153216-768x481.png 768w, https:\/\/laverdadpublica.com\/wp-content\/uploads\/2024\/09\/Screenshot_2024-09-01_153216.png 979w\" data-sizes=\"(max-width: 300px) 100vw, 300px\" src=\"data:image\/svg+xml;base64,PHN2ZyB3aWR0aD0iMSIgaGVpZ2h0PSIxIiB4bWxucz0iaHR0cDovL3d3dy53My5vcmcvMjAwMC9zdmciPjwvc3ZnPg==\" style=\"--smush-placeholder-width: 300px; --smush-placeholder-aspect-ratio: 300\/188;\" \/><\/p>\n<\/div>\n<\/div>\n<\/div>\n<\/div>\n<\/div>\n<div id=\"content-wrapper\" class=\"body-row\">\n<div id=\"main-wrapper\">\n<div id=\"main\" class=\"main section\">\n<div id=\"Blog1\" class=\"widget Blog\" data-version=\"1\">\n<div class=\"blog-posts hfeed\">\n<div class=\"date-outer\">\n<div class=\"date-posts\">\n<div class=\"post-outer\">\n<div class=\"post hentry\">\n<article>\n<div id=\"post-body-6289433157474012889\" class=\"post-body entry-content\">\n<p style=\"text-align: justify;\">El evento reuni\u00f3 a personal femenino de oficiales subalternos y damas guardiamarinas de la academia, con el prop\u00f3sito de destacar el rol fundamental de las mujeres en las Fuerzas Armadas. Durante la charla se abordaron temas clave sobre la creciente incorporaci\u00f3n de mujeres en roles de combate y liderazgo dentro de la Armada, as\u00ed como los desaf\u00edos y adaptaciones que estas enfrentan al integrarse a la vida militar.<\/p>\n<p style=\"text-align: justify;\">La charla fue dirigida por la reconocida doctora psiquiatra Alexandra Hichez, experta en salud mental, quien expuso sobre la importancia del entrenamiento, la disciplina, la adaptaci\u00f3n social y cultural, as\u00ed como el desarrollo profesional y el bienestar mental y emocional. Estos aspectos fueron enfatizados como pilares esenciales para una integraci\u00f3n exitosa y efectiva en la carrera naval.<\/p>\n<p style=\"text-align: justify;\">Con esta iniciativa, la Armada de Rep\u00fablica Dominicana reafirma su compromiso con la educaci\u00f3n continua y el desarrollo integral de sus miembros, garantizando que est\u00e9n preparadas para enfrentar los retos de la vida militar y para asumir roles de liderazgo en el \u00e1mbito naval.<\/p>\n<div class=\"separator\"><a href=\"https:\/\/blogger.googleusercontent.com\/img\/b\/R29vZ2xl\/AVvXsEg_ZSkdYRzF6zamApaeRA5nS7YL1K4gPGwtrplm0SOVGfZ8vmudzVtEBKq3UrHbX1VXzC-_6RDnZ53Mio1bZD2G7NamIPZ9cjeAxZc2L9cOpiDCfv2KSYm_20tRbaeiOGoT6w0SE408ZrglRhBIfRYGiFt-myAHue-drd3KR_Vd4_ZjtqfDxOFXdJc_zxi-\/s1600\/IMG-20240901-WA0011.jpg\"><img decoding=\"async\" class=\"aligncenter lazyload\" data-src=\"https:\/\/blogger.googleusercontent.com\/img\/b\/R29vZ2xl\/AVvXsEg_ZSkdYRzF6zamApaeRA5nS7YL1K4gPGwtrplm0SOVGfZ8vmudzVtEBKq3UrHbX1VXzC-_6RDnZ53Mio1bZD2G7NamIPZ9cjeAxZc2L9cOpiDCfv2KSYm_20tRbaeiOGoT6w0SE408ZrglRhBIfRYGiFt-myAHue-drd3KR_Vd4_ZjtqfDxOFXdJc_zxi-\/s320\/IMG-20240901-WA0011.jpg\" width=\"320\" height=\"212\" border=\"0\" data-original-height=\"1059\" data-original-width=\"1600\" src=\"data:image\/svg+xml;base64,PHN2ZyB3aWR0aD0iMSIgaGVpZ2h0PSIxIiB4bWxucz0iaHR0cDovL3d3dy53My5vcmcvMjAwMC9zdmciPjwvc3ZnPg==\" style=\"--smush-placeholder-width: 320px; --smush-placeholder-aspect-ratio: 320\/212;\" \/><\/a><\/div>\n<p>Fuente: Academia Naval \u00abC\u00e9sar de Windt Lavandier\u00bb<\/p>\n<\/div>\n<\/article>\n<\/div>\n<\/div>\n<\/div>\n<\/div>\n<\/div>\n<\/div>\n<\/div>\n<\/div>\n<\/div>\n","protected":false},"excerpt":{"rendered":"<p>La Armada de Rep\u00fablica Dominicana, a trav\u00e9s de la Direcci\u00f3n para Asuntos de G\u00e9nero del<\/p>\n","protected":false},"author":1,"featured_media":24785,"comment_status":"open","ping_status":"open","sticky":false,"template":"","format":"standard","meta":{"footnotes":""},"categories":[7],"tags":[],"class_list":["post-24782","post","type-post","status-publish","format-standard","has-post-thumbnail","hentry","category-nacionales"],"_links":{"self":[{"href":"https:\/\/laverdadpublica.com\/index.php\/wp-json\/wp\/v2\/posts\/24782","targetHints":{"allow":["GET"]}}],"collection":[{"href":"https:\/\/laverdadpublica.com\/index.php\/wp-json\/wp\/v2\/posts"}],"about":[{"href":"https:\/\/laverdadpublica.com\/index.php\/wp-json\/wp\/v2\/types\/post"}],"author":[{"embeddable":true,"href":"https:\/\/laverdadpublica.com\/index.php\/wp-json\/wp\/v2\/users\/1"}],"replies":[{"embeddable":true,"href":"https:\/\/laverdadpublica.com\/index.php\/wp-json\/wp\/v2\/comments?post=24782"}],"version-history":[{"count":4,"href":"https:\/\/laverdadpublica.com\/index.php\/wp-json\/wp\/v2\/posts\/24782\/revisions"}],"predecessor-version":[{"id":24788,"href":"https:\/\/laverdadpublica.com\/index.php\/wp-json\/wp\/v2\/posts\/24782\/revisions\/24788"}],"wp:featuredmedia":[{"embeddable":true,"href":"https:\/\/laverdadpublica.com\/index.php\/wp-json\/wp\/v2\/media\/24785"}],"wp:attachment":[{"href":"https:\/\/laverdadpublica.com\/index.php\/wp-json\/wp\/v2\/media?parent=24782"}],"wp:term":[{"taxonomy":"category","embeddable":true,"href":"https:\/\/laverdadpublica.com\/index.php\/wp-json\/wp\/v2\/categories?post=24782"},{"taxonomy":"post_tag","embeddable":true,"href":"https:\/\/laverdadpublica.com\/index.php\/wp-json\/wp\/v2\/tags?post=24782"}],"curies":[{"name":"wp","href":"https:\/\/api.w.org\/{rel}","templated":true}]}}