{"id":24946,"date":"2024-09-02T18:44:30","date_gmt":"2024-09-02T18:44:30","guid":{"rendered":"https:\/\/laverdadpublica.com\/?p=24946"},"modified":"2024-09-02T18:46:37","modified_gmt":"2024-09-02T18:46:37","slug":"modesto-guzman-visita-la-parroquia-san-francisco-de-asis-en-la-nueva-barquita","status":"publish","type":"post","link":"https:\/\/laverdadpublica.com\/index.php\/2024\/09\/02\/modesto-guzman-visita-la-parroquia-san-francisco-de-asis-en-la-nueva-barquita\/","title":{"rendered":"Modesto Guzm\u00e1n Visita la Parroquia San Francisco de As\u00eds en La Nueva Barquita"},"content":{"rendered":"<p style=\"text-align: justify;\">Santo Domingo, La Nueva Barquita,\u2013 El Director de la Direcci\u00f3n General de Desarrollo a la Comunidad, Modesto Guzm\u00e1n, la ma\u00f1ana de este domingo realiz\u00f3 una visita significativa a la Parroquia San Francisco de As\u00eds en La Nueva Barquita. La visita tuvo como objetivo principal evaluar las necesidades y proyectos en curso que requiere la comunidad.<\/p>\n<p style=\"text-align: justify;\">Durante su visita, Guzm\u00e1n asisti\u00f3 a la misa ofrecida por el p\u00e1rroco Alm\u00e1nzar Alegr\u00eda y luego escuch\u00f3 sus inquietudes concretando posibles soluciones a los desaf\u00edos que enfrentan.<\/p>\n<blockquote>\n<p style=\"text-align: justify;\">\u00abEs fundamental estar en contacto directo con las comunidades para entender sus necesidades y trabajar juntos en la implementaci\u00f3n de soluciones efectivas,\u00bb expres\u00f3 Guzm\u00e1n. \u00abLa colaboraci\u00f3n entre las autoridades y los ciudadanos es clave para el desarrollo y bienestar de La Nueva Barquita.\u00bb<\/p>\n<\/blockquote>\n<p style=\"text-align: justify;\">La visita tambi\u00e9n permiti\u00f3 a Guzm\u00e1n conocer de primera mano los proyectos que la parroquia est\u00e1 llevando a cabo y explorar oportunidades para fortalecer la colaboraci\u00f3n entre la Direcci\u00f3n General de Desarrollo a la Comunidad y las organizaciones locales.<\/p>\n<p style=\"text-align: justify;\">El p\u00e1rroco Alegr\u00eda, en nombre de la Parroquia San Francisco de As\u00eds, conocida por su compromiso con el bienestar comunitario, expres\u00f3 su agradecimiento por la visita y destac\u00f3 la importancia del apoyo gubernamental en sus esfuerzos por mejorar la calidad de vida de los residentes de \u201cLa Nueva Barquita\u201d.<\/p>\n<p style=\"text-align: justify;\">La Direcci\u00f3n General de Desarrollo a la Comunidad continuar\u00e1 trabajando en estrecha colaboraci\u00f3n con la comunidad de La Nueva Barquita para asegurar que las necesidades locales sean atendidas y se logren los objetivos de desarrollo sustentable.<\/p>\n","protected":false},"excerpt":{"rendered":"<p>Santo Domingo, La Nueva Barquita,\u2013 El Director de la Direcci\u00f3n General de Desarrollo a la<\/p>\n","protected":false},"author":4,"featured_media":24947,"comment_status":"open","ping_status":"open","sticky":false,"template":"","format":"standard","meta":{"footnotes":""},"categories":[7],"tags":[],"class_list":["post-24946","post","type-post","status-publish","format-standard","has-post-thumbnail","hentry","category-nacionales"],"_links":{"self":[{"href":"https:\/\/laverdadpublica.com\/index.php\/wp-json\/wp\/v2\/posts\/24946","targetHints":{"allow":["GET"]}}],"collection":[{"href":"https:\/\/laverdadpublica.com\/index.php\/wp-json\/wp\/v2\/posts"}],"about":[{"href":"https:\/\/laverdadpublica.com\/index.php\/wp-json\/wp\/v2\/types\/post"}],"author":[{"embeddable":true,"href":"https:\/\/laverdadpublica.com\/index.php\/wp-json\/wp\/v2\/users\/4"}],"replies":[{"embeddable":true,"href":"https:\/\/laverdadpublica.com\/index.php\/wp-json\/wp\/v2\/comments?post=24946"}],"version-history":[{"count":1,"href":"https:\/\/laverdadpublica.com\/index.php\/wp-json\/wp\/v2\/posts\/24946\/revisions"}],"predecessor-version":[{"id":24948,"href":"https:\/\/laverdadpublica.com\/index.php\/wp-json\/wp\/v2\/posts\/24946\/revisions\/24948"}],"wp:featuredmedia":[{"embeddable":true,"href":"https:\/\/laverdadpublica.com\/index.php\/wp-json\/wp\/v2\/media\/24947"}],"wp:attachment":[{"href":"https:\/\/laverdadpublica.com\/index.php\/wp-json\/wp\/v2\/media?parent=24946"}],"wp:term":[{"taxonomy":"category","embeddable":true,"href":"https:\/\/laverdadpublica.com\/index.php\/wp-json\/wp\/v2\/categories?post=24946"},{"taxonomy":"post_tag","embeddable":true,"href":"https:\/\/laverdadpublica.com\/index.php\/wp-json\/wp\/v2\/tags?post=24946"}],"curies":[{"name":"wp","href":"https:\/\/api.w.org\/{rel}","templated":true}]}}