{"id":24956,"date":"2024-09-02T00:51:42","date_gmt":"2024-09-02T00:51:42","guid":{"rendered":"https:\/\/laverdadpublica.com\/?p=24956"},"modified":"2024-09-03T00:53:33","modified_gmt":"2024-09-03T00:53:33","slug":"opinion-invitada-la-participacion-de-los-padres-en-la-escuela","status":"publish","type":"post","link":"https:\/\/laverdadpublica.com\/index.php\/2024\/09\/02\/opinion-invitada-la-participacion-de-los-padres-en-la-escuela\/","title":{"rendered":"Opini\u00f3n Invitada: La participaci\u00f3n de los padres en la escuela"},"content":{"rendered":"<div class=\"td_block_wrap tdb_title tdi_91 tdb-single-title td-pb-border-top td_block_template_2\" data-td-block-uid=\"tdi_91\">\n<div class=\"tdb-block-inner td-fix-index\"><\/div>\n<\/div>\n<div class=\"vc_row_inner tdi_94 vc_row vc_inner wpb_row td-pb-row\" style=\"text-align: justify;\">\n<div class=\"vc_column_inner tdi_102 wpb_column vc_column_container tdc-inner-column td-pb-span6\">\n<div class=\"vc_column-inner\">\n<div class=\"wpb_wrapper\">\n<div class=\"td_block_wrap tdb_single_post_share tdi_103 td-post-sharing-show-all-icons td-pb-border-top td_block_template_2\" data-td-block-uid=\"tdi_103\">\n<div id=\"tdi_103\" class=\"td-post-sharing tdb-block td-ps-bg td-ps-notext td-post-sharing-style1 td-social-show-all\">\n<div class=\"td-post-sharing-visible\">\n<div class=\"td-social-sharing-button td-social-sharing-button-js td-social-handler td-social-share-text\"><\/div>\n<\/div>\n<\/div>\n<\/div>\n<\/div>\n<\/div>\n<\/div>\n<\/div>\n<div class=\"vc_row_inner tdi_106 vc_row vc_inner wpb_row td-pb-row\">\n<div class=\"vc_column_inner tdi_108 wpb_column vc_column_container tdc-inner-column td-pb-span4 td-is-sticky\" style=\"text-align: justify;\">\n<div class=\"vc_column-inner\">\n<div class=\"wpb_wrapper\" data-sticky-enabled-on=\"W3RydWUsdHJ1ZSx0cnVlLHRydWVd\" data-sticky-offset=\"20\" data-sticky-is-width-auto=\"W2ZhbHNlLGZhbHNlLGZhbHNlLGZhbHNlXQ==\">\n<div class=\"td_block_wrap td_flex_block_1 tdi_110 td-pb-border-top td_block_template_2 td_flex_block\" data-td-block-uid=\"tdi_110\">\n<div id=\"tdi_110\" class=\"td_block_inner td-mc1-wrap\">\n<div class=\"td_module_flex td_module_flex_1 td_module_wrap td-animation-stack td-cpt-post\">\n<div class=\"td-module-container td-category-pos-above\">\n<div class=\"td-image-container\"><\/div>\n<\/div>\n<\/div>\n<\/div>\n<\/div>\n<\/div>\n<\/div>\n<\/div>\n<div class=\"vc_column_inner tdi_112 wpb_column vc_column_container tdc-inner-column td-pb-span8\">\n<div class=\"vc_column-inner\">\n<div class=\"wpb_wrapper\">\n<div class=\"clearfix\" style=\"text-align: justify;\">Nos hemos pasado toda la vida hablando de la educaci\u00f3n y su importancia en el desarrollo de los pueblos, del presupuesto que maneja el Ministerio de Educaci\u00f3n, de los conflictos con la Asociaci\u00f3n Dominicana de Profesores, de la calidad del personal docente, del ranking que nos pone en apuros y nos coloca en puestos lejanos frente a pa\u00edses del \u00e1rea, de la alfabetizaci\u00f3n, de Pisa, en fin\u2026cuestionamos todo, menos la responsabilidad de los padres y su compromiso con los hijos y la escuela.<\/div>\n<div class=\"td_block_wrap tdb_single_content tdi_113 td-pb-border-top td_block_template_2 td-post-content tagdiv-type\" data-td-block-uid=\"tdi_113\">\n<div class=\"tdb-block-inner td-fix-index\">\n<p style=\"text-align: justify;\">Recientemente, la vicepresidenta Raquel Pe\u00f1a, quien ha estado muy activa, dando la cara y respondiendo preguntas de periodistas, se refiri\u00f3 al tema de la educaci\u00f3n infiriendo la responsabilidad que deben tener los padres enviando a sus hijos a las escuelas para que aprovechen las oportunidades y den seguimiento al proceso.<\/p>\n<p style=\"text-align: justify;\">La Vice toc\u00f3 el tema a sabiendas de que lo que m\u00e1s necesita el pa\u00eds para avanzar y que sus comunidades tambi\u00e9n prosperen es la educaci\u00f3n y yo le agregar\u00eda, una educaci\u00f3n obligatoria y compartida entre la escuela y los padres, sobre todo en los niveles inicial y primaria, porque es en esas etapas en las que se crea la base que motiva al ni\u00f1o a seguir aprendiendo, ser responsable y competitivo en cada una de las disciplinas.<\/p>\n<p style=\"text-align: justify;\">Hay que estar claro que la educaci\u00f3n no es solo responsabilidad del Estado o de un gobierno. Los padres juegan un rol muy importante en los procesos de ense\u00f1anza. Y por eso hay que ser enf\u00e1ticos en esta parte, porque de lo contrario nos pasaremos toda la vida hablando de lo mismo y malgastando fondos p\u00fablicos. Hay que recordar tambi\u00e9n que la pobreza empieza con la falta de educaci\u00f3n y se erradica con una buena educaci\u00f3n.<\/p>\n<p style=\"text-align: justify;\">La responsabilidad del gobierno es cumplir con lo que dicen las leyes: proveer infraestructuras adecuadas y dotadas con los insumos necesarios, asegurar calidad en los contenidos que se imparten, proporcionar libros, uniformes y otros materiales a estudiantes de escasos recursos e incentivarlos, capacitar a los docentes con vocaci\u00f3n, pero los padres deben asumir el compromiso de enviar a sus hijos a la escuela y dar seguimiento al proceso de la ense\u00f1anza. La misi\u00f3n debe ser compartida.<\/p>\n<p style=\"text-align: justify;\">Solo as\u00ed podr\u00edamos mejorar los niveles educativos de la poblaci\u00f3n que, al final, se traducir\u00e1n en mejoras tangibles de calidad de vida para las familias, y, claro est\u00e1, salir definitivamente de la pobreza, de una pobreza caracterizada por la falta de estudios y conocimiento que millones de dominicanos adolecen hoy en d\u00eda.<\/p>\n<p style=\"text-align: justify;\">El Ministerio de Educaci\u00f3n se ha estado manejando con presupuestos cercanos al 4% del Producto Interno Bruto y bien o mal gastados estos recursos, los logros no son siempre los que se esperan. Esta ha sido la constante por d\u00e9cadas, cuyos procesos han estado siempre salpicados por la corrupci\u00f3n administrativa y los continuos conflictos con la ADP por aumentos salariales, los cuales constituyen dos retrancas para alcanzar niveles \u00f3ptimos en materia educativa.<\/p>\n<p style=\"text-align: justify;\">Con respecto a los maestros, no quiero decir que estos no merecen salarios dignos, sino que los aumentos se hagan acorde a la preparaci\u00f3n y sobre todo a la capacidad y calidad del docente, como resultado de evaluaciones peri\u00f3dicas.<\/p>\n<p style=\"text-align: justify;\">Este a\u00f1o, el Minerd convoc\u00f3 a las aulas a 2.7 millones de estudiantes, de los cuales m\u00e1s de 1.4 millones cursan los niveles inicial y primaria. Asimismo, maneja un presupuesto que ronda los RD$297,041.5 millones.<\/p>\n<\/div>\n<\/div>\n<p>Fuente: Reporte Extra<\/p>\n<\/div>\n<\/div>\n<\/div>\n<\/div>\n","protected":false},"excerpt":{"rendered":"<p>Nos hemos pasado toda la vida hablando de la educaci\u00f3n y su importancia en el<\/p>\n","protected":false},"author":1,"featured_media":24957,"comment_status":"open","ping_status":"open","sticky":false,"template":"","format":"standard","meta":{"footnotes":""},"categories":[4],"tags":[],"class_list":["post-24956","post","type-post","status-publish","format-standard","has-post-thumbnail","hentry","category-opiniones"],"_links":{"self":[{"href":"https:\/\/laverdadpublica.com\/index.php\/wp-json\/wp\/v2\/posts\/24956","targetHints":{"allow":["GET"]}}],"collection":[{"href":"https:\/\/laverdadpublica.com\/index.php\/wp-json\/wp\/v2\/posts"}],"about":[{"href":"https:\/\/laverdadpublica.com\/index.php\/wp-json\/wp\/v2\/types\/post"}],"author":[{"embeddable":true,"href":"https:\/\/laverdadpublica.com\/index.php\/wp-json\/wp\/v2\/users\/1"}],"replies":[{"embeddable":true,"href":"https:\/\/laverdadpublica.com\/index.php\/wp-json\/wp\/v2\/comments?post=24956"}],"version-history":[{"count":2,"href":"https:\/\/laverdadpublica.com\/index.php\/wp-json\/wp\/v2\/posts\/24956\/revisions"}],"predecessor-version":[{"id":24959,"href":"https:\/\/laverdadpublica.com\/index.php\/wp-json\/wp\/v2\/posts\/24956\/revisions\/24959"}],"wp:featuredmedia":[{"embeddable":true,"href":"https:\/\/laverdadpublica.com\/index.php\/wp-json\/wp\/v2\/media\/24957"}],"wp:attachment":[{"href":"https:\/\/laverdadpublica.com\/index.php\/wp-json\/wp\/v2\/media?parent=24956"}],"wp:term":[{"taxonomy":"category","embeddable":true,"href":"https:\/\/laverdadpublica.com\/index.php\/wp-json\/wp\/v2\/categories?post=24956"},{"taxonomy":"post_tag","embeddable":true,"href":"https:\/\/laverdadpublica.com\/index.php\/wp-json\/wp\/v2\/tags?post=24956"}],"curies":[{"name":"wp","href":"https:\/\/api.w.org\/{rel}","templated":true}]}}