{"id":25249,"date":"2024-09-05T14:55:14","date_gmt":"2024-09-05T14:55:14","guid":{"rendered":"https:\/\/laverdadpublica.com\/?p=25249"},"modified":"2024-09-05T14:57:03","modified_gmt":"2024-09-05T14:57:03","slug":"maria-celeste-arraras-invita-a-su-conferencia-en-el-pais-un-encuentro-de-primer-impacto-que-estara-al-rojo-vivo","status":"publish","type":"post","link":"https:\/\/laverdadpublica.com\/index.php\/2024\/09\/05\/maria-celeste-arraras-invita-a-su-conferencia-en-el-pais-un-encuentro-de-primer-impacto-que-estara-al-rojo-vivo\/","title":{"rendered":"Mar\u00eda Celeste Arrar\u00e1s invita a su conferencia en el pa\u00eds, un encuentro de Primer Impacto que estar\u00e1 Al Rojo Vivo\u201d"},"content":{"rendered":"<div class=\"col-lg-12 mb-md-4 mb-0\">\n<header class=\"entry-header\">\n<blockquote>\n<p class=\"subtitle ps-4 p-0 m-0\" style=\"text-align: justify;\"><em>La cita para \u2018vencer el miedo y convertirlo en el mejor aliado\u2019 es el viernes 20 de septiembre en el Embassy Suites, dentro del desarrollo del Primer Simposio Iberoamericano de la Comunicaci\u00f3n: Tendencias y Transformaciones en la Era de la Inteligencia Artificial\u2019.<\/em><\/p>\n<\/blockquote>\n<p>SANTO DOMINGO.- Por primera vez, Mar\u00eda Celeste Arrar\u00e1s visitar\u00e1 Rep\u00fablica Dominicana como conferencista. \u2018C\u00f3mo vencer el miedo y convertirlo en tu mejor Aliado\u2019, es el nombre de la ponencia que presentar\u00e1 el viernes 20 de septiembre en el hotel Embassy Suites, como clausura del \u2018Primer Simposio Iberoamericano de la Comunicaci\u00f3n: Tendencias y Transformaciones en la Era de la Inteligencia Artificial\u2019.<\/p>\n<div class=\"entry-meta border-top pt-2 mb-0 mt-3\">\n<div class=\"row\">\n<div class=\"col-lg-8 col-12 col-md-8 clearfix\"><\/div>\n<div class=\"col-lg-4 col-12 col-md-4 text-lg-end\"><a class=\"position-relative d-block lightbox_trigger\" href=\"https:\/\/i0.wp.com\/nuevodiario-assets.s3.us-east-2.amazonaws.com\/wp-content\/uploads\/2024\/09\/03133512\/MARIA-CELESTE-ARRARAS.jpg?fit=1367%2C958&amp;quality=100&amp;ssl=1\"><img decoding=\"async\" class=\"img-fluid border lazyload loaded\" src=\"https:\/\/i0.wp.com\/nuevodiario-assets.s3.us-east-2.amazonaws.com\/wp-content\/uploads\/2024\/09\/03133512\/MARIA-CELESTE-ARRARAS.jpg?fit=656%2C460&amp;quality=100&amp;ssl=1\" alt=\"Mar\u00eda Celeste Arrar\u00e1s invita a su conferencia en el pa\u00eds, un encuentro de Primer Impacto que estar\u00e1 Al Rojo Vivo\u201d\" width=\"760\" data-src=\"https:\/\/i0.wp.com\/nuevodiario-assets.s3.us-east-2.amazonaws.com\/wp-content\/uploads\/2024\/09\/03133512\/MARIA-CELESTE-ARRARAS.jpg?fit=656%2C460&amp;quality=100&amp;ssl=1\" data-was-processed=\"true\" \/><\/a><\/div>\n<\/div>\n<\/div>\n<\/header>\n<\/div>\n<div class=\"col-lg-8 position-relative\">\n<div class=\"entry-content mt-md-4 mt-3\">\n<div style=\"text-align: justify;\" contenteditable=\"false\" data-beyondwords-player=\"true\"><\/div>\n<div class=\"banner-contenido text-center d-none d-md-block mb-4\" style=\"text-align: justify;\">\n<div id=\"div-gpt-ad-1705691576428-0\" class=\"border d-inline-block\">La presentadora de televisi\u00f3n, periodista, escritora y l\u00edder motivacional extendi\u00f3 una invitaci\u00f3n a los dominicanos para que participen de la conferencia que ella define como \u201cun encuentro de Primer Impacto que estar\u00e1 Al Rojo Vivo\u201d.<\/div>\n<\/div>\n<p style=\"text-align: justify;\">Los asistentes van a escuchar an\u00e9cdotas y vivencias que arrojar\u00e1n luz en la vida de cada persona y que la motivar\u00e1n a enfrentar los obst\u00e1culos que se les presentan ante los cambios y las nuevas etapas, tanto en lo personal como en lo profesional. \u201cLes ayudar\u00e1 a vencer el miedo para triunfar en todos los aspectos de la vida. Cr\u00e9anme, esto es posible y voy a compartir esa f\u00f3rmula\u201d, resalt\u00f3 la multipremiada periodista.<\/p>\n<blockquote><p>\u201cTodo lo que all\u00ed expongo le aportar\u00e1 al p\u00fablico presente, definitivamente, le ayudar\u00e1 mucho, pues voy a proveerle herramientas que le ayudar\u00e1n a conquistar sus miedos y lograr transformarlos en alegr\u00eda para alcanzar sus metas\u201d, expres\u00f3 Maria Celeste.<\/p><\/blockquote>\n<div class=\"banner-contenido text-center d-none d-md-block\" style=\"text-align: justify;\">\n<div id=\"div-gpt-ad-1565023948978-0\" class=\"d-inline-block border mt-1 mb-4\">Tras valorar el referido evento, la presentadora internacional, mostr\u00f3 su entusiasmo por tener sobre sus hombros la responsabilidad de cerrar la actividad con un tema de tanta val\u00eda como lo es saber enfrentar nuestros miedos, sobre todo, en estos tiempos en los que la misma Inteligencia Artificial llega a aterrar a quienes no ven en ella una herramienta tecnol\u00f3gica de soporte, sino un sustituto en su puesto de trabajo. El p\u00fablico en general puede adquirir las entradas exclusivas para su conferencia en\u00a0<a href=\"http:\/\/tuboleta.com.do\/\" data-saferedirecturl=\"https:\/\/www.google.com\/url?q=http:\/\/TuBoleta.com.do&amp;source=gmail&amp;ust=1725465698912000&amp;usg=AOvVaw0NQJjBMQEPgF6Id-WYniji\">TuBoleta.com.do<\/a>\u00a0pudiendo luego participar de un brindis y Meet&amp;Greet con ella.<\/div>\n<\/div>\n<p style=\"text-align: justify;\">Al hablar con entusiasmo sobre lo feliz que se siente ante su pr\u00f3xima visita al pa\u00eds, Arrar\u00e1s de inmediato dijo: \u201cYo siempre he tenido una gran afinidad con el p\u00fablico dominicano, desde el primer d\u00eda que comenc\u00e9 mi carrera como periodista. Y, presentarme por primera vez como conferencista en Quisqueya, me causa mucha ilusi\u00f3n, pues estar en vivo y a todo color es m\u00e1s \u00edntimo y personal, y supera cualquier presentaci\u00f3n por televisi\u00f3n\u201d, coment\u00f3 la tambi\u00e9n escritora.<\/p>\n<p style=\"text-align: justify;\">Mar\u00eda Celeste Arrar\u00e1ses un fen\u00f3meno de los medios de comunicaci\u00f3n. Considerada una de las \u201820 mujeres m\u00e1s poderosas\u2019 de su generaci\u00f3n de l\u00edderes, su popularidad la ha convertido en una de las figuras hispanas m\u00e1s influyentes de las\u00a0<a href=\"https:\/\/es.wikipedia.org\/wiki\/Redes_sociales\" data-saferedirecturl=\"https:\/\/www.google.com\/url?q=https:\/\/es.wikipedia.org\/wiki\/Redes_sociales&amp;source=gmail&amp;ust=1725465698912000&amp;usg=AOvVaw1_l9iG1QeFGFVgu8yJ8NoL\">redes sociales<\/a>. Tras presentar los programas m\u00e1s comentados de la televisi\u00f3n hispana, Primer Impacto en Univisi\u00f3n y Al Rojo Vivo en Telemundo, pas\u00f3 a ser la conductora principal de CNN en espa\u00f1ol en el horario estelar de los domingos. Ha producido series de televisi\u00f3n como \u201cEl Secreto de Selena\u201d, basada en el libro de su autor\u00eda que lleva el mismo nombre. En reconocimiento de su ardua\u00a0<a href=\"https:\/\/es.wikipedia.org\/wiki\/Filantrop%C3%ADa\" data-saferedirecturl=\"https:\/\/www.google.com\/url?q=https:\/\/es.wikipedia.org\/wiki\/Filantrop%C3%ADa&amp;source=gmail&amp;ust=1725465698912000&amp;usg=AOvVaw2PUr_Po0W8l91eQzVGl6LB\">labor filantr\u00f3pica<\/a>\u00a0recibi\u00f3 un\u00a0<a href=\"https:\/\/es.wikipedia.org\/wiki\/Doctorado_Honoris_Causa\" data-saferedirecturl=\"https:\/\/www.google.com\/url?q=https:\/\/es.wikipedia.org\/wiki\/Doctorado_Honoris_Causa&amp;source=gmail&amp;ust=1725465698912000&amp;usg=AOvVaw0ByOgtXsHL_REOi3bTn_SG\">Doctorado Honoris Causa<\/a>\u00a0de la\u00a0<a href=\"https:\/\/es.wikipediaorg\/wiki\/Universidad_Central_de_Bayam%C3%B3n\" data-saferedirecturl=\"https:\/\/www.google.com\/url?q=https:\/\/es.wikipediaorg\/wiki\/Universidad_Central_de_Bayam%C3%B3n&amp;source=gmail&amp;ust=1725465698912000&amp;usg=AOvVaw3sCVPMEAkDUzrpFqyHHE7Z\">Universidad Central de Bayam\u00f3n<\/a>\u00a0en Puerto Rico. Hoy en d\u00eda, Mar\u00eda Celeste tambi\u00e9n es una l\u00edder motivadora con un mensaje positivo y de empoderamiento que realmente inspira.<\/p>\n<\/div>\n<\/div>\n<p>&nbsp;<\/p>\n<p>Fuente: Nuevo Diario<\/p>\n","protected":false},"excerpt":{"rendered":"<p>La cita para \u2018vencer el miedo y convertirlo en el mejor aliado\u2019 es el viernes<\/p>\n","protected":false},"author":4,"featured_media":25254,"comment_status":"open","ping_status":"open","sticky":false,"template":"","format":"standard","meta":{"footnotes":""},"categories":[16],"tags":[],"class_list":["post-25249","post","type-post","status-publish","format-standard","has-post-thumbnail","hentry","category-internacionales"],"_links":{"self":[{"href":"https:\/\/laverdadpublica.com\/index.php\/wp-json\/wp\/v2\/posts\/25249","targetHints":{"allow":["GET"]}}],"collection":[{"href":"https:\/\/laverdadpublica.com\/index.php\/wp-json\/wp\/v2\/posts"}],"about":[{"href":"https:\/\/laverdadpublica.com\/index.php\/wp-json\/wp\/v2\/types\/post"}],"author":[{"embeddable":true,"href":"https:\/\/laverdadpublica.com\/index.php\/wp-json\/wp\/v2\/users\/4"}],"replies":[{"embeddable":true,"href":"https:\/\/laverdadpublica.com\/index.php\/wp-json\/wp\/v2\/comments?post=25249"}],"version-history":[{"count":2,"href":"https:\/\/laverdadpublica.com\/index.php\/wp-json\/wp\/v2\/posts\/25249\/revisions"}],"predecessor-version":[{"id":25251,"href":"https:\/\/laverdadpublica.com\/index.php\/wp-json\/wp\/v2\/posts\/25249\/revisions\/25251"}],"wp:featuredmedia":[{"embeddable":true,"href":"https:\/\/laverdadpublica.com\/index.php\/wp-json\/wp\/v2\/media\/25254"}],"wp:attachment":[{"href":"https:\/\/laverdadpublica.com\/index.php\/wp-json\/wp\/v2\/media?parent=25249"}],"wp:term":[{"taxonomy":"category","embeddable":true,"href":"https:\/\/laverdadpublica.com\/index.php\/wp-json\/wp\/v2\/categories?post=25249"},{"taxonomy":"post_tag","embeddable":true,"href":"https:\/\/laverdadpublica.com\/index.php\/wp-json\/wp\/v2\/tags?post=25249"}],"curies":[{"name":"wp","href":"https:\/\/api.w.org\/{rel}","templated":true}]}}