{"id":25515,"date":"2024-09-07T18:56:30","date_gmt":"2024-09-07T18:56:30","guid":{"rendered":"https:\/\/laverdadpublica.com\/?p=25515"},"modified":"2024-09-07T19:01:04","modified_gmt":"2024-09-07T19:01:04","slug":"la-xxiii-cumbre-de-washington-la-eleccion-mas-importante-del-planeta","status":"publish","type":"post","link":"https:\/\/laverdadpublica.com\/index.php\/2024\/09\/07\/la-xxiii-cumbre-de-washington-la-eleccion-mas-importante-del-planeta\/","title":{"rendered":"La XXIII Cumbre de Washington: La Elecci\u00f3n M\u00e1s Importante del Planeta"},"content":{"rendered":"<p style=\"text-align: justify;\">Del 4 al 6 de noviembre de 2024, Washington se convertir\u00e1 en el epicentro de la pol\u00edtica mundial con la XXIII Cumbre de Washington, coincidiendo con un a\u00f1o electoral crucial para los Estados Unidos.<\/p>\n<p style=\"text-align: justify;\">Este evento reunir\u00e1 a los expertos m\u00e1s destacados en comunicaci\u00f3n, estrategia, imagen y proyecci\u00f3n pol\u00edtica, y reconocer\u00e1 a figuras emergentes del \u00e1mbito pol\u00edtico. Entre los premios que se entregar\u00e1n destacan los galardones a Alcalde del A\u00f1o, Pol\u00edtico Revelaci\u00f3n, Estratega del A\u00f1o, Mujer del A\u00f1o, Empresario del A\u00f1o, Gobernador del A\u00f1o y Figura del A\u00f1o.<\/p>\n<p><img decoding=\"async\" class=\"size-medium wp-image-25518 alignleft lazyload\" data-src=\"https:\/\/laverdadpublica.com\/wp-content\/uploads\/2024\/09\/IMG-20240907-WA0135-260x300.jpg\" alt=\"\" width=\"260\" height=\"300\" data-srcset=\"https:\/\/laverdadpublica.com\/wp-content\/uploads\/2024\/09\/IMG-20240907-WA0135-260x300.jpg 260w, https:\/\/laverdadpublica.com\/wp-content\/uploads\/2024\/09\/IMG-20240907-WA0135-888x1024.jpg 888w, https:\/\/laverdadpublica.com\/wp-content\/uploads\/2024\/09\/IMG-20240907-WA0135-768x886.jpg 768w, https:\/\/laverdadpublica.com\/wp-content\/uploads\/2024\/09\/IMG-20240907-WA0135.jpg 1110w\" data-sizes=\"(max-width: 260px) 100vw, 260px\" src=\"data:image\/svg+xml;base64,PHN2ZyB3aWR0aD0iMSIgaGVpZ2h0PSIxIiB4bWxucz0iaHR0cDovL3d3dy53My5vcmcvMjAwMC9zdmciPjwvc3ZnPg==\" style=\"--smush-placeholder-width: 260px; --smush-placeholder-aspect-ratio: 260\/300;\" \/><\/p>\n<p style=\"text-align: justify;\">Con la participaci\u00f3n de l\u00edderes y estrategas influyentes, la cumbre se presenta como una oportunidad \u00fanica para analizar y debatir el impacto de las elecciones estadounidenses en el escenario global. El evento no solo premiar\u00e1 el talento y la innovaci\u00f3n en la pol\u00edtica, sino que tambi\u00e9n brindar\u00e1 un espacio para el intercambio de ideas y estrategias clave en un momento hist\u00f3rico para el pa\u00eds y el mundo.<\/p>\n<p style=\"text-align: justify;\">Para m\u00e1s informaci\u00f3n y contacto, puede comunicarse al +52 4444 479377.<\/p>\n<blockquote>\n<p style=\"text-align: justify;\">\u00a1S\u00e9 parte de este evento hist\u00f3rico en la capital del mundo, Washington! #VotoUSA2024<\/p>\n<\/blockquote>\n<p>Fuente: Trukamelo<\/p>\n","protected":false},"excerpt":{"rendered":"<p>Del 4 al 6 de noviembre de 2024, Washington se convertir\u00e1 en el epicentro de<\/p>\n","protected":false},"author":2,"featured_media":25517,"comment_status":"open","ping_status":"open","sticky":false,"template":"","format":"standard","meta":{"footnotes":""},"categories":[16],"tags":[],"class_list":["post-25515","post","type-post","status-publish","format-standard","has-post-thumbnail","hentry","category-internacionales"],"_links":{"self":[{"href":"https:\/\/laverdadpublica.com\/index.php\/wp-json\/wp\/v2\/posts\/25515","targetHints":{"allow":["GET"]}}],"collection":[{"href":"https:\/\/laverdadpublica.com\/index.php\/wp-json\/wp\/v2\/posts"}],"about":[{"href":"https:\/\/laverdadpublica.com\/index.php\/wp-json\/wp\/v2\/types\/post"}],"author":[{"embeddable":true,"href":"https:\/\/laverdadpublica.com\/index.php\/wp-json\/wp\/v2\/users\/2"}],"replies":[{"embeddable":true,"href":"https:\/\/laverdadpublica.com\/index.php\/wp-json\/wp\/v2\/comments?post=25515"}],"version-history":[{"count":3,"href":"https:\/\/laverdadpublica.com\/index.php\/wp-json\/wp\/v2\/posts\/25515\/revisions"}],"predecessor-version":[{"id":25520,"href":"https:\/\/laverdadpublica.com\/index.php\/wp-json\/wp\/v2\/posts\/25515\/revisions\/25520"}],"wp:featuredmedia":[{"embeddable":true,"href":"https:\/\/laverdadpublica.com\/index.php\/wp-json\/wp\/v2\/media\/25517"}],"wp:attachment":[{"href":"https:\/\/laverdadpublica.com\/index.php\/wp-json\/wp\/v2\/media?parent=25515"}],"wp:term":[{"taxonomy":"category","embeddable":true,"href":"https:\/\/laverdadpublica.com\/index.php\/wp-json\/wp\/v2\/categories?post=25515"},{"taxonomy":"post_tag","embeddable":true,"href":"https:\/\/laverdadpublica.com\/index.php\/wp-json\/wp\/v2\/tags?post=25515"}],"curies":[{"name":"wp","href":"https:\/\/api.w.org\/{rel}","templated":true}]}}