{"id":25533,"date":"2024-09-07T03:43:42","date_gmt":"2024-09-07T03:43:42","guid":{"rendered":"https:\/\/laverdadpublica.com\/?p=25533"},"modified":"2024-09-08T03:45:16","modified_gmt":"2024-09-08T03:45:16","slug":"digesett-detiene-varios-estudiantes-que-realizaban-carreras-clandestinas-luego-que-salian-de-las-clases-en-higuey","status":"publish","type":"post","link":"https:\/\/laverdadpublica.com\/index.php\/2024\/09\/07\/digesett-detiene-varios-estudiantes-que-realizaban-carreras-clandestinas-luego-que-salian-de-las-clases-en-higuey\/","title":{"rendered":"DIGESETT detiene varios estudiantes que realizaban carreras clandestinas luego que sal\u00edan de las clases en Hig\u00fcey"},"content":{"rendered":"<p style=\"text-align: justify;\">Por F\u00e9lix Rubio<\/p>\n<p style=\"text-align: justify;\">A trav\u00e9s de denuncias realizadas por los moradores de la avenida Club rotatorio en el municipio de Hig\u00fcey, La Direcci\u00f3n General de Seguridad de Tr\u00e1nsito y Transporte Terrestre (DIGESETT), detuvo a dos estudiantes que se dedicaban a realizar carreras clandestinas en horas de salida de clase.<\/p>\n<p style=\"text-align: justify;\">Los estudiantes aprovechaban la hora de salida del Liceo Secundario Geraldo Jansen, para realizar la carrera clandestina y calibrar las motocicletas que utilizaban en este acto ilegal. Durante el operativo, se retuvieron tres motocicletas y fueron detenidos dos menores de edad, mientras que el otro estudiante al ver la presencia de los agentes emprendi\u00f3 la huida.<\/p>\n<p style=\"text-align: justify;\">El director de la DIGESETT, general Francisco Osoria De La Cruz, P.N., encomend\u00f3 al director regional de la dotaci\u00f3n de La Altagracia, coronel Santo E. Garc\u00eda Moreta, P.N., a mantener mayor vigilancia en las salidas de los centros educativos de la zona para evitar que se sigan realizando carreras clandestinas en horario escolar.<\/p>\n<p style=\"text-align: justify;\">Asimismo, exhort\u00f3 a los padres y representantes a estar pendientes de las actividades que realizan sus hijos despu\u00e9s de la salida del colegio, para evitar que caigan en conductas delictivas o peligrosas como las carreras clandestinas.<\/p>\n<p style=\"text-align: justify;\">La DIGESETT reitera su compromiso de velar por la seguridad y el bienestar de la ciudadan\u00eda, promoviendo el respeto a las normas de tr\u00e1nsito y fomentando una cultura vial responsable.<\/p>\n<p>Fuente: Prensa DIGESETT<\/p>\n","protected":false},"excerpt":{"rendered":"<p>Por F\u00e9lix Rubio A trav\u00e9s de denuncias realizadas por los moradores de la avenida Club<\/p>\n","protected":false},"author":1,"featured_media":25534,"comment_status":"open","ping_status":"open","sticky":false,"template":"","format":"standard","meta":{"footnotes":""},"categories":[7],"tags":[],"class_list":["post-25533","post","type-post","status-publish","format-standard","has-post-thumbnail","hentry","category-nacionales"],"_links":{"self":[{"href":"https:\/\/laverdadpublica.com\/index.php\/wp-json\/wp\/v2\/posts\/25533","targetHints":{"allow":["GET"]}}],"collection":[{"href":"https:\/\/laverdadpublica.com\/index.php\/wp-json\/wp\/v2\/posts"}],"about":[{"href":"https:\/\/laverdadpublica.com\/index.php\/wp-json\/wp\/v2\/types\/post"}],"author":[{"embeddable":true,"href":"https:\/\/laverdadpublica.com\/index.php\/wp-json\/wp\/v2\/users\/1"}],"replies":[{"embeddable":true,"href":"https:\/\/laverdadpublica.com\/index.php\/wp-json\/wp\/v2\/comments?post=25533"}],"version-history":[{"count":1,"href":"https:\/\/laverdadpublica.com\/index.php\/wp-json\/wp\/v2\/posts\/25533\/revisions"}],"predecessor-version":[{"id":25535,"href":"https:\/\/laverdadpublica.com\/index.php\/wp-json\/wp\/v2\/posts\/25533\/revisions\/25535"}],"wp:featuredmedia":[{"embeddable":true,"href":"https:\/\/laverdadpublica.com\/index.php\/wp-json\/wp\/v2\/media\/25534"}],"wp:attachment":[{"href":"https:\/\/laverdadpublica.com\/index.php\/wp-json\/wp\/v2\/media?parent=25533"}],"wp:term":[{"taxonomy":"category","embeddable":true,"href":"https:\/\/laverdadpublica.com\/index.php\/wp-json\/wp\/v2\/categories?post=25533"},{"taxonomy":"post_tag","embeddable":true,"href":"https:\/\/laverdadpublica.com\/index.php\/wp-json\/wp\/v2\/tags?post=25533"}],"curies":[{"name":"wp","href":"https:\/\/api.w.org\/{rel}","templated":true}]}}