{"id":25539,"date":"2024-09-07T03:55:29","date_gmt":"2024-09-07T03:55:29","guid":{"rendered":"https:\/\/laverdadpublica.com\/?p=25539"},"modified":"2024-09-08T03:55:43","modified_gmt":"2024-09-08T03:55:43","slug":"25539","status":"publish","type":"post","link":"https:\/\/laverdadpublica.com\/index.php\/2024\/09\/07\/25539\/","title":{"rendered":"Aperturan inscripciones para el concurso Pinta a San Juan con Laura en Sociedad"},"content":{"rendered":"<p style=\"text-align: justify;\">San Juan, Rep\u00fablica Dominicana. Con motivo a la celebraci\u00f3n de los 14 a\u00f1os del programa de televisi\u00f3n Laura en Sociedad, conducido y bajo la producci\u00f3n de la periodista Laura Mer\u00e1n, apertura las inscripciones para los ni\u00f1os, ni\u00f1as y adolescentes interesados en edades de 6 a 14 a\u00f1os a participar del concurso <strong><em>\u201cPinta a San Juan con Laura en Sociedad\u201d.\u00a0<\/em><\/strong><\/p>\n<p style=\"text-align: justify;\">Mediante comunicado de prensa Laura Mer\u00e1n, agradeci\u00f3 el respaldo recibido del pueblo, los patrocinadores y autoridades durante estos a\u00f1os, haciendo, producciones de calidad en la regi\u00f3n sur y redes sociales y medios digitales para el mundo. Este a\u00f1o en este proyecto agregamos un elemento nuevo, los participantes tendr\u00e1n la oportunidad de sembrar y conectar con la naturaleza, las artes y los s\u00edmbolos patrios. Este evento forma parte de la responsabilidad y el compromiso con la ciudadan\u00eda creando oportunidades para mostrar los talentos de la provincia.<\/p>\n<p style=\"text-align: justify;\">Detalla que se estar\u00e1n premiando los mejores trabajos en cuatro categor\u00edas con RD$15,000.00 en efectivo, medallas, regalos y certificados que los acreditan como ganadores, pueden participar los ni\u00f1os y ni\u00f1as que no saben de pintura, los que tienen instrucciones en las artes y el rengl\u00f3n de inclusi\u00f3n con discapacidades f\u00edsicas e intelectuales enviando un mensaje v\u00eda WhatsApp al tel\u00e9fono 829-930-0218 o las redes sociales del programa @lauraensociedad.<\/p>\n<p style=\"text-align: justify;\">El concurso est\u00e1 inspirado para mostrar los talentos a trav\u00e9s de las artes pl\u00e1sticas y la cultura, puedan aprender a identificar los paisajes y elementos tradicionales de la zona. La recepci\u00f3n de los trabajos ser\u00e1 el s\u00e1bado 28 de septiembre en horas de la ma\u00f1ana. Los miembros del jurado ser\u00e1n seleccionados en base a su experiencia, tomando en consideraci\u00f3n su responsabilidad y seriedad para garantizar una selecci\u00f3n justa y las mejores propuestas.<\/p>\n<p><img decoding=\"async\" class=\"size-medium wp-image-25541 aligncenter lazyload\" data-src=\"https:\/\/laverdadpublica.com\/wp-content\/uploads\/2024\/09\/IMG-20240907-WA0193-300x300.jpg\" alt=\"\" width=\"300\" height=\"300\" data-srcset=\"https:\/\/laverdadpublica.com\/wp-content\/uploads\/2024\/09\/IMG-20240907-WA0193-300x300.jpg 300w, https:\/\/laverdadpublica.com\/wp-content\/uploads\/2024\/09\/IMG-20240907-WA0193-1024x1024.jpg 1024w, https:\/\/laverdadpublica.com\/wp-content\/uploads\/2024\/09\/IMG-20240907-WA0193-150x150.jpg 150w, https:\/\/laverdadpublica.com\/wp-content\/uploads\/2024\/09\/IMG-20240907-WA0193-768x768.jpg 768w, https:\/\/laverdadpublica.com\/wp-content\/uploads\/2024\/09\/IMG-20240907-WA0193-1536x1536.jpg 1536w, https:\/\/laverdadpublica.com\/wp-content\/uploads\/2024\/09\/IMG-20240907-WA0193.jpg 1600w\" data-sizes=\"(max-width: 300px) 100vw, 300px\" src=\"data:image\/svg+xml;base64,PHN2ZyB3aWR0aD0iMSIgaGVpZ2h0PSIxIiB4bWxucz0iaHR0cDovL3d3dy53My5vcmcvMjAwMC9zdmciPjwvc3ZnPg==\" style=\"--smush-placeholder-width: 300px; --smush-placeholder-aspect-ratio: 300\/300;\" \/><\/p>\n<p>&nbsp;<\/p>\n<p>Fuente: Francisca Jim\u00e9nez<\/p>\n","protected":false},"excerpt":{"rendered":"<p>San Juan, Rep\u00fablica Dominicana. Con motivo a la celebraci\u00f3n de los 14 a\u00f1os del programa<\/p>\n","protected":false},"author":2,"featured_media":25540,"comment_status":"open","ping_status":"open","sticky":false,"template":"","format":"standard","meta":{"footnotes":""},"categories":[7],"tags":[],"class_list":["post-25539","post","type-post","status-publish","format-standard","has-post-thumbnail","hentry","category-nacionales"],"_links":{"self":[{"href":"https:\/\/laverdadpublica.com\/index.php\/wp-json\/wp\/v2\/posts\/25539","targetHints":{"allow":["GET"]}}],"collection":[{"href":"https:\/\/laverdadpublica.com\/index.php\/wp-json\/wp\/v2\/posts"}],"about":[{"href":"https:\/\/laverdadpublica.com\/index.php\/wp-json\/wp\/v2\/types\/post"}],"author":[{"embeddable":true,"href":"https:\/\/laverdadpublica.com\/index.php\/wp-json\/wp\/v2\/users\/2"}],"replies":[{"embeddable":true,"href":"https:\/\/laverdadpublica.com\/index.php\/wp-json\/wp\/v2\/comments?post=25539"}],"version-history":[{"count":2,"href":"https:\/\/laverdadpublica.com\/index.php\/wp-json\/wp\/v2\/posts\/25539\/revisions"}],"predecessor-version":[{"id":25543,"href":"https:\/\/laverdadpublica.com\/index.php\/wp-json\/wp\/v2\/posts\/25539\/revisions\/25543"}],"wp:featuredmedia":[{"embeddable":true,"href":"https:\/\/laverdadpublica.com\/index.php\/wp-json\/wp\/v2\/media\/25540"}],"wp:attachment":[{"href":"https:\/\/laverdadpublica.com\/index.php\/wp-json\/wp\/v2\/media?parent=25539"}],"wp:term":[{"taxonomy":"category","embeddable":true,"href":"https:\/\/laverdadpublica.com\/index.php\/wp-json\/wp\/v2\/categories?post=25539"},{"taxonomy":"post_tag","embeddable":true,"href":"https:\/\/laverdadpublica.com\/index.php\/wp-json\/wp\/v2\/tags?post=25539"}],"curies":[{"name":"wp","href":"https:\/\/api.w.org\/{rel}","templated":true}]}}