{"id":25562,"date":"2024-09-08T04:20:11","date_gmt":"2024-09-08T04:20:11","guid":{"rendered":"https:\/\/laverdadpublica.com\/?p=25562"},"modified":"2024-09-08T04:20:11","modified_gmt":"2024-09-08T04:20:11","slug":"primer-mandatario-dispone-inicio-de-operativo-conjunto-de-seguridad-ciudadana-en-santo-domingo-y-el-d-n","status":"publish","type":"post","link":"https:\/\/laverdadpublica.com\/index.php\/2024\/09\/08\/primer-mandatario-dispone-inicio-de-operativo-conjunto-de-seguridad-ciudadana-en-santo-domingo-y-el-d-n\/","title":{"rendered":"Primer Mandatario dispone inicio de operativo conjunto de seguridad ciudadana en Santo Domingo y el D.N."},"content":{"rendered":"<p style=\"text-align: justify;\">Por Felix Rubio<\/p>\n<p style=\"text-align: justify;\">El excelent\u00edsimo se\u00f1or presidente constitucional de la Rep\u00fablica, Luis Abinader Corona, autoridad suprema de las FF.AA. y la P.N., a trav\u00e9s del Ministerio de Interior y Polic\u00eda, encabezado por la ministra Faride Raful, y el Ministerio de Defensa, dispuso el inicio del operativo <strong><em>\u00abIntervenci\u00f3n Conjunta y Coordinada de Sectores Priorizados del Distrito Nacional\u00bb,<\/em><\/strong> que se lleva a cabo en los puntos cr\u00edticos, seg\u00fan el mapa de calor del Gran Santo Domingo y el Distrito Nacional.<\/p>\n<p style=\"text-align: justify;\">El Ministerio de Defensa, a trav\u00e9s del Comando Conjunto Unificado de las FF.AA., en apoyo a la Polic\u00eda Nacional, interviene mediante el desarrollo de operaciones conjuntas interagenciales, que incluyen patrullajes preventivos en las \u00e1reas de mayor inter\u00e9s e incidencia delictiva, con la finalidad de prevenir la materializaci\u00f3n de delitos comunes y garantizar la seguridad de toda la ciudadan\u00eda.<\/p>\n<p style=\"text-align: justify;\">La ministra Faride Raful, acompa\u00f1ada del mayor general Ram\u00f3n Antonio Guzm\u00e1n Peralta, P.N., director general de la Polic\u00eda Nacional, y del mayor general piloto Floreal Su\u00e1rez Mart\u00ednez, FARD, comandante general de la Fuerza A\u00e9rea de Rep\u00fablica Dominicana, encabez\u00f3 el acto inaugural del operativo en sectores como Villa Juana, Ensanche La Fe, Villas Agr\u00edcolas y Cristo Rey.<\/p>\n<p style=\"text-align: justify;\">El mayor general Su\u00e1rez Mart\u00ednez, FARD, en calidad de comandante del Comando Conjunto Unificado de las Fuerzas Armadas, destac\u00f3 que, bajo las directrices del se\u00f1or ministro de Defensa, teniente general Carlos Fern\u00e1ndez Onofre, ERD, la misi\u00f3n es contribuir al mantenimiento de la seguridad y el bienestar de la ciudadan\u00eda, en apoyo a las pol\u00edticas estatales.<\/p>\n<p style=\"text-align: justify;\">Al finalizar el acto, la ministra Raful inst\u00f3 a los miembros de las fuerzas del orden a hacer cumplir las leyes y preservar el orden constitucional, invitando a la poblaci\u00f3n a cooperar activamente con las autoridades para garantizar la seguridad en las zonas intervenidas.<\/p>\n<p>&nbsp;<\/p>\n<p>Fuente: Informaciones A Nivel<\/p>\n<p>&nbsp;<\/p>\n<p>&nbsp;<\/p>\n<p>&nbsp;<\/p>\n","protected":false},"excerpt":{"rendered":"<p>Por Felix Rubio El excelent\u00edsimo se\u00f1or presidente constitucional de la Rep\u00fablica, Luis Abinader Corona, autoridad<\/p>\n","protected":false},"author":1,"featured_media":25563,"comment_status":"open","ping_status":"open","sticky":false,"template":"","format":"standard","meta":{"footnotes":""},"categories":[7],"tags":[],"class_list":["post-25562","post","type-post","status-publish","format-standard","has-post-thumbnail","hentry","category-nacionales"],"_links":{"self":[{"href":"https:\/\/laverdadpublica.com\/index.php\/wp-json\/wp\/v2\/posts\/25562","targetHints":{"allow":["GET"]}}],"collection":[{"href":"https:\/\/laverdadpublica.com\/index.php\/wp-json\/wp\/v2\/posts"}],"about":[{"href":"https:\/\/laverdadpublica.com\/index.php\/wp-json\/wp\/v2\/types\/post"}],"author":[{"embeddable":true,"href":"https:\/\/laverdadpublica.com\/index.php\/wp-json\/wp\/v2\/users\/1"}],"replies":[{"embeddable":true,"href":"https:\/\/laverdadpublica.com\/index.php\/wp-json\/wp\/v2\/comments?post=25562"}],"version-history":[{"count":1,"href":"https:\/\/laverdadpublica.com\/index.php\/wp-json\/wp\/v2\/posts\/25562\/revisions"}],"predecessor-version":[{"id":25564,"href":"https:\/\/laverdadpublica.com\/index.php\/wp-json\/wp\/v2\/posts\/25562\/revisions\/25564"}],"wp:featuredmedia":[{"embeddable":true,"href":"https:\/\/laverdadpublica.com\/index.php\/wp-json\/wp\/v2\/media\/25563"}],"wp:attachment":[{"href":"https:\/\/laverdadpublica.com\/index.php\/wp-json\/wp\/v2\/media?parent=25562"}],"wp:term":[{"taxonomy":"category","embeddable":true,"href":"https:\/\/laverdadpublica.com\/index.php\/wp-json\/wp\/v2\/categories?post=25562"},{"taxonomy":"post_tag","embeddable":true,"href":"https:\/\/laverdadpublica.com\/index.php\/wp-json\/wp\/v2\/tags?post=25562"}],"curies":[{"name":"wp","href":"https:\/\/api.w.org\/{rel}","templated":true}]}}